{"id":77453,"date":"2023-02-19T11:52:55","date_gmt":"2023-02-19T14:52:55","guid":{"rendered":"http:\/\/portalcatolico.net\/portal\/?p=77453"},"modified":"2023-02-19T11:52:55","modified_gmt":"2023-02-19T14:52:55","slug":"romaria-reune-mais-de-70-mil-devotos-no-santuario-de-aparecida-sp","status":"publish","type":"post","link":"https:\/\/portalcatolico.net\/portal\/romaria-reune-mais-de-70-mil-devotos-no-santuario-de-aparecida-sp\/","title":{"rendered":"Romaria re\u00fane mais de 70 mil devotos no Santu\u00e1rio de Aparecida (SP)"},"content":{"rendered":"<p><i>Ter\u00e7o dos Homens teve n\u00famero expressivo de fi\u00e9is, em primeira edi\u00e7\u00e3o p\u00f3s-pandemia<\/i><\/p>\n<div>\n<p>Por L\u00eddia Tostes<\/p>\n<\/div>\n<div>A&nbsp;<b>15\u00aa Romaria Nacional do Ter\u00e7o dos Homens reuniu mais de 70 mil devotos no Santu\u00e1rio de Aparecida<\/b>&nbsp;(SP), durante o \u00faltimo fim de semana. A programa\u00e7\u00e3o contou com missas, ora\u00e7\u00e3o do Ter\u00e7o, Consagra\u00e7\u00e3o \u00e0 Nossa Senhora e show musical, entre 10 e 12 de fevereiro, para acolher os milhares de romeiros de todo o Brasil.<\/p>\n<p>Esta \u00e9 a maior romaria organizada, anualmente, pelo Santu\u00e1rio Nacional. Depois de dois anos, o encontro retomou ao seu formato original. Em 2021, a Romaria foi realizada apenas de maneira virtual, devido \u00e0 Pandemia de COVID-19. Em 2022, ainda com restri\u00e7\u00f5es, alguns devotos estiveram presentes. A edi\u00e7\u00e3o de 2023 marca a retomada dos peregrinos \u00e0 Bas\u00edlica de Aparecida.<\/p>\n<p>\u201c<i>N\u00f3s tivemos um n\u00famero bastante expressivo de uma participa\u00e7\u00e3o f\u00edsica dos homens aqui no Santu\u00e1rio Nacional: em torno de 70 mil homens. Para n\u00f3s, \u00e9 um sinal de muita alegria e esperan\u00e7a de uma retomada bastante motivada, com as atividades do movimento<\/i>\u201d, comenta o Prefeito de Igreja do Santu\u00e1rio Nacional, padre Diego Ant\u00f4nio da Silva.<\/p>\n<p>De acordo com o Reitor do Santu\u00e1rio Nacional, padre Eduardo Catalfo, \u201c<i>n\u00e3o \u00e9 s\u00f3 uma romaria numerosa, essa n\u00e3o \u00e9 nem a \u00fanica, nem a principal caracter\u00edstica da Romaria do Ter\u00e7o dos Homens. Sobretudo, \u00e9 uma romaria muito orante\u201d.&nbsp;<\/i>O padre reitor complementa que<i>&nbsp;\u201cdurante esses dias, notamos a presen\u00e7a de muitas crian\u00e7as e jovens, \u00e9 a alegria da perseveran\u00e7a do que vem para o futuro do Ter\u00e7o dos Homens\u201d<\/i>.<\/p>\n<p>No domingo, \u00faltimo dia do encontro, na Missa de Envio da Romaria, o bispo referencial do Ter\u00e7o dos Homens e Arcebispo da Arquidiocese de Juiz de Fora (MG), Dom Gil Ant\u00f4nio Moreira, aproveitou para anunciar a pr\u00f3xima data do evento.<\/p>\n<p>\u201c<i>Quero comunicar uma grande alegria, para rezarmos especialmente nesta inten\u00e7\u00e3o. A data da nossa&nbsp;<b>16\u00aa Romaria do Ter\u00e7o dos Homens ao Santu\u00e1rio de Aparecida ser\u00e1 nos dias 23, 24 e 25 de fevereiro de 2024<\/b><\/i>\u201d.<\/p>\n<p><b>Ter\u00e7o das Mulheres<\/b><\/p>\n<p>Muitas mulheres tamb\u00e9m estiveram presentes no evento, acompanhando seus familiares. E, em mar\u00e7o, o Santu\u00e1rio Nacional acolher\u00e1, tamb\u00e9m, a&nbsp;<b>10\u00aa Romaria Nacional do Ter\u00e7o das Mulheres<\/b>.<\/p>\n<p>\u201c<i>A gente quer tamb\u00e9m que daqui a um m\u00eas,&nbsp;<b>nos dias 10, 11 e 12 de mar\u00e7o<\/b>, as mulheres venham com o carinho feminino, com a ternura de m\u00e3e, rezar pelos seus filhos e por suas fam\u00edlias. Voc\u00ea m\u00e3e, voc\u00ea mulher, voc\u00ea que reza o ter\u00e7o, \u00e9 convidada a participar desta grande, colorida, perfumada e feliz romaria na Casa da M\u00e3e Aparecida<\/i>\u201d, ressalta Catalfo.<\/p>\n<p>A programa\u00e7\u00e3o da 10\u00aa Romaria Nacional do Ter\u00e7o das Mulheres ser\u00e1 divulgada em breve. As inscri\u00e7\u00f5es para participar j\u00e1 est\u00e3o dispon\u00edveis em a12.com\/tercodasmulheres.<\/p><\/div>\n<div>&nbsp;<\/div>\n","protected":false},"excerpt":{"rendered":"<p>Ter\u00e7o dos Homens teve n\u00famero expressivo de fi\u00e9is, em primeira edi\u00e7\u00e3o p\u00f3s-pandemia Por L\u00eddia Tostes A&nbsp;15\u00aa Romaria Nacional do Ter\u00e7o dos Homens reuniu mais de 70 mil devotos no Santu\u00e1rio de Aparecida&nbsp;(SP), durante o \u00faltimo fim de semana. A programa\u00e7\u00e3o contou com missas, ora\u00e7\u00e3o do Ter\u00e7o, Consagra\u00e7\u00e3o \u00e0 Nossa Senhora e show musical, entre 10&nbsp;<\/p>\n<p><a class=\"btn btn-style\" href=\"https:\/\/portalcatolico.net\/portal\/romaria-reune-mais-de-70-mil-devotos-no-santuario-de-aparecida-sp\/\">Continue Reading<\/a><\/p>\n","protected":false},"author":2,"featured_media":77454,"comment_status":"open","ping_status":"open","sticky":false,"template":"","format":"standard","meta":{"footnotes":""},"categories":[3],"tags":[],"class_list":["post-77453","post","type-post","status-publish","format-standard","has-post-thumbnail","hentry","category-noticias_regionais"],"_links":{"self":[{"href":"https:\/\/portalcatolico.net\/portal\/wp-json\/wp\/v2\/posts\/77453","targetHints":{"allow":["GET"]}}],"collection":[{"href":"https:\/\/portalcatolico.net\/portal\/wp-json\/wp\/v2\/posts"}],"about":[{"href":"https:\/\/portalcatolico.net\/portal\/wp-json\/wp\/v2\/types\/post"}],"author":[{"embeddable":true,"href":"https:\/\/portalcatolico.net\/portal\/wp-json\/wp\/v2\/users\/2"}],"replies":[{"embeddable":true,"href":"https:\/\/portalcatolico.net\/portal\/wp-json\/wp\/v2\/comments?post=77453"}],"version-history":[{"count":1,"href":"https:\/\/portalcatolico.net\/portal\/wp-json\/wp\/v2\/posts\/77453\/revisions"}],"predecessor-version":[{"id":77455,"href":"https:\/\/portalcatolico.net\/portal\/wp-json\/wp\/v2\/posts\/77453\/revisions\/77455"}],"wp:featuredmedia":[{"embeddable":true,"href":"https:\/\/portalcatolico.net\/portal\/wp-json\/wp\/v2\/media\/77454"}],"wp:attachment":[{"href":"https:\/\/portalcatolico.net\/portal\/wp-json\/wp\/v2\/media?parent=77453"}],"wp:term":[{"taxonomy":"category","embeddable":true,"href":"https:\/\/portalcatolico.net\/portal\/wp-json\/wp\/v2\/categories?post=77453"},{"taxonomy":"post_tag","embeddable":true,"href":"https:\/\/portalcatolico.net\/portal\/wp-json\/wp\/v2\/tags?post=77453"}],"curies":[{"name":"wp","href":"https:\/\/api.w.org\/{rel}","templated":true}]}}