{"id":77162,"date":"2022-12-31T13:17:31","date_gmt":"2022-12-31T16:17:31","guid":{"rendered":"http:\/\/portalcatolico.net\/portal\/?p=77162"},"modified":"2022-12-31T13:20:47","modified_gmt":"2022-12-31T16:20:47","slug":"o-legados-do-papa-bento-xvi-falecido-neste-sabado-31-de-dezembro","status":"publish","type":"post","link":"https:\/\/portalcatolico.net\/portal\/o-legados-do-papa-bento-xvi-falecido-neste-sabado-31-de-dezembro\/","title":{"rendered":"O LEGADOS DO PAPA BENTO XVI, FALECIDO NESTE S\u00c1BADO 31 DE DEZEMBRO de 2022"},"content":{"rendered":"<p class=\"elementor-heading-title elementor-size-default\"><strong>DOM ANTONIO LUIZ CATELAN FERREIRA RECORDA LEGADOS DO PAPA BENTO XVI, FALECIDO NESTE S\u00c1BADO 31 DE DEZEMBRO<\/strong><\/p>\n<p>O bispo auxiliar da arquidiocese do Rio de Janeiro, dom Antonio Luiz Catelan Ferreira, destacou, em entrevista, os v\u00e1rios legados do Papa em\u00e9rito Bento XVI, falecido aos 95 anos, neste s\u00e1bado 31 de dezembro de 2022. Ele fala tamb\u00e9m da possibilidade que teve de encontra-lo v\u00e1rias vezes ap\u00f3s a ren\u00fancia e da influ\u00eancia em seu minist\u00e9rio.<\/p>\n<h3>O te\u00f3logo Joseph Ratzinger<\/h3>\n<p>Antes do papado, o principal legado \u00e9 o teol\u00f3gico, somado um legado de colabora\u00e7\u00e3o com o pontificado de S\u00e3o Jo\u00e3o Paulo II.&nbsp;A produ\u00e7\u00e3o teol\u00f3gica de Joseph Ratzinger, a cole\u00e7\u00e3o de artigos, livros e confer\u00eancias, soma 16 volumes em alem\u00e3o de suas obras completas. No total, s\u00e3o 21 volumes, com m\u00e9dia entre 700 e 800 p\u00e1ginas. \u201c<span class=\"TextRun SCXW149439128 BCX0\" lang=\"PT-BR\" xml:lang=\"PT-BR\" data-contrast=\"auto\"><span class=\"NormalTextRun SCXW149439128 BCX0\">S\u00f3 considerando o volume da publica\u00e7\u00e3o ele fica, de alguma maneira, associado aos grandes te\u00f3logos da hist\u00f3ria\u201d, afirma o bispo.<\/span><\/span><\/p>\n<p>E o conte\u00fado dessas publica\u00e7\u00f5es abrange v\u00e1rios aspectos da Teologia. Segundo dom Catelan, os grandes temas dele giram em torno de Santo Agostinho, S\u00e3o Boaventura e o Conc\u00edlio Vaticano II, principalmente a eclesiologia. \u201cEmbora ele tenha sido professor mais de teologia fundamental, a eclesiologia \u00e9 um grande destaque e, por fim, a grande obra dele, em tr\u00eas volumes, que \u00e9 \u201cJesus de Nazar\u00e9\u201c, no \u00e2mbito da Cristologia\u201d.<\/p>\n<blockquote><p>\u201cMarcas muito importantes e deixam um legado teol\u00f3gico de grande envergadura. Ele \u00e9, dos te\u00f3logos do S\u00e9culo XX e do S\u00e9culo XXI, considerado entre os maiores. Ele se p\u00f5e num n\u00edvel de Santo Agostinho, Santo Tom\u00e1s. Ele tem aspectos verdadeiramente inovadores na teologia dele\u201d, afirma o bispo.<\/p><\/blockquote>\n<h3>Colabora\u00e7\u00e3o na Santa S\u00e9<\/h3>\n<p><img decoding=\"async\" class=\"alignleft\" src=\"http:\/\/4.bp.blogspot.com\/_FgFebijkWGw\/SdS5-9giRAI\/AAAAAAAAAUs\/ghfuDKrK7R8\/s400\/homem_que_se_segue.jpg\">A partir de 1981, foi prefeito da Congrega\u00e7\u00e3o para a Doutrina da F\u00e9, a convite do Papa Jo\u00e3o Paulo II. Ali, segundo dom Antonio Catelan, o cardeal Ratzinger sempre tomou dois cuidados na condu\u00e7\u00e3o da congrega\u00e7\u00e3o. Um em utilizar o m\u00e9todo que hoje \u00e9 chamado de \u2018m\u00e9todo sinodal\u2019, \u201cque s\u00e3o coisas decidas em plen\u00e1rio, em reuni\u00e3o, textos que t\u00eam natureza coletiva\u201d. E o outro era de que as publica\u00e7\u00f5es da Congrega\u00e7\u00e3o para a Doutrina da F\u00e9 n\u00e3o exprimissem a teologia pessoal dele, mas exprimissem oficialmente a convic\u00e7\u00e3o do organismo, da Congrega\u00e7\u00e3o.<\/p>\n<blockquote><p>\u201cExemplo s\u00e3o as duas instru\u00e7\u00f5es que assinou sobre a Teologia da Liberta\u00e7\u00e3o, ali n\u00e3o s\u00e3o artigos dele, s\u00e3o parte do magist\u00e9rio de S\u00e3o Jo\u00e3o Paulo II\u201d, refor\u00e7a o bispo.&nbsp;<span data-ccp-props=\"{&quot;201341983&quot;:0,&quot;335559739&quot;:160,&quot;335559740&quot;:259}\">&nbsp;<\/span><\/p><\/blockquote>\n<h3>Continuidade como Papa<\/h3>\n<p>Eleito Papa em 19 de abril de 2005, para suceder a Jo\u00e3o Paulo II, teve como um dos legados a continuidade. Foi \u201cuma Papa de reforma, na continuidade\u201d, afirmou dom Catelan. \u201cA continuidade com quest\u00f5es do pontificado de S\u00e3o Jo\u00e3o Paulo II \u00e9 bem clara\u201d, segundo o bispo, como, por exemplo, o tema da santidade e o combate \u00e0 viol\u00eancia sexual contra menores, tem\u00e1tica sobre a qual \u201cRatzinger se mostrava insatisfeito com a legisla\u00e7\u00e3o vigente, colaborou para promover um in\u00edcio de modifica\u00e7\u00e3o da legisla\u00e7\u00e3o, ainda no pontificado de S\u00e3o Jo\u00e3o Paulo II e depois ele mesmo promoveu mudan\u00e7as extremamente significativas\u201d.<\/p>\n<p>Mas o grande tema do pontificado de Bento XVI \u00e9 o tema do encontro com Cristo, ressalta dom Catelan.<\/p>\n<blockquote><p>\u201cO n\u00famero 1 da sua primeira enc\u00edclica, Deus Caritas est, que no in\u00edcio do tornar-se crist\u00e3o, do ser crist\u00e3o, n\u00e3o existe um conjunto de normas, de regras ou de princ\u00edpios abstratos, te\u00f3ricos. O que existe \u00e9 um acontecimento, uma pessoa, Jesus Cristo. Inclusive Papa Francisco cita esse n\u00famero muitas vezes. E no grande documento do magist\u00e9rio de Francisco que \u00e9 Evangelii Gaudium ele n\u00e3o apenas cita, mas comenta\u201d, destaca.<\/p><\/blockquote>\n<p>Inclusive, h\u00e1 uma continuidade desse tema no pontificado de Francisco. \u201cO Querigma (an\u00fancio de Jesus Cristo e convite ao encontro) est\u00e1 presente em todos os documentos de Francisco.<span data-ccp-props=\"{&quot;201341983&quot;:0,&quot;335559739&quot;:160,&quot;335559740&quot;:259}\">&nbsp;Todas as quest\u00f5es sociais do pontificado de Francisco s\u00e3o enfocadas a partir desse tema. Nesse ponto, verdadeira continuidade entre magist\u00e9rio de Bento e de Franc<\/span>isco. Com sensibilidades diferentes, com estilos diferentes, hist\u00f3rias, trajet\u00f3rias pessoais diferentes, mas a ess\u00eancia aqui, tanto do pontificado de Francisco quanto de Bento \u00e9 o tema do encontro com Cristo e da partilha da alegria que esse encontro produz\u201d, afirma dom Antonio.<\/p>\n<p>Ainda como Papa, Bento XVI visitou o Brasil, em 2007, para participar da V Confer\u00eancia do Episcopado Latino Americano e Caribenho, em Aparecida (SP). Naquela ocasi\u00e3o, abordou tamb\u00e9m o tema do encontro com Cristo, que foi marcante no Documento ainda atual para a Igreja e cujo coordenador da equipe de reda\u00e7\u00e3o foi o cardeal Bergoglio, hoje Papa Francisco.<\/p>\n<blockquote><p><span data-contrast=\"auto\">\u201cO documento de Aparecida se baseia fundamentalmente no magist\u00e9rio de Bento XVI para essa tem\u00e1tica\u201d, observa dom Ant\u00f4nio Catelan.<\/span><\/p><\/blockquote>\n<p><img loading=\"lazy\" decoding=\"async\" class=\"aligncenter size-full wp-image-916170\" src=\"https:\/\/eadn-wc02-718006.nxedge.io\/cdn\/wp-content\/uploads\/2022\/06\/Bento-XVI-Aparecida.png\" sizes=\"auto, (max-width: 852px) 100vw, 852px\" srcset=\"https:\/\/eadn-wc02-718006.nxedge.io\/cdn\/wp-content\/uploads\/2022\/06\/Bento-XVI-Aparecida.png 852w, https:\/\/eadn-wc02-718006.nxedge.io\/cdn\/wp-content\/uploads\/2022\/06\/Bento-XVI-Aparecida-300x168.png 300w, https:\/\/eadn-wc02-718006.nxedge.io\/cdn\/wp-content\/uploads\/2022\/06\/Bento-XVI-Aparecida-768x431.png 768w, https:\/\/eadn-wc02-718006.nxedge.io\/cdn\/wp-content\/uploads\/2022\/06\/Bento-XVI-Aparecida-500x281.png 500w\" alt=\"\" width=\"852\" height=\"478\"><\/p>\n<p>&nbsp;<\/p>\n<p>&nbsp;<\/p>\n<h3>Rela\u00e7\u00e3o com o Papa Francisco<\/h3>\n<p>Perguntado sobre a rela\u00e7\u00e3o com o Papa Francisco, de quem sempre recebeu um tratamento de carinho e respeito fraterno e at\u00e9 filial, dom Antonio Catelan lamenta a abordagem da figura de Bento XVI pela m\u00eddia.<\/p>\n<blockquote><p>\u201cPrimeiramente, a respeito da imagem de Ratzinger, Bento XVI, na m\u00eddia Internacional, sempre foi mais uma caricatura do que uma imagem real da pessoa dele: uma imagem de uma pessoa intransigente, a imagem de uma pessoa fechada, de uma pessoa dura, de uma pessoa, \u00e0s vezes at\u00e9 agressiva, chamavam-no de \u201ccardeal tanque de guerra\u201d. Sobretudo porque tem posi\u00e7\u00f5es contr\u00e1rias a uma agenda mais liberal. As posi\u00e7\u00f5es dele a respeito do aborto, as posi\u00e7\u00f5es dele a respeito do papel da religi\u00e3o expl\u00edcita dentro de processos democr\u00e1ticos\u201d, lembrou.<\/p><\/blockquote>\n<p>E continua:<\/p>\n<blockquote><p>\u201cE o filme \u201cOs 2 papas\u201d n\u00e3o fez, se n\u00e3o, cristalizar esse clich\u00ea. \u2018Os 2 papas\u2019, quem os conhece de perto, n\u00e3o correspondem \u00e0s duas imagens que o filme apresenta. O filme \u00e9 sobre os clich\u00eas, n\u00e3o \u00e9 sobre as pessoas. Mas terminou, de um certo modo, muitas pessoas ficaram entusiasmadas com o filme e tomam aquelas duas imagens como, mas quem conhece Bento sabe, por exemplo, que ele n\u00e3o levanta a voz, que quando reuni\u00f5es que ele dirigia se tornavam tensas, ele resenhava as v\u00e1rias posi\u00e7\u00f5es que se chegou at\u00e9 aquele momento e encerrava a reuni\u00e3o dizendo \u2018Agora, com base nisso, e as posi\u00e7\u00f5es que aqui se manifestaram, n\u00f3s vamos refletir, vamos nos reunir novamente em outra ocasi\u00e3o\u2019, e ent\u00e3o ele evitava que as situa\u00e7\u00f5es degenerassem em conflito. [\u2026]Ent\u00e3o, at\u00e9 n\u00e3o sei nem como qualificar, como \u00e9 que pode uma pessoa t\u00e3o doce no trato, t\u00e3o af\u00e1vel no trato, terminar tendo a imagem p\u00fablica caracterizada como algu\u00e9m duro\u201d.<\/p><\/blockquote>\n<h3>Ren\u00fancia e o sustento \u00e0 Igreja no sil\u00eancio<\/h3>\n<p>Para Catelan, a ren\u00fancia foi um gesto de muita grandeza. \u201cN\u00e3o \u00e9 f\u00e1cil uma pessoa renunciar uma fun\u00e7\u00e3o vital\u00edcia. N\u00e3o \u00e9 algo simples, sobretudo depois de S\u00e3o Jo\u00e3o Paulo II que deu aos \u00faltimos anos do pontificado, onde ele estava muito reduzido na sua atua\u00e7\u00e3o pessoal, aquele significado espiritual, m\u00edstico, de comunh\u00e3o na Cruz com Cristo. Ent\u00e3o, Bento, ao tomar essa decis\u00e3o, ele sabia que seria comparado a S\u00e3o Jo\u00e3o Paulo II e que n\u00e3o seria simples de ser compreendido\u201d.<\/p>\n<blockquote><p>\u201cMas \u00e9 exatamente um gesto de uma grande pessoa que sabe que havia necessidade de algu\u00e9m com mais vigor do que ele dispunha naquele momento para enfrentar as tarefas que aquele Minist\u00e9rio implicava\u201d, analisou.<\/p><\/blockquote>\n<p>E Bento XVI escolheu o sil\u00eancio. Dom Antonio Luiz Catelan lembra que poucas vezes ele veio a p\u00fablico depois da ren\u00fancia para abordar algum tema, mesmo tendo o Papa Francisco o deixado livre para que ele pudesse dar confer\u00eancias e realizar suas atividades. \u201cMesmo em pontos em que, por exemplo, a opini\u00e3o de ambos poderia ser um pouco diferente, eu nem saberia citar exemplos aqui [\u2026] em que a opini\u00e3o de ambos seja t\u00e3o diferente assim, mas nunca houve conflito pessoal entre eles de modo nenhum\u201d, comenta.<\/p>\n<blockquote><p>\u201cBento sempre foi respeitoso com o Minist\u00e9rio de Francisco, prestou sempre a devida obedi\u00eancia de um fiel ao Papa, e Papa Francisco sempre valorizou a posi\u00e7\u00e3o orante de Bento XVI. E ainda nessa \u00faltima fala, comentou que Bento ajuda a sustentar a igreja com sua ora\u00e7\u00e3o. A ora\u00e7\u00e3o de intercess\u00e3o que \u00e9 t\u00e3o querida pelo Papa Francisco e que ele em v\u00e1rias ocasi\u00f5es ele recomenda que pratiquemos a ora\u00e7\u00e3o de intercess\u00e3o. \u00c9 um verdadeiro marco da dimens\u00e3o contemplativa da Igreja, da dimens\u00e3o orante da Igreja que Bento XVI, por quase 10 anos, de dimens\u00e3o contemplativa, do exerc\u00edcio da sua fun\u00e7\u00e3o de Papa em\u00e9rito, evidentemente\u201d.<\/p><\/blockquote>\n<h3>Proximidade e inspira\u00e7\u00e3o<\/h3>\n<p>Assessor da CNBB por v\u00e1rios anos e tamb\u00e9m com colabora\u00e7\u00f5es na c\u00faria romana, dom Catelan tem proximidade com Bento XVI e nutre grande admira\u00e7\u00e3o pelo Papa em\u00e9rito.<\/p>\n<blockquote><p>\u201cNesse per\u00edodo do emeritato dele, eu tive a oportunidade de me encontrar por 12 vezes com ele. Algumas vezes, assim, para ora\u00e7\u00e3o, para o Ter\u00e7o, ou logo ap\u00f3s o Ter\u00e7o para um di\u00e1logo; tive possibilidade de concelebrar com ele a Santa missa. Ent\u00e3o, eu conto isso como uma gra\u00e7a de Deus na minha vida, essa possibilidade que eu tive. Mas de conhec\u00ea-lo de perto e de ser conhecido por ele, porque quando eu chegava ali, se lembrava de mim e perguntava de coisas bem espec\u00edficas daqui, ent\u00e3o \u00e9 uma grande gra\u00e7a\u201d, conta.<\/p><\/blockquote>\n<div id=\"gallery-1\" class=\"gallery galleryid-935792 gallery-columns-3 gallery-size-medium\">\n<figure class=\"gallery-item\">\n<div class=\"gallery-icon landscape\"><img loading=\"lazy\" decoding=\"async\" class=\"attachment-medium size-medium\" src=\"https:\/\/eadn-wc02-718006.nxedge.io\/cdn\/wp-content\/uploads\/2022\/12\/Catelan-e-Papa-Bento-XVI-4-300x297.jpeg\" sizes=\"auto, (max-width: 300px) 100vw, 300px\" srcset=\"https:\/\/eadn-wc02-718006.nxedge.io\/cdn\/wp-content\/uploads\/2022\/12\/Catelan-e-Papa-Bento-XVI-4-300x297.jpeg 300w, https:\/\/eadn-wc02-718006.nxedge.io\/cdn\/wp-content\/uploads\/2022\/12\/Catelan-e-Papa-Bento-XVI-4-1024x1013.jpeg 1024w, https:\/\/eadn-wc02-718006.nxedge.io\/cdn\/wp-content\/uploads\/2022\/12\/Catelan-e-Papa-Bento-XVI-4-150x150.jpeg 150w, https:\/\/eadn-wc02-718006.nxedge.io\/cdn\/wp-content\/uploads\/2022\/12\/Catelan-e-Papa-Bento-XVI-4-768x759.jpeg 768w, https:\/\/eadn-wc02-718006.nxedge.io\/cdn\/wp-content\/uploads\/2022\/12\/Catelan-e-Papa-Bento-XVI-4-500x494.jpeg 500w, https:\/\/eadn-wc02-718006.nxedge.io\/cdn\/wp-content\/uploads\/2022\/12\/Catelan-e-Papa-Bento-XVI-4.jpeg 1080w\" alt=\"\" width=\"300\" height=\"297\"><\/div>\n<\/figure>\n<figure class=\"gallery-item\">\n<div class=\"gallery-icon landscape\"><img loading=\"lazy\" decoding=\"async\" class=\"attachment-medium size-medium\" src=\"https:\/\/eadn-wc02-718006.nxedge.io\/cdn\/wp-content\/uploads\/2022\/12\/Catelan-e-Papa-Bento-XVI-2-300x225.jpeg\" sizes=\"auto, (max-width: 300px) 100vw, 300px\" srcset=\"https:\/\/eadn-wc02-718006.nxedge.io\/cdn\/wp-content\/uploads\/2022\/12\/Catelan-e-Papa-Bento-XVI-2-300x225.jpeg 300w, https:\/\/eadn-wc02-718006.nxedge.io\/cdn\/wp-content\/uploads\/2022\/12\/Catelan-e-Papa-Bento-XVI-2-1024x768.jpeg 1024w, https:\/\/eadn-wc02-718006.nxedge.io\/cdn\/wp-content\/uploads\/2022\/12\/Catelan-e-Papa-Bento-XVI-2-768x576.jpeg 768w, https:\/\/eadn-wc02-718006.nxedge.io\/cdn\/wp-content\/uploads\/2022\/12\/Catelan-e-Papa-Bento-XVI-2-1536x1152.jpeg 1536w, https:\/\/eadn-wc02-718006.nxedge.io\/cdn\/wp-content\/uploads\/2022\/12\/Catelan-e-Papa-Bento-XVI-2-500x375.jpeg 500w, https:\/\/eadn-wc02-718006.nxedge.io\/cdn\/wp-content\/uploads\/2022\/12\/Catelan-e-Papa-Bento-XVI-2-800x600.jpeg 800w, https:\/\/eadn-wc02-718006.nxedge.io\/cdn\/wp-content\/uploads\/2022\/12\/Catelan-e-Papa-Bento-XVI-2.jpeg 1600w\" alt=\"\" width=\"300\" height=\"225\"><\/div>\n<\/figure>\n<figure class=\"gallery-item\">\n<div class=\"gallery-icon portrait\"><img loading=\"lazy\" decoding=\"async\" class=\"attachment-medium size-medium\" src=\"https:\/\/eadn-wc02-718006.nxedge.io\/cdn\/wp-content\/uploads\/2022\/12\/Catelan-e-Papa-Bento-XVI-1-225x300.jpeg\" sizes=\"auto, (max-width: 225px) 100vw, 225px\" srcset=\"https:\/\/eadn-wc02-718006.nxedge.io\/cdn\/wp-content\/uploads\/2022\/12\/Catelan-e-Papa-Bento-XVI-1-225x300.jpeg 225w, https:\/\/eadn-wc02-718006.nxedge.io\/cdn\/wp-content\/uploads\/2022\/12\/Catelan-e-Papa-Bento-XVI-1-768x1024.jpeg 768w, https:\/\/eadn-wc02-718006.nxedge.io\/cdn\/wp-content\/uploads\/2022\/12\/Catelan-e-Papa-Bento-XVI-1-1152x1536.jpeg 1152w, https:\/\/eadn-wc02-718006.nxedge.io\/cdn\/wp-content\/uploads\/2022\/12\/Catelan-e-Papa-Bento-XVI-1-500x667.jpeg 500w, https:\/\/eadn-wc02-718006.nxedge.io\/cdn\/wp-content\/uploads\/2022\/12\/Catelan-e-Papa-Bento-XVI-1.jpeg 1200w\" alt=\"\" width=\"225\" height=\"300\"><\/div>\n<\/figure>\n<\/div>\n<p>O \u00faltimo encontro com Bento XVI foi em 2021: \u201cfoi em dezembro do ano passado, no dia de Nossa Senhora de Guadalupe, e ele lembrou disso, que era o dia de Nossa Senhora de Guadalupe. Eu j\u00e1 estava eleito bispo, n\u00e3o estava ainda ordenado e ele me presenteou com a Cruz peitoral dele, que eu uso em ocasi\u00f5es mais solenes, com grande alegria\u201d.<\/p>\n<p>Sobre a contribui\u00e7\u00e3o para o minist\u00e9rio, ele destaca a teol\u00f3gica, da espiritualidade e para o minist\u00e9rio. Do ponto de vista teol\u00f3gico, a contribui\u00e7\u00e3o de Ratzinger para Catelan \u201c\u00e9 de primeira grandeza\u201d.<\/p>\n<blockquote><p>\u201c\u00c9 o autor mais inspirador para mim. Inclusive, na PUC do Rio, onde eu sou bispo auxiliar e continuo como professor na PUC-Rio, tem uma C\u00e1tedra que foi fundada em 2012, a C\u00e1tedra Joseph Ratzinger, que eu presido e desenvolvo atividades, pois eu secretario a sociedade Ratzinger do Brasil, que \u00e9 presidida por dom Odilo [Scherer], e o vice-presidente \u00e9 dom Jaime Spengler, o primeiro vice-presidente da CNBB\u201d.<\/p><\/blockquote>\n<p>No campo da espiritualidade:<\/p>\n<blockquote><p>\u201cO estilo de Papa de Bento, o seu modo \u2013 tamb\u00e9m o modo de Papa Francisco \u2013 presidir a Eucaristia, com sumo respeito, presidindo a Santa Missa seguindo com fidelidade todas as rubricas, o modo de celebrar consciente de que se trata de um encontro com Cristo e de que quem preside est\u00e1 servindo a uma comunidade para que viva tamb\u00e9m esse encontro vivo com Cristo ali presente, est\u00e1 no meio de n\u00f3s como n\u00f3s dizemos aqui no Brasil, pelo menos tr\u00eas vezes durante cada missa. Ent\u00e3o, tudo isso, no estilo de Bento XVI, \u00e9 para mim, pessoalmente, uma refer\u00eancia\u201d.<\/p><\/blockquote>\n<p>No minist\u00e9rio:<\/p>\n<blockquote><p>\u201cE para o meu Minist\u00e9rio presbiteral e agora episcopal tamb\u00e9m, eu pe\u00e7o sempre a Deus a gra\u00e7a de que, no centro do Minist\u00e9rio e explicitamente, esteja esse apelo ao encontro com Cristo e a transmiss\u00e3o da f\u00e9\u201d.(CNBB)<\/p><\/blockquote>\n","protected":false},"excerpt":{"rendered":"<p>DOM ANTONIO LUIZ CATELAN FERREIRA RECORDA LEGADOS DO PAPA BENTO XVI, FALECIDO NESTE S\u00c1BADO 31 DE DEZEMBRO O bispo auxiliar da arquidiocese do Rio de Janeiro, dom Antonio Luiz Catelan Ferreira, destacou, em entrevista, os v\u00e1rios legados do Papa em\u00e9rito Bento XVI, falecido aos 95 anos, neste s\u00e1bado 31 de dezembro de 2022. Ele fala&nbsp;<\/p>\n<p><a class=\"btn btn-style\" href=\"https:\/\/portalcatolico.net\/portal\/o-legados-do-papa-bento-xvi-falecido-neste-sabado-31-de-dezembro\/\">Continue Reading<\/a><\/p>\n","protected":false},"author":2,"featured_media":77163,"comment_status":"open","ping_status":"open","sticky":false,"template":"","format":"standard","meta":{"footnotes":""},"categories":[4],"tags":[],"class_list":["post-77162","post","type-post","status-publish","format-standard","has-post-thumbnail","hentry","category-destaques"],"_links":{"self":[{"href":"https:\/\/portalcatolico.net\/portal\/wp-json\/wp\/v2\/posts\/77162","targetHints":{"allow":["GET"]}}],"collection":[{"href":"https:\/\/portalcatolico.net\/portal\/wp-json\/wp\/v2\/posts"}],"about":[{"href":"https:\/\/portalcatolico.net\/portal\/wp-json\/wp\/v2\/types\/post"}],"author":[{"embeddable":true,"href":"https:\/\/portalcatolico.net\/portal\/wp-json\/wp\/v2\/users\/2"}],"replies":[{"embeddable":true,"href":"https:\/\/portalcatolico.net\/portal\/wp-json\/wp\/v2\/comments?post=77162"}],"version-history":[{"count":3,"href":"https:\/\/portalcatolico.net\/portal\/wp-json\/wp\/v2\/posts\/77162\/revisions"}],"predecessor-version":[{"id":77166,"href":"https:\/\/portalcatolico.net\/portal\/wp-json\/wp\/v2\/posts\/77162\/revisions\/77166"}],"wp:featuredmedia":[{"embeddable":true,"href":"https:\/\/portalcatolico.net\/portal\/wp-json\/wp\/v2\/media\/77163"}],"wp:attachment":[{"href":"https:\/\/portalcatolico.net\/portal\/wp-json\/wp\/v2\/media?parent=77162"}],"wp:term":[{"taxonomy":"category","embeddable":true,"href":"https:\/\/portalcatolico.net\/portal\/wp-json\/wp\/v2\/categories?post=77162"},{"taxonomy":"post_tag","embeddable":true,"href":"https:\/\/portalcatolico.net\/portal\/wp-json\/wp\/v2\/tags?post=77162"}],"curies":[{"name":"wp","href":"https:\/\/api.w.org\/{rel}","templated":true}]}}