{"id":76302,"date":"2022-08-27T23:42:12","date_gmt":"2022-08-28T02:42:12","guid":{"rendered":"http:\/\/portalcatolico.net\/portal\/?p=76302"},"modified":"2022-08-28T20:42:45","modified_gmt":"2022-08-28T23:42:45","slug":"carta-do-xvi-congresso-fomos-testemunhas-do-quanto-a-santidade-esta-presente-na-vida-das-familias","status":"publish","type":"post","link":"https:\/\/portalcatolico.net\/portal\/carta-do-xvi-congresso-fomos-testemunhas-do-quanto-a-santidade-esta-presente-na-vida-das-familias\/","title":{"rendered":"Carta do XVI Congresso: fomos testemunhas do quanto a santidade est\u00e1 presente na vida das fam\u00edlias"},"content":{"rendered":"<div class=\"elementor-element elementor-element-4174e45 elementor-widget elementor-widget-gva_post_content\" data-id=\"4174e45\" data-element_type=\"widget\" data-widget_type=\"gva_post_content.default\">\n<div class=\"elementor-widget-container\">\n<div class=\"gva-element-gva_post_content gva-element\">\n<div class=\"post-content\">\n<p>Ao final do XVI Congresso Nacional da Pastoral Familiar, realizado em Governador Celso Ramos (SC), entre os dias 26 e 28 de agosto, foi divulgada a &#8220;Carta \u00e0s fam\u00edlias&#8221;. No texto, assinado pelo secret\u00e1rio executivo da Comiss\u00e3o Nacional da Pastoral Familiar, padre Crispim Guimar\u00e3es, os participantes afirmam que foram &#8220;testemunhas do quanto a santidade est\u00e1 presente na vida das fam\u00edlias, mesmo aqueles\/as que est\u00e3o nos altares ou a caminho, se originaram e viveram em fam\u00edlia&#8221;.<\/p>\n<p>A carta tamb\u00e9m recorda que a Comiss\u00e3o Nacional da Pastoral Familiar, em comunh\u00e3o com a Igreja Universal, sob a inspira\u00e7\u00e3o do Papa Francisco, quis continuar a aprofundar a tem\u00e1tica do Ano Fam\u00edlia Amoris Laetitia, ao escolher o tema &#8220;Amor familiar, voca\u00e7\u00e3o e caminho de santidade&#8221; e o lema &#8220;Se eu n\u00e3o tenho amor, eu nada sou&#8221; (I Cor 13, 2).<\/p>\n<p>Confira o texto na \u00edntegra:<\/p>\n<blockquote>\n<h2>Carta \u00e0s fam\u00edlias<\/h2>\n<p>Santa Catarina, terra de Santos, beatos e servos de Deus. Sua capital tem como intercessora aquela que soube \u201couvir a voz do Esp\u00edrito\u201d, com o t\u00edtulo de Nossa Senhora do Desterro. Ouvir a voz do Esp\u00edrito que fala \u00e0 Igreja, \u00e0 FAM\u00cdLIA, igreja dom\u00e9stica (cf. LG, n. 11), c\u00e9lula-mater da sociedade.<\/p>\n<p>Nos dias 26, 27 e 28 de agosto de 2022, na Arquidiocese de Florianopolis-SC, ano do X Encontro Mundial das Fam\u00edlias, celebrado de modo multic\u00eantrico e vivido efusivamente nas Igrejas Particulares, atrav\u00e9s de lives, encontros, estudos, entre outros, aconteceu o XVI Congresso Nacional das Fam\u00edlias.<\/p>\n<p>Em comunh\u00e3o com a Igreja Universal, sob a inspira\u00e7\u00e3o do Papa Francisco, que \u201csem ignorar as dificuldades que o mundo atual coloca \u00e0 vida familiar, lan\u00e7a um olhar positivo sobre elas em raz\u00e3o da certeza que a f\u00e9 traz\u201d, a Comiss\u00e3o Nacional da Pastoral Familiar, quis continuar e aprofundar o Ano&nbsp;<em>Amoris Laetitia<\/em>, escolhendo para este Congresso o tema \u201cAmor Familiar, voca\u00e7\u00e3o e caminho de santidade\u201d e o lema \u201cSe eu n\u00e3o tenho amor, eu nada sou\u201d (I Cor 13, 2).<\/p>\n<p>A Igreja deve ajudar a compreender que \u201cpara discernir o caminho \u00e0 santidade no qual est\u00e3o comprometidas as fam\u00edlias, os agentes de pastoral devem medir as mudan\u00e7as que afetam o seu cotidiano\u201d. N\u00e3o por acaso, o Documento de Aparecida, 2007, alertou sobre as r\u00e1pidas transforma\u00e7\u00f5es, chamando-as de \u201cmudan\u00e7a de \u00e9poca\u201d.<\/p>\n<p>Na Exorta\u00e7\u00e3o Apost\u00f3lica&nbsp;<em>Gaudete et Exsultate<\/em>, n. 7, sobre o chamado a Santidade no mundo atual, o Papa Francisco diz: \u201cGosto de ver a santidade no povo paciente de Deus: nos pais que criam os seus filhos com tanto amor, nos homens e mulheres que trabalham a fim de trazer o p\u00e3o para casa, nos doentes, nas consagradas idosas que continuam a sorrir. Nesta const\u00e2ncia de continuar a caminhar dia ap\u00f3s dia, vejo a santidade da Igreja militante. Esta \u00e9 muitas vezes a santidade \u00abao p\u00e9 da porta\u00bb, daqueles que vivem perto de n\u00f3s e s\u00e3o um reflexo da presen\u00e7a de Deus, ou \u2013 por outras palavras \u2013 da \u00abclasse m\u00e9dia da santidade\u00bb\u201d.<\/p>\n<p>Nestes dias fomos testemunhas do quanto a santidade est\u00e1 presente na vida das fam\u00edlias, mesmo aqueles\/as que est\u00e3o nos altares ou a caminho, se originaram e viveram em fam\u00edlia. A santidade se constr\u00f3i no v\u00ednculo que cada pessoa tem com Deus, que gera vida de comunh\u00e3o com os irm\u00e3os e os levam \u00e0 participa\u00e7\u00e3o na Igreja e na sociedade. Neste XVI Congresso Nacional das Fam\u00edlias, fomos recordados que existe uma realidade desafiadora, que exige um olhar amoroso dos pastores para com as pessoas, especialmente aquelas que est\u00e3o \u00e0 margem. Fomos recordados que o caminho de santidade se constr\u00f3i no cotidiano, como uma liturgia, que nos abre para a sinodalidade, este jeito de caminhar juntos para Deus, especialmente num mundo marcado pelas transforma\u00e7\u00f5es das novas tecnologias, que nos transportam para dentro das redes sociais e novas m\u00eddias, quase que nos tirando do contato pessoal-f\u00edsico.<\/p>\n<p>Vimos que as fam\u00edlias n\u00e3o s\u00e3o constitu\u00eddas de anjos, mas de pessoas humanas, que t\u00eam suas fragilidades e que, com elas \u00e9 poss\u00edvel crescer individualmente e em comunidade, desde que se abram para a miseric\u00f3rdia de Deus e \u00e0 acolhida m\u00fatua em casa e na Comunidade Eclesial. S\u00e3o destas fam\u00edlias que vemos brotar as voca\u00e7\u00f5es, as mais variadas.<\/p>\n<p>As DGAE, 2019-2023, n. 14, recordam que a \u201cIgreja \u00e9 m\u00e3e de cora\u00e7\u00e3o aberto, casa do Pai (EG, n. 46-47), que \u2018conclama a todos a reunirem-se na fraternidade, acolher a Palavra, celebrar os sacramentos e sair em miss\u00e3o no testemunho, na solidariedade e no claro an\u00fancio da pessoa e da mensagem de Jesus Cristo\u2019\u201d.<\/p>\n<p>Vivamos no Amor Familiar, pois \u00e9 nossa voca\u00e7\u00e3o e \u00e9 nosso caminho \u00e0 SANTIDADE.<\/p>\n<p>Florian\u00f3polis-SC, 28 de agosto de 2022.<\/p>\n<p><strong>Pe. Crispim Guimar\u00e3es dos Santos<\/strong><br \/>\nAssessor da Comiss\u00e3o Episcopal Pastoral para Vida e Fam\u00edlia\/CNBB<br \/>\nSecret\u00e1rio Executivo da Comiss\u00e3o Nacional da Pastoral Familiar<\/p><\/blockquote>\n<\/div>\n<\/div>\n<\/div>\n<\/div>\n<div class=\"elementor-element elementor-element-09e030b elementor-widget__width-auto elementor-widget elementor-widget-gva_author_name\" data-id=\"09e030b\" data-element_type=\"widget\" data-widget_type=\"gva_author_name.default\">\n<div class=\"elementor-widget-container\">\n<div class=\"gva-element-gva_author_name gva-element\">\n<div class=\"post-author-name\"><i class=\"far fa-user\"><\/i><a href=\"http:\/\/congressopastoralfamiliar.org.br\/2022\/08\/28\/carta-familias-xvi-congresso-testemunhas-santidade\/\"><strong>Congresso Pastoral Familiar<\/strong><\/a><\/div>\n<\/div>\n<\/div>\n<\/div>\n<div class=\"elementor-element elementor-element-1df3ea9 elementor-widget__width-auto elementor-widget elementor-widget-gva_post_category\" data-id=\"1df3ea9\" data-element_type=\"widget\" data-widget_type=\"gva_post_category.default\">\n<div class=\"elementor-widget-container\">\n<div class=\"gva-element-gva_post_category gva-element\">\n<div class=\"post-category\">&nbsp;<\/div>\n<\/div>\n<\/div>\n<\/div>\n","protected":false},"excerpt":{"rendered":"<p>Ao final do XVI Congresso Nacional da Pastoral Familiar, realizado em Governador Celso Ramos (SC), entre os dias 26 e 28 de agosto, foi divulgada a &#8220;Carta \u00e0s fam\u00edlias&#8221;. No texto, assinado pelo secret\u00e1rio executivo da Comiss\u00e3o Nacional da Pastoral Familiar, padre Crispim Guimar\u00e3es, os participantes afirmam que foram &#8220;testemunhas do quanto a santidade est\u00e1&nbsp;<\/p>\n<p><a class=\"btn btn-style\" href=\"https:\/\/portalcatolico.net\/portal\/carta-do-xvi-congresso-fomos-testemunhas-do-quanto-a-santidade-esta-presente-na-vida-das-familias\/\">Continue Reading<\/a><\/p>\n","protected":false},"author":2,"featured_media":76303,"comment_status":"open","ping_status":"open","sticky":false,"template":"","format":"standard","meta":{"footnotes":""},"categories":[4],"tags":[],"class_list":["post-76302","post","type-post","status-publish","format-standard","has-post-thumbnail","hentry","category-destaques"],"_links":{"self":[{"href":"https:\/\/portalcatolico.net\/portal\/wp-json\/wp\/v2\/posts\/76302","targetHints":{"allow":["GET"]}}],"collection":[{"href":"https:\/\/portalcatolico.net\/portal\/wp-json\/wp\/v2\/posts"}],"about":[{"href":"https:\/\/portalcatolico.net\/portal\/wp-json\/wp\/v2\/types\/post"}],"author":[{"embeddable":true,"href":"https:\/\/portalcatolico.net\/portal\/wp-json\/wp\/v2\/users\/2"}],"replies":[{"embeddable":true,"href":"https:\/\/portalcatolico.net\/portal\/wp-json\/wp\/v2\/comments?post=76302"}],"version-history":[{"count":1,"href":"https:\/\/portalcatolico.net\/portal\/wp-json\/wp\/v2\/posts\/76302\/revisions"}],"predecessor-version":[{"id":76304,"href":"https:\/\/portalcatolico.net\/portal\/wp-json\/wp\/v2\/posts\/76302\/revisions\/76304"}],"wp:featuredmedia":[{"embeddable":true,"href":"https:\/\/portalcatolico.net\/portal\/wp-json\/wp\/v2\/media\/76303"}],"wp:attachment":[{"href":"https:\/\/portalcatolico.net\/portal\/wp-json\/wp\/v2\/media?parent=76302"}],"wp:term":[{"taxonomy":"category","embeddable":true,"href":"https:\/\/portalcatolico.net\/portal\/wp-json\/wp\/v2\/categories?post=76302"},{"taxonomy":"post_tag","embeddable":true,"href":"https:\/\/portalcatolico.net\/portal\/wp-json\/wp\/v2\/tags?post=76302"}],"curies":[{"name":"wp","href":"https:\/\/api.w.org\/{rel}","templated":true}]}}