{"id":76299,"date":"2022-08-28T20:32:43","date_gmt":"2022-08-28T23:32:43","guid":{"rendered":"http:\/\/portalcatolico.net\/portal\/?p=76299"},"modified":"2022-08-28T20:32:43","modified_gmt":"2022-08-28T23:32:43","slug":"joao-pessoa-pb-sera-a-sede-do-proximo-congresso-nacional-da-pastoral-familiar-em-2025","status":"publish","type":"post","link":"https:\/\/portalcatolico.net\/portal\/joao-pessoa-pb-sera-a-sede-do-proximo-congresso-nacional-da-pastoral-familiar-em-2025\/","title":{"rendered":"Jo\u00e3o Pessoa (PB) ser\u00e1 a sede do pr\u00f3ximo Congresso Nacional da Pastoral Familiar, em 2025"},"content":{"rendered":"<p>Foi anunciada, neste domingo (28), a sede do XVII Congresso Nacional da Pastoral Familiar. Os integrantes da Pastoral Familiar de todo o pa\u00eds se reunir\u00e3o, em 2025, na capital da Para\u00edba, em Jo\u00e3o Pessoa. O an\u00fancio foi realizado durante o \u00faltimo dia do XVI Congresso Nacional, em Governador Celso Ramos (SC). Os coordenadores do Regional Sul 4, que compreende a Arquidiocese de Florian\u00f3polis (SC), local do encontro deste ano, entregaram a imagem da Sagrada Fam\u00edlia para o casal coordenador do Regional Nordeste 2.<\/p>\n<p><strong>Confira o v\u00eddeo de lan\u00e7amento da nova sede:<\/strong><\/p>\n<p><iframe loading=\"lazy\" title=\"Apresenta\u00e7\u00e3o do local do XVII Congresso Nacional da Pastoral Familiar\" width=\"500\" height=\"281\" src=\"https:\/\/www.youtube.com\/embed\/NNVSbJ2Pl6I?feature=oembed\" frameborder=\"0\" allow=\"accelerometer; autoplay; clipboard-write; encrypted-media; gyroscope; picture-in-picture; web-share\" referrerpolicy=\"strict-origin-when-cross-origin\" allowfullscreen><\/iframe><\/p>\n<p>Fonte e foto: congressopastoralfamiliar<\/p>\n","protected":false},"excerpt":{"rendered":"<p>Foi anunciada, neste domingo (28), a sede do XVII Congresso Nacional da Pastoral Familiar. Os integrantes da Pastoral Familiar de todo o pa\u00eds se reunir\u00e3o, em 2025, na capital da Para\u00edba, em Jo\u00e3o Pessoa. O an\u00fancio foi realizado durante o \u00faltimo dia do XVI Congresso Nacional, em Governador Celso Ramos (SC). Os coordenadores do Regional&nbsp;<\/p>\n<p><a class=\"btn btn-style\" href=\"https:\/\/portalcatolico.net\/portal\/joao-pessoa-pb-sera-a-sede-do-proximo-congresso-nacional-da-pastoral-familiar-em-2025\/\">Continue Reading<\/a><\/p>\n","protected":false},"author":2,"featured_media":76300,"comment_status":"open","ping_status":"open","sticky":false,"template":"","format":"standard","meta":{"footnotes":""},"categories":[3],"tags":[],"class_list":["post-76299","post","type-post","status-publish","format-standard","has-post-thumbnail","hentry","category-noticias_regionais"],"_links":{"self":[{"href":"https:\/\/portalcatolico.net\/portal\/wp-json\/wp\/v2\/posts\/76299","targetHints":{"allow":["GET"]}}],"collection":[{"href":"https:\/\/portalcatolico.net\/portal\/wp-json\/wp\/v2\/posts"}],"about":[{"href":"https:\/\/portalcatolico.net\/portal\/wp-json\/wp\/v2\/types\/post"}],"author":[{"embeddable":true,"href":"https:\/\/portalcatolico.net\/portal\/wp-json\/wp\/v2\/users\/2"}],"replies":[{"embeddable":true,"href":"https:\/\/portalcatolico.net\/portal\/wp-json\/wp\/v2\/comments?post=76299"}],"version-history":[{"count":1,"href":"https:\/\/portalcatolico.net\/portal\/wp-json\/wp\/v2\/posts\/76299\/revisions"}],"predecessor-version":[{"id":76301,"href":"https:\/\/portalcatolico.net\/portal\/wp-json\/wp\/v2\/posts\/76299\/revisions\/76301"}],"wp:featuredmedia":[{"embeddable":true,"href":"https:\/\/portalcatolico.net\/portal\/wp-json\/wp\/v2\/media\/76300"}],"wp:attachment":[{"href":"https:\/\/portalcatolico.net\/portal\/wp-json\/wp\/v2\/media?parent=76299"}],"wp:term":[{"taxonomy":"category","embeddable":true,"href":"https:\/\/portalcatolico.net\/portal\/wp-json\/wp\/v2\/categories?post=76299"},{"taxonomy":"post_tag","embeddable":true,"href":"https:\/\/portalcatolico.net\/portal\/wp-json\/wp\/v2\/tags?post=76299"}],"curies":[{"name":"wp","href":"https:\/\/api.w.org\/{rel}","templated":true}]}}