{"id":76288,"date":"2022-08-25T18:22:50","date_gmt":"2022-08-25T21:22:50","guid":{"rendered":"http:\/\/portalcatolico.net\/portal\/?p=76288"},"modified":"2022-08-25T20:23:10","modified_gmt":"2022-08-25T23:23:10","slug":"a-59a-assembleia-geral-da-conferencia-nacional-dos-bispos-do-brasil-cnbbcomeca-domingo28","status":"publish","type":"post","link":"https:\/\/portalcatolico.net\/portal\/a-59a-assembleia-geral-da-conferencia-nacional-dos-bispos-do-brasil-cnbbcomeca-domingo28\/","title":{"rendered":"A 59\u00aa Assembleia Geral da Confer\u00eancia Nacional dos Bispos do Brasil (CNBB),come\u00e7a domingo(28)"},"content":{"rendered":"<p class=\"elementor-heading-title elementor-size-default\"><strong>ETAPA PRESENCIAL DA 59\u00aa ASSEMBLEIA GERAL DA CNBB INICIA COM CELEBRA\u00c7\u00c3O EUCAR\u00cdSTICA NO SANTU\u00c1RIO NACIONAL, NO DOMINGO, 28, \u00c0S 18H&nbsp;<\/strong><\/p>\n<p><span data-contrast=\"none\">A segunda etapa da 59\u00aa Assembleia Geral da Confer\u00eancia Nacional dos Bispos do Brasil (CNBB) acontece, de forma presencial, no Santu\u00e1rio Nacional de Nossa Senhora Aparecida, em Aparecida (SP), de 28 de agosto a 2 de setembro, como forma de garantir a vota\u00e7\u00e3o dos temas que em fun\u00e7\u00e3o da presencialidade exigida pelo Estatuto da CNBB n\u00e3o puderam ser votados nos \u00faltimos dois anos em raz\u00e3o da pandemia.&nbsp;<\/span><span data-ccp-props=\"{&quot;201341983&quot;:0,&quot;335551550&quot;:6,&quot;335551620&quot;:6,&quot;335559685&quot;:140,&quot;335559731&quot;:851,&quot;335559737&quot;:137,&quot;335559739&quot;:0,&quot;335559740&quot;:276}\">&nbsp;<\/span><\/p>\n<p aria-level=\"1\"><span data-contrast=\"none\">A abertura acontece no pr\u00f3ximo dominogo, 28 de agosto, Dia Nacional do Catequista, com a missa no Santu\u00e1rio Nacional, \u00e0s 18h. O arcebispo de Belo Horizonte (MG) e presidente da CNBB, dom Walmor Oliveira de Azevedo, ir\u00e1 presidir a missa e os concelebrantes ser\u00e3o os membros da presid\u00eancia da entidade e os bispos que fazem parte do Conselho Episcopal Pastoral, o Consep.<\/span><span data-ccp-props=\"{&quot;201341983&quot;:0,&quot;335551550&quot;:6,&quot;335551620&quot;:6,&quot;335559731&quot;:990,&quot;335559738&quot;:0,&quot;335559739&quot;:0,&quot;335559740&quot;:276}\">&nbsp;<\/span><\/p>\n<p><span data-contrast=\"none\">Para este dia, em espec\u00edfico, a leiga e assessora da Comiss\u00e3o para a Anima\u00e7\u00e3o B\u00edblico-Catequ\u00e9tica da CNBB, Mariana Ven\u00e2ncio, foi convidada a fazer a primeira leitura da missa. E o assessor da Comiss\u00e3o para o Laicato da CNBB, Laudelino Azevedo, far\u00e1 a segunda leitura. A celebra\u00e7\u00e3o ser\u00e1 transmitida pela TV Aparecida e poder\u00e1 ser acompanhada pelas redes sociais da CNBB (@cnbbnacional) e pelo portal A12.<\/span><span data-ccp-props=\"{&quot;201341983&quot;:0,&quot;335551550&quot;:6,&quot;335551620&quot;:6,&quot;335559731&quot;:990,&quot;335559739&quot;:160,&quot;335559740&quot;:259}\">&nbsp;<\/span><\/p>\n<p><b><span data-contrast=\"none\">Caracter\u00edsticas da segunda etapa<\/span><\/b><span data-ccp-props=\"{&quot;201341983&quot;:0,&quot;335551550&quot;:6,&quot;335551620&quot;:6,&quot;335559739&quot;:0,&quot;335559740&quot;:276}\">&nbsp;<\/span><\/p>\n<p><span data-contrast=\"none\">Desta vez, al\u00e9m do aprofundamento do Tema Central \u201c<\/span><i><span data-contrast=\"none\">Igreja Sinodal \u2013 Comunh\u00e3o, Participa\u00e7\u00e3o e Miss\u00e3o<\/span><\/i><span data-contrast=\"none\">\u201d, propostas e indica\u00e7\u00f5es para a elabora\u00e7\u00e3o das pr\u00f3ximas Diretrizes Gerais da A\u00e7\u00e3o Evangelizadora da Igreja no Brasil (DGAE) ser\u00e3o feitas rumo \u00e0 consolida\u00e7\u00e3o na 60\u00aa Assembleia Geral da CNBB, em 2023.<\/span><span data-ccp-props=\"{&quot;201341983&quot;:0,&quot;335551550&quot;:6,&quot;335551620&quot;:6,&quot;335559685&quot;:140,&quot;335559731&quot;:851,&quot;335559737&quot;:137,&quot;335559739&quot;:0,&quot;335559740&quot;:276}\">&nbsp;<\/span><\/p>\n<p><span data-contrast=\"none\">Com a caracter\u00edstica de ser deliberativa, nesta segunda fase, os temas que ser\u00e3o votados pelo episcopado s\u00e3o as atualiza\u00e7\u00f5es no Estatuto da CNBB, a tradu\u00e7\u00e3o do Missal Romano, o texto do Minist\u00e9rio do Catequista e o Estudo n\u00ba 114 da CNBB cujo t\u00edtulo \u00e9: \u201cE a Palavra habitou entre n\u00f3s\u201d (Jo 1,14) \u2013 Anima\u00e7\u00e3o B\u00edblica da Pastoral a partir das comunidades eclesiais mission\u00e1rias\u201d.<\/span><span data-ccp-props=\"{&quot;201341983&quot;:0,&quot;335551550&quot;:6,&quot;335551620&quot;:6,&quot;335559685&quot;:140,&quot;335559731&quot;:851,&quot;335559737&quot;:137,&quot;335559739&quot;:0,&quot;335559740&quot;:276}\">&nbsp;<\/span><\/p>\n<p><span data-contrast=\"auto\">Al\u00e9m disso, outros 14 temas diversos v\u00e3o ser objeto de reflex\u00e3o e discuss\u00e3o dos cardeais, arcebispos, bispos diocesanos e auxiliares e coadjutores que participar\u00e3o da 59\u00aaAssembleia Geral como exemplo&nbsp;<\/span><span data-contrast=\"none\">o 18\u00ba Congresso Eucar\u00edstico Nacional; a Celebra\u00e7\u00e3o dos 70 anos da CNBB; a Jornada Mundial da Juventude 2023; o S\u00ednodo dos Bispos 2023, entre outros.&nbsp;<\/span><span data-ccp-props=\"{&quot;201341983&quot;:0,&quot;335551550&quot;:6,&quot;335551620&quot;:6,&quot;335559685&quot;:140,&quot;335559731&quot;:851,&quot;335559737&quot;:137,&quot;335559739&quot;:0,&quot;335559740&quot;:276}\">&nbsp;<\/span><\/p>\n<p><span data-contrast=\"none\">Participam do evento cardeais, arcebispos, bispos diocesanos e auxiliares, coadjutores, al\u00e9m dos bispos em\u00e9ritos e representantes de organismos e pastorais da Igreja que s\u00e3o convidados. Mas apenas os bispos na ativa t\u00eam poder de voto. Atualmente, segundo dados da Secretaria T\u00e9cnica da CNBB, a Igreja Cat\u00f3lica no Brasil possui 278 circunscri\u00e7\u00f5es eclesi\u00e1sticas, com um total de 478 bispos, dos quais 321 na ativa e mais 157 bispos em\u00e9ritos.<\/span><span data-ccp-props=\"{&quot;201341983&quot;:0,&quot;335551550&quot;:6,&quot;335551620&quot;:6,&quot;335559685&quot;:140,&quot;335559731&quot;:851,&quot;335559737&quot;:139,&quot;335559738&quot;:2,&quot;335559739&quot;:0,&quot;335559740&quot;:276}\">&nbsp;<\/span><\/p>\n<p aria-level=\"1\"><b><span data-contrast=\"none\">Como ser\u00e1 a cobertura jornal\u00edstica?<\/span><\/b><span data-ccp-props=\"{&quot;201341983&quot;:0,&quot;335551550&quot;:6,&quot;335551620&quot;:6,&quot;335559685&quot;:140,&quot;335559738&quot;:24,&quot;335559739&quot;:0,&quot;335559740&quot;:240}\">&nbsp;<\/span><\/p>\n<p><span data-contrast=\"none\">A Assessoria de Comunica\u00e7\u00e3o da CNBB, a ASCOM, realizou um cadastro, em per\u00edodo determinado, para os profissionais de imprensa interessados em cobrir a Assembleia, de forma presencial, para o qual foram registrados 111 nomes de profisisonais da m\u00eddia cat\u00f3lica e secular. Diariamente, a Assessoria de Comunica\u00e7\u00e3o do evento enviar\u00e1 aos cadastrados releases com detalhes sobre a programa\u00e7\u00e3o do evento.&nbsp;<\/span><span data-ccp-props=\"{&quot;201341983&quot;:0,&quot;335551550&quot;:6,&quot;335551620&quot;:6,&quot;335559685&quot;:140,&quot;335559731&quot;:851,&quot;335559737&quot;:131,&quot;335559739&quot;:0,&quot;335559740&quot;:276}\">&nbsp;<\/span><\/p>\n<p><span data-contrast=\"none\">Os credenciados dever\u00e3o se apresentar \u00e0 sala de imprensa do evento, no Centro de Eventos Padre V\u00edtor Coelho de Almeida, no s\u00e1bado, 27 de agosto, das 14h&nbsp;<\/span><span data-contrast=\"none\">\u00e0s 17h<\/span><span data-contrast=\"none\">; e no domingo, 28 de agosto, das 9h \u00e0s 12h; para a retirada dos crach\u00e1s que dar\u00e3o acesso \u00e0s coletivas de imprensa e aos eventos realizados no Santu\u00e1rio Nacional (Missa de abertura, outras missas e a celebra\u00e7\u00e3o dos 70 anos da CNBB).<\/span><span data-ccp-props=\"{&quot;201341983&quot;:0,&quot;335551550&quot;:6,&quot;335551620&quot;:6,&quot;335559685&quot;:140,&quot;335559731&quot;:851,&quot;335559737&quot;:131,&quot;335559739&quot;:0,&quot;335559740&quot;:276}\">&nbsp;<\/span><\/p>\n<p><span data-contrast=\"auto\">O acesso liberado da taxa de estacionamento de autom\u00f3veis j\u00e1 est\u00e1 garantido para os carros que j\u00e1 sejam adesivados com a caracteriza\u00e7\u00e3o \u201cImprensa\u201d de seus pr\u00f3prios ve\u00edculos de cobertura. Caso o carro ainda n\u00e3o seja adesivado com a identifica\u00e7\u00e3o, \u00e9 necess\u00e1rio pedir a libera\u00e7\u00e3o com anteced\u00eancia \u00e0 Assessoria de Imprensa do Santu\u00e1rio, informando a placa e o modelo do carro,\u202f diretamente pelo e-mail: sala.imprensa@santuarionacional.com<\/span><span data-ccp-props=\"{&quot;201341983&quot;:0,&quot;335551550&quot;:6,&quot;335551620&quot;:6,&quot;335559685&quot;:140,&quot;335559731&quot;:851,&quot;335559737&quot;:131,&quot;335559739&quot;:0,&quot;335559740&quot;:276}\">&nbsp;<\/span><\/p>\n<p aria-level=\"1\"><b><span data-contrast=\"none\">Como acompanhar?<\/span><\/b><span data-ccp-props=\"{&quot;201341983&quot;:0,&quot;335551550&quot;:6,&quot;335551620&quot;:6,&quot;335559685&quot;:140,&quot;335559738&quot;:0,&quot;335559739&quot;:0,&quot;335559740&quot;:240}\">&nbsp;<\/span><\/p>\n<p><span data-contrast=\"none\">No portal da CNBB e nas redes sociais (@cnbbnacional), ser\u00e1 poss\u00edvel acompanhar a cobertura dos principais temas abordados pelos bispos nas sess\u00f5es, por meio de mat\u00e9rias na edi\u00e7\u00e3o di\u00e1ria do portal da CNBB (www.cnbb.org.br). Haver\u00e1, ainda, uma vers\u00e3o especial di\u00e1ria do boletim Igreja no Brasil, com o resumo do dia, a ser transmitido ao vivo, \u00e0s 19h, nas redes sociais da CNBB.&nbsp;<\/span><span data-ccp-props=\"{&quot;201341983&quot;:0,&quot;335551550&quot;:6,&quot;335551620&quot;:6,&quot;335559685&quot;:140,&quot;335559731&quot;:851,&quot;335559737&quot;:136,&quot;335559739&quot;:0,&quot;335559740&quot;:240}\">&nbsp;<\/span><\/p>\n<p><span data-contrast=\"none\">As Coletivas de Imprensa acontecer\u00e3o, diariamente, \u00e0s 15h, no Centro de Eventos Padre V\u00edtor Coelho de Almeida, com dois bispos indicados pela presid\u00eancia da CNBB, para apresentar os assuntos e desdobramentos dos debates realizados pelo episcopado brasileiro na Assembleia Geral. Os jornalistas credenciados receber\u00e3o um release com as informa\u00e7\u00f5es e detalhes da pauta e coletivas de cada dia.<\/span><span data-ccp-props=\"{&quot;201341983&quot;:0,&quot;335551550&quot;:6,&quot;335551620&quot;:6,&quot;335559685&quot;:140,&quot;335559731&quot;:851,&quot;335559737&quot;:136,&quot;335559739&quot;:0,&quot;335559740&quot;:240}\">&nbsp;<\/span><\/p>\n<p aria-level=\"1\"><span data-contrast=\"none\">As missas di\u00e1rias da Assembleia aconter\u00e3o sempre \u00e0s 18h e ser\u00e3o transmitidas pelas redes sociais (@cnbbnacional). Tamb\u00e9m ser\u00e1 poss\u00edvel acompanhar as celebra\u00e7\u00f5es pela TV Aparecida e portal A12. Nas redes sociais, a intera\u00e7\u00e3o fica por conta da hashtag&nbsp;<\/span><b><i><span data-contrast=\"none\">#59AGCNBB<\/span><\/i><\/b><span data-contrast=\"none\">.<\/span><span data-ccp-props=\"{&quot;201341983&quot;:0,&quot;335551550&quot;:6,&quot;335551620&quot;:6,&quot;335559731&quot;:990,&quot;335559738&quot;:0,&quot;335559739&quot;:0,&quot;335559740&quot;:240}\">&nbsp;<\/span><\/p>\n<p><b><span data-contrast=\"none\">SERVI\u00c7O<\/span><\/b><span data-ccp-props=\"{&quot;201341983&quot;:0,&quot;335559685&quot;:140,&quot;335559739&quot;:0,&quot;335559740&quot;:240}\">&nbsp;<\/span><\/p>\n<p><b><span data-contrast=\"none\">O qu\u00ea:&nbsp;<\/span><\/b><span data-contrast=\"none\">59\u00aa Assembleia Geral da Confer\u00eancia Nacional dos Bispos do Brasil (segunda etapa)<\/span><span data-ccp-props=\"{&quot;201341983&quot;:0,&quot;335559685&quot;:140,&quot;335559737&quot;:829,&quot;335559738&quot;:31,&quot;335559739&quot;:0,&quot;335559740&quot;:276}\"><br \/>\n<\/span><b><span data-contrast=\"none\">Quando:<\/span><\/b><span data-contrast=\"none\">&nbsp;28 agosto a 2 de setembro<\/span><span data-ccp-props=\"{&quot;201341983&quot;:1,&quot;335559685&quot;:140,&quot;335559739&quot;:0,&quot;335559740&quot;:296}\"><br \/>\n<\/span><b><span data-contrast=\"none\">Contato\/demandas:&nbsp;<\/span><\/b><span data-contrast=\"none\">E-mail:&nbsp;<\/span><a href=\"mailto:imprensa@cnbb.org.br\"><span data-contrast=\"none\">imprensa@cnbb.org.br<\/span><\/a><span data-ccp-props=\"{&quot;201341983&quot;:0,&quot;335559685&quot;:140,&quot;335559738&quot;:47,&quot;335559739&quot;:0,&quot;335559740&quot;:240}\"><br \/>\n<\/span><b><span data-contrast=\"none\">Mais informa\u00e7\u00f5es:&nbsp;<\/span><\/b><a href=\"http:\/\/www.cnbb.org.br\/\"><span data-contrast=\"none\">www.cnbb.org.br<\/span><\/a><span data-contrast=\"auto\">&nbsp;e&nbsp;<\/span><a href=\"https:\/\/www.cnbb.org.br\/59agcnbb\"><span data-contrast=\"none\">https:\/\/www.cnbb.org.br\/59agcnbb<\/span><\/a><\/p>\n<p><b><span data-contrast=\"none\">Obs.:&nbsp;<\/span><\/b><span data-contrast=\"none\">Nos dias da assembleia, a Assessoria do evento organiza um esquema de atender a demanda dos ve\u00edculos de imprensa junto aos bispos e participantes.&nbsp;<\/span><span data-ccp-props=\"{&quot;201341983&quot;:0,&quot;335559685&quot;:140,&quot;335559738&quot;:47,&quot;335559739&quot;:0,&quot;335559740&quot;:240}\">&nbsp;<\/span><\/p>\n<p>Com informa\u00e7\u00f5es :CNBB<\/p>\n","protected":false},"excerpt":{"rendered":"<p>ETAPA PRESENCIAL DA 59\u00aa ASSEMBLEIA GERAL DA CNBB INICIA COM CELEBRA\u00c7\u00c3O EUCAR\u00cdSTICA NO SANTU\u00c1RIO NACIONAL, NO DOMINGO, 28, \u00c0S 18H&nbsp; A segunda etapa da 59\u00aa Assembleia Geral da Confer\u00eancia Nacional dos Bispos do Brasil (CNBB) acontece, de forma presencial, no Santu\u00e1rio Nacional de Nossa Senhora Aparecida, em Aparecida (SP), de 28 de agosto a 2&nbsp;<\/p>\n<p><a class=\"btn btn-style\" href=\"https:\/\/portalcatolico.net\/portal\/a-59a-assembleia-geral-da-conferencia-nacional-dos-bispos-do-brasil-cnbbcomeca-domingo28\/\">Continue Reading<\/a><\/p>\n","protected":false},"author":2,"featured_media":76289,"comment_status":"open","ping_status":"open","sticky":false,"template":"","format":"standard","meta":{"footnotes":""},"categories":[4],"tags":[],"class_list":["post-76288","post","type-post","status-publish","format-standard","has-post-thumbnail","hentry","category-destaques"],"_links":{"self":[{"href":"https:\/\/portalcatolico.net\/portal\/wp-json\/wp\/v2\/posts\/76288","targetHints":{"allow":["GET"]}}],"collection":[{"href":"https:\/\/portalcatolico.net\/portal\/wp-json\/wp\/v2\/posts"}],"about":[{"href":"https:\/\/portalcatolico.net\/portal\/wp-json\/wp\/v2\/types\/post"}],"author":[{"embeddable":true,"href":"https:\/\/portalcatolico.net\/portal\/wp-json\/wp\/v2\/users\/2"}],"replies":[{"embeddable":true,"href":"https:\/\/portalcatolico.net\/portal\/wp-json\/wp\/v2\/comments?post=76288"}],"version-history":[{"count":1,"href":"https:\/\/portalcatolico.net\/portal\/wp-json\/wp\/v2\/posts\/76288\/revisions"}],"predecessor-version":[{"id":76290,"href":"https:\/\/portalcatolico.net\/portal\/wp-json\/wp\/v2\/posts\/76288\/revisions\/76290"}],"wp:featuredmedia":[{"embeddable":true,"href":"https:\/\/portalcatolico.net\/portal\/wp-json\/wp\/v2\/media\/76289"}],"wp:attachment":[{"href":"https:\/\/portalcatolico.net\/portal\/wp-json\/wp\/v2\/media?parent=76288"}],"wp:term":[{"taxonomy":"category","embeddable":true,"href":"https:\/\/portalcatolico.net\/portal\/wp-json\/wp\/v2\/categories?post=76288"},{"taxonomy":"post_tag","embeddable":true,"href":"https:\/\/portalcatolico.net\/portal\/wp-json\/wp\/v2\/tags?post=76288"}],"curies":[{"name":"wp","href":"https:\/\/api.w.org\/{rel}","templated":true}]}}