{"id":76057,"date":"2022-07-27T18:51:02","date_gmt":"2022-07-27T21:51:02","guid":{"rendered":"http:\/\/portalcatolico.net\/portal\/?p=76057"},"modified":"2022-07-27T18:51:42","modified_gmt":"2022-07-27T21:51:42","slug":"paroquia-nossa-senhora-aparecida-em-itabuna-celebra-42-anos","status":"publish","type":"post","link":"https:\/\/portalcatolico.net\/portal\/paroquia-nossa-senhora-aparecida-em-itabuna-celebra-42-anos\/","title":{"rendered":"Par\u00f3quia Nossa Senhora Aparecida em Itabuna celebra 42 anos!"},"content":{"rendered":"<div dir=\"auto\">\n<div dir=\"auto\">Hoje \u00e9 o anivers\u00e1rio da &nbsp;Par\u00f3quia Nossa Senhora Aparecida que abrange os bairros Calif\u00f3rnia, Nova Calif\u00f3rnia, Parque Boa Vista, Loteamento Para\u00edso, Parque Verde, e o Condom\u00ednio Jardim Am\u00e9rica, em Itabuna (BA). Atualmente, a par\u00f3quia conta com 21 pastorais e movimentos, uma congrega\u00e7\u00e3o de religiosas (Mission\u00e1rias Agostinianas Recoletas). \u00c9 administrada pelo padre Ezequias Gon\u00e7alves dos Santos. No momento, vive uma experi\u00eancia de gesta\u00e7\u00e3o de uma nova par\u00f3quia com a comunidade Nossa Senhora de Guadalupe. Ao todo, s\u00e3o 4 templos onde s\u00e3o celebradas as missas de ter\u00e7a-feira a domingo. Os paroquianos, \u00e9 claro, celebram o anivers\u00e1rio da par\u00f3quia, com muita alegria.<\/div>\n<div dir=\"auto\">A equipe deste Portal parabeniza a par\u00f3quia pelos 42 anos de evangeliza\u00e7\u00e3o.<\/div>\n<div dir=\"auto\">&nbsp;<\/div>\n<p>Conhe\u00e7a abaixo, um pouco da hist\u00f3ria da par\u00f3quia aniversariante:<\/p>\n<\/div>\n<div dir=\"auto\">Nos anos sessenta, os crist\u00e3os do bairro da Calif\u00f3rnia iniciaram suas reuni\u00f5es nas casas, motivados por irm\u00e3 Assunta, que os visitava e convidava para encontros de ora\u00e7\u00e3o e reflex\u00e3o da Palavra de Deus. Aos poucos, com o apoio da freira e do frei Faustino, conseguiram um terreno e, com a participa\u00e7\u00e3o da comunidade, ergueram um pavilh\u00e3o, local onde celebravam a Eucaristia e os outros Sacramentos e servia tamb\u00e9m para os encontros de Catequese, Batismo, cursos de artesanato e outros. Al\u00e9m da Irm\u00e3 Assunta, outras mission\u00e1rias atuaram no bairro, criando e acompanhando grupos.&nbsp;&nbsp;<\/div>\n<div dir=\"auto\">\n<div dir=\"auto\">&nbsp;<\/div>\n<div dir=\"auto\">Aos 27 de julho de 1980, atrav\u00e9s de Decreto, o senhor bispo Diocesano, D. Homero Leite Meira, criou a Par\u00f3quia Nossa Senhora Aparecida, desmembrada da Par\u00f3quia Nossa Senhora de F\u00e1tima. O primeiro p\u00e1roco foi Frei Nelson Jos\u00e9 dos Santos Ordem Cisterciense. Nesta \u00e9poca existia a Comunidade Nossa Senhora da Gl\u00f3ria (Mutuns) e a Comunidade Santa In\u00eas (Santa In\u00eas). Posteriormente, sendo p\u00e1roco Frei Est\u00eav\u00e3o Cinti, foram criadas as comunidades de N.S. de Guadalupe (Parque Boa Vista), Comunidade Santa Terezinha (Antique) Comunidade Rainha dos Anjos (Nova Calif\u00f3rnia) e Rainha da Paz (Monte Cristo). Em cada comunidade o frei construiu uma capela e salas para as diversas atividades pastorais. &nbsp;(Texto extra\u00eddo do livreto do Jubileu da Par\u00f3quia N. S. Aparecida 2005)<\/div>\n<div dir=\"auto\">&nbsp;<\/div>\n<div dir=\"auto\">Alguns anos depois foi criada a Par\u00f3quia Santa In\u00eas que, ap\u00f3s desmembrada, ficou com as comunidades do Santa In\u00eas, Comunidade Nossa Senhora da Gl\u00f3ria (Mutuns), Santa Terezinha (Antique) e Rainha da Paz (Monte Cristo).<\/div>\n<div dir=\"auto\">&nbsp;<\/div>\n<p>Passados 42 anos de emancipa\u00e7\u00e3o o nosso administrador paroquial \u00e9 o padre Ezequias Gon\u00e7alves dos Santos. Temos a nossa nova sede da par\u00f3quia que fica na rua Paran\u00e1, 80, Calif\u00f3rnia que passou a ser chamada de igreja Matriz de Nossa Senhora Aparecida; o antigo Santu\u00e1rio de Nossa Senhora Aparecida que fica na av. Rio Branco, 445, Calif\u00f3rnia, passou a ser chamado de Comunidade Sagrada Fam\u00edlia, onde temos o sal\u00e3o de eventos da par\u00f3quia que fica na rua S\u00e3o Mateus, a casa da Pastoral Familiar tamb\u00e9m na rua S\u00e3o Mateus; temos tamb\u00e9m um terreno ainda em constru\u00e7\u00e3o na rua Londrina, 142, Calif\u00f3rnia, onde funciona a SSVP \u2013 Sociedade S\u00e3o Vicente de Paula; a Comunidade Rainha dos Anjos, que fica no bairro da Nova Calif\u00f3rnia agora administra tamb\u00e9m o Sal\u00e3o da Pastoral Familiar que fica na rua Principal, 435, Nova Calif\u00f3rnia e promove celebra\u00e7\u00f5es no Condom\u00ednio Jardim Am\u00e9rica; a comunidade Nossa Senhora de Guadalupe, ent\u00e3o vivendo uma experi\u00eancia de quase Par\u00f3quia, est\u00e1 sendo administrada pelo padre Unaldo Junior que est\u00e1 promovendo encontros e celebra\u00e7\u00f5es em v\u00e1rios lugares pelo Loteamento Para\u00edso, Parque Verde e Jo\u00e3o Soares.<\/p>\n<\/div>\n<div dir=\"auto\">Foto: Par\u00f3quia Nossa Senhora Aparecida<\/div>\n","protected":false},"excerpt":{"rendered":"<p>Hoje \u00e9 o anivers\u00e1rio da &nbsp;Par\u00f3quia Nossa Senhora Aparecida que abrange os bairros Calif\u00f3rnia, Nova Calif\u00f3rnia, Parque Boa Vista, Loteamento Para\u00edso, Parque Verde, e o Condom\u00ednio Jardim Am\u00e9rica, em Itabuna (BA). Atualmente, a par\u00f3quia conta com 21 pastorais e movimentos, uma congrega\u00e7\u00e3o de religiosas (Mission\u00e1rias Agostinianas Recoletas). \u00c9 administrada pelo padre Ezequias Gon\u00e7alves dos Santos.&nbsp;<\/p>\n<p><a class=\"btn btn-style\" href=\"https:\/\/portalcatolico.net\/portal\/paroquia-nossa-senhora-aparecida-em-itabuna-celebra-42-anos\/\">Continue Reading<\/a><\/p>\n","protected":false},"author":2,"featured_media":76058,"comment_status":"open","ping_status":"open","sticky":false,"template":"","format":"standard","meta":{"footnotes":""},"categories":[4],"tags":[],"class_list":["post-76057","post","type-post","status-publish","format-standard","has-post-thumbnail","hentry","category-destaques"],"_links":{"self":[{"href":"https:\/\/portalcatolico.net\/portal\/wp-json\/wp\/v2\/posts\/76057","targetHints":{"allow":["GET"]}}],"collection":[{"href":"https:\/\/portalcatolico.net\/portal\/wp-json\/wp\/v2\/posts"}],"about":[{"href":"https:\/\/portalcatolico.net\/portal\/wp-json\/wp\/v2\/types\/post"}],"author":[{"embeddable":true,"href":"https:\/\/portalcatolico.net\/portal\/wp-json\/wp\/v2\/users\/2"}],"replies":[{"embeddable":true,"href":"https:\/\/portalcatolico.net\/portal\/wp-json\/wp\/v2\/comments?post=76057"}],"version-history":[{"count":2,"href":"https:\/\/portalcatolico.net\/portal\/wp-json\/wp\/v2\/posts\/76057\/revisions"}],"predecessor-version":[{"id":76060,"href":"https:\/\/portalcatolico.net\/portal\/wp-json\/wp\/v2\/posts\/76057\/revisions\/76060"}],"wp:featuredmedia":[{"embeddable":true,"href":"https:\/\/portalcatolico.net\/portal\/wp-json\/wp\/v2\/media\/76058"}],"wp:attachment":[{"href":"https:\/\/portalcatolico.net\/portal\/wp-json\/wp\/v2\/media?parent=76057"}],"wp:term":[{"taxonomy":"category","embeddable":true,"href":"https:\/\/portalcatolico.net\/portal\/wp-json\/wp\/v2\/categories?post=76057"},{"taxonomy":"post_tag","embeddable":true,"href":"https:\/\/portalcatolico.net\/portal\/wp-json\/wp\/v2\/tags?post=76057"}],"curies":[{"name":"wp","href":"https:\/\/api.w.org\/{rel}","templated":true}]}}