{"id":75784,"date":"2022-06-07T21:34:37","date_gmt":"2022-06-08T00:34:37","guid":{"rendered":"http:\/\/portalcatolico.net\/portal\/?p=75784"},"modified":"2022-06-07T21:34:37","modified_gmt":"2022-06-08T00:34:37","slug":"santarem-50-anos-de-caminhada-da-igreja-da-amazonia","status":"publish","type":"post","link":"https:\/\/portalcatolico.net\/portal\/santarem-50-anos-de-caminhada-da-igreja-da-amazonia\/","title":{"rendered":"Santar\u00e9m, 50 anos de caminhada da Igreja da Amaz\u00f4nia"},"content":{"rendered":"<div class=\"article__subTitle\">Cerca de 100 pessoas, cardeais, bispos, presb\u00edteros, Vida Religiosa, leigos e leigas, dentre eles entre representantes dos povos ind\u00edgenas e comunidades tradicionais, se re\u00fanem no mesmo local de 6 a 9 de junho de 2022.<\/div>\n<div>&nbsp;<\/div>\n<div class=\"title__separator\">\n<p>50 anos de Santar\u00e9m, 50 anos de caminhada de uma Igreja, a Igreja da Amaz\u00f4nia, marcada por uma evangeliza\u00e7\u00e3o inculturada e libertadora. Para fazer mem\u00f3ria do Documento surgido no encontro realizado no Semin\u00e1rio S\u00e3o Pio X em maio de 1972, 100 pessoas, cardeais, bispos, presb\u00edteros, Vida Religiosa, leigos e leigas, dentre eles entre representantes dos povos ind\u00edgenas e comunidades tradicionais, se re\u00fanem no mesmo local de 6 a 9 de junho de 2022.<\/p>\n<p>Um encontro que come\u00e7ou com uma celebra\u00e7\u00e3o eucar\u00edstica, presidida pelo \u00faltimo bispo ordenado na Amaz\u00f4nia brasileira, Dom Raimundo Possid\u00f4nio Carrera da Mata. Ele confiou a Maria \u201ca intercess\u00e3o materna por todos n\u00f3s, por toda a Igreja desta Amaz\u00f4nia, onde residem tantas realidades que ainda precisam verdadeiramente de Ressurrei\u00e7\u00e3o\u201d.<\/p>\n<p>O Bispo coadjutor da Diocese de Bragan\u00e7a lembrou que \u201ca Cruz para muitos de nossos irm\u00e3os ainda \u00e9 uma realidade todos os dias, em todos os momentos nosso povo caminha carregando uma Cruz por estas vias, por estes caminhos, por estas terras, por estas \u00e1guas de uma Amaz\u00f4nia que ainda precisa palnificar a sua Reden\u00e7\u00e3o\u201d. Ele destacou a import\u00e2ncia da m\u00edstica, \u201cque \u00e9 express\u00e3o de uma f\u00e9 comprometida que n\u00e3o arreda o p\u00e9 diante das dificuldades\u201d.<\/p>\n<p>O Encontro conta com a presen\u00e7a maternal da imagem peregrina de Nossa Senhora de Nazar\u00e9, Rainha da Amaz\u00f4nia, aquela que quer iluminar esses dias chamados a ser momento para estreitar a comunh\u00e3o entre as igrejas particulares da Amaz\u00f4nia, como Povo de Deus espalhado na grande Amaz\u00f4nia. Momento para lembrar um encontro que levou \u00e0 Igreja da Amaz\u00f4nia a tomar uma face e se lan\u00e7ar \u00e0 evangeliza\u00e7\u00e3o encarnada e libertadora. Uma hist\u00f3ria constru\u00edda por rostos concretos, por testemunhas, que desafiam \u00e0 Igreja da Amaz\u00f4nia a construir o futuro.<\/p>\n<p>Os participantes do IV Encontro da Igreja cat\u00f3lica na Amaz\u00f4nia Legal foram acolhidos pelo arcebispo local, Dom Irineu Roman, e pelo presidente do Regional Norte2 da CNBB, Dom Bernardo Bahlmann, que destacou a import\u00e2ncia do encontro realizado 50 anos atr\u00e1s e do Documento produzido, \u201cuma grande luz para a caminhada na Amaz\u00f4nia\u201d. Um encontro que \u00e9 \u201cum momento para avan\u00e7ar para \u00e1guas mais profundas\u201d, segundo a Ir. Maria In\u00eas Vieira Ribeiro, que chamou a continuar um processo de uma Igreja que cada vez mais se apresenta do jeito de Jesus.<\/p>\n<p>Fel\u00edcio Pontes se considera fruto Documento de Santar\u00e9m, que o levou a \u201cver a propaganda oficial da Ditadura Militar com olhar cr\u00edtico, a partir dos injusti\u00e7ados\u201d, refletindo sobre os grandes projetos impostos pela Ditadura aos amaz\u00f4nidas, o que influenciou na sua voca\u00e7\u00e3o como advogado e posteriormente como Procurador da Rep\u00fablica. O Esp\u00edrito de Pentecostes deve marcar o decorrer do encontro, segundo a Ir. Maria Irene Lopes, que quer \u201cgestar cada vez mais a colegialidade dos bispos da Amaz\u00f4nia e estreitar a comunh\u00e3o com a Confer\u00eancia Nacional dos Bispos do Brasil\u201d, objetivo da Comiss\u00e3o Episcopal Especial para a Amaz\u00f4nia, da qual ela \u00e9 assessora.<\/p>\n<p>No encontro est\u00e1 presente o cardeal Pedro Barreto, que mostrou sua alegria por poder participar do encontro, realizado em uma terra sagrada, a Amaz\u00f4nia, ecoando as palavras do Papa Francisco em Puerto Maldonado. Um encontro que \u201c\u00e9 uma oportunidade para nos encontrarmos\u201d, insistindo em duas palavras: \u201cobrigado, porque h\u00e1 50 anos se reuniram os bispos em nome da Igreja amaz\u00f4nica no Brasil, recolhendo Medell\u00edn e recolhendo o Conc\u00edlio Vaticano II, ilus\u00e3o, sonhos, que come\u00e7am a se fazer realidade nos quatro sonhos que o Papa Francisco nos fala em Querida Amaz\u00f4nia\u201d. Junto com isso, \u201co compromisso, o compromisso de caminhar juntos\u201d, chamando a cuidar do bioma amaz\u00f4nico para a vida da humanidade.<\/p>\n<p>Dom Raimundo Possid\u00f4nio fez um Memorial do Encontro de Santar\u00e9m e do percurso posterior da Igreja da Amaz\u00f4nia. Dos bispos de Santar\u00e9m, o Bispo coadjutor de Bragan\u00e7a, destacou sua \u201cconsci\u00eancia muito grande de ser Igreja e da realidade\u201d, analisando os documentos elaborados nos encontros de Manaus (1997) e Santar\u00e9m (2012). Como aspectos fundantes da Igreja da Amaz\u00f4nia, ele destacou \u201ca paix\u00e3o pelo Cristo vivo e pelo Reino\u201d. Junto com isso o esp\u00edrito de colegialidade, de sinodalidade, de comunh\u00e3o e participa\u00e7\u00e3o, a profecia e o mart\u00edrio, a encarna\u00e7\u00e3o na realidade e a evangeliza\u00e7\u00e3o libertadora.<\/p>\n<p>Santar\u00e9m foi precedido por uma caminhada pr\u00e9via, apresentada pelo bispo, por documentos que foram vistos como uma toma de postura, em atitude prof\u00e9tica, dos bispos da regi\u00e3o. Tudo isso influenciou em um documento \u201cque criou o rosto da Igreja amaz\u00f4nica\u201d, que foi se definindo ao longo dos anos, se preocupando, dentre outras, com a quest\u00e3o ecol\u00f3gica, sendo a da Amaz\u00f4nia uma das Igrejas que abordou essa quest\u00e3o. Tamb\u00e9m outras experi\u00eancias vividas, contempladas em diferentes documentos, o que Dom Possid\u00f4nio resumiu dizendo que \u201cao longo de seis d\u00e9cadas, a Igreja tem mostrado sua vitalidade e posicionamento prof\u00e9tico e solid\u00e1rio\u201d.<\/p>\n<p>Algu\u00e9m que tem percorrido essa caminhada de 50 anos \u00e9 Dom Gutemberg Freire Regis, eleito prelado da naquele tempo Prelazia de Coari em 1974, mas que desde 1969 vive \u201co desafio de ser um padre mission\u00e1rio aqui na Amaz\u00f4nia\u201d. Em Santar\u00e9m, ele descobriu o incentivo para \u201cestruturar uma Igreja local\u201d, com uma destacada presen\u00e7a de leigos na elabora\u00e7\u00e3o dos planos de pastoral, junto com a preocupa\u00e7\u00e3o em formar comunidades, em formar padres diocesanos, em se preocupar com os problemas do povo, com a dimens\u00e3o social da evangeliza\u00e7\u00e3o.<\/p>\n<p><b>Sobre a import\u00e2ncia dos 50 anos do Documento de Santar\u00e9m eis o que nos disse a irm\u00e3 Rose Bertoldo, secret\u00e1ria executiva do Regional Norte1<\/b><\/p>\n<p><i>\u201cA import\u00e2ncia de celebrar os 50 anos do documento de Santar\u00e9m \u00e9 fazer mem\u00f3ria dessa caminhada, de todos aqueles que nos antecederam e deixaram um legado para a Igreja da Amaz\u00f4nia. Um legado que hoje a gente percebe com grandes avan\u00e7os para Igreja da Amaz\u00f4nia. Esses caminhos que nos embasaram, as proposi\u00e7\u00f5es desses novos caminhos que nos embasaram em todo o processo de viv\u00eancia, de constru\u00e7\u00e3o dessa igreja encarnada na realidade e com a proposta de uma evangeliza\u00e7\u00e3o a partir dos povos, dos territ\u00f3rios aonde est\u00e1 inserida. O que isso tamb\u00e9m contribuiu para toda a realiza\u00e7\u00e3o do S\u00ednodo para a Amaz\u00f4nia\u201d.<\/i><\/p>\n<p><i>\u201cE n\u00f3s que agora estamos aqui celebrando os 50 anos tamb\u00e9m temos uma grande responsabilidade. Recebemos essa heran\u00e7a dos que nos antecederam, que deixaram para n\u00f3s. E n\u00f3s temos esse grande compromisso de continuar celebrando, mas sobretudo, pensando e construindo novos caminhos de uma Igreja encarnada, comprometida com as realidades dos territ\u00f3rios da Amaz\u00f4nia. E por isso devemos ter muita consci\u00eancia daquilo que vamos propor a partir do Documento de Santar\u00e9m para tamb\u00e9m deixar para as futuras gera\u00e7\u00f5es nesse territ\u00f3rio que \u00e9 de grande import\u00e2ncia para toda a Igreja Universal. Uma Igreja que se encarna que escuta os seus clamores, mas, que sobretudo, \u00e9 uma presen\u00e7a prof\u00e9tica, de esperan\u00e7a para as gera\u00e7\u00f5es presentes e futuras da Amaz\u00f4nia\u201d.<\/i><\/p>\n<p><b>A diretora-executiva da Rede Eclesial Pan-Amaz\u00f4nica no Brasil\/REPAM-Brasil, irm\u00e3 Maria Irene Lopes dos Santos, fala sobre a import\u00e2ncia do encontro para recordar os 50 anos do Documento de Santar\u00e9m<\/b><\/p>\n<p><i>\u201cA igreja na Amaz\u00f4nia sempre teve essa preocupa\u00e7\u00e3o em se reunir para pensar temas relevantes para a nossa querida Amaz\u00f4nia, e hoje n\u00f3s estamos aqui para iniciar o 4\u00ba encontro da Igreja Cat\u00f3lica na Amaz\u00f4nia Legal, onde estar\u00e3o presentes as 57 dioceses e tamb\u00e9m o convidado especial nosso, que \u00e9 o cardeal Pedro Barreto. O presidente da CEAMA tamb\u00e9m estar\u00e1 presente nesse momento\u201d.<\/i><\/p>\n<p><i>\u201cEsse encontro vai refletir sobre os temas relevantes da nossa Querida Amaz\u00f4nia, como quest\u00e3o do garimpo, quest\u00e3o do agroneg\u00f3cio, a quest\u00e3o da forma\u00e7\u00e3o e muitos outros temas que ser\u00e3o tratados nesses dias. Importante lembrar que esse encontro vai acontecer no mesmo local, onde aconteceu h\u00e1 50 anos o encontro de Santar\u00e9m que foi onde foi criado o Documento que hoje \u00e9 muito relevante para toda a igreja da Amaz\u00f4nia e n\u00e3o s\u00f3 da Amaz\u00f4nia brasileira, mas para todas as pessoas que se colocam para repetir sobre esse tema da Amaz\u00f4nia. Ent\u00e3o n\u00f3s convidamos a todos que nos acompanhem atrav\u00e9s das suas ora\u00e7\u00f5es e fa\u00e7am com que esse momento seja um momento forte para nossa Igreja\u201d.<\/i><\/p>\n<\/div>\n<div class=\"article__text \">\n<p><b>Padre Modino \u2013 CELAM<\/b><\/p>\n<\/div>\n","protected":false},"excerpt":{"rendered":"<p>Cerca de 100 pessoas, cardeais, bispos, presb\u00edteros, Vida Religiosa, leigos e leigas, dentre eles entre representantes dos povos ind\u00edgenas e comunidades tradicionais, se re\u00fanem no mesmo local de 6 a 9 de junho de 2022. &nbsp; 50 anos de Santar\u00e9m, 50 anos de caminhada de uma Igreja, a Igreja da Amaz\u00f4nia, marcada por uma evangeliza\u00e7\u00e3o&nbsp;<\/p>\n<p><a class=\"btn btn-style\" href=\"https:\/\/portalcatolico.net\/portal\/santarem-50-anos-de-caminhada-da-igreja-da-amazonia\/\">Continue Reading<\/a><\/p>\n","protected":false},"author":2,"featured_media":75785,"comment_status":"open","ping_status":"open","sticky":false,"template":"","format":"standard","meta":{"footnotes":""},"categories":[5],"tags":[],"class_list":["post-75784","post","type-post","status-publish","format-standard","has-post-thumbnail","hentry","category-igreja_no_mundo"],"_links":{"self":[{"href":"https:\/\/portalcatolico.net\/portal\/wp-json\/wp\/v2\/posts\/75784","targetHints":{"allow":["GET"]}}],"collection":[{"href":"https:\/\/portalcatolico.net\/portal\/wp-json\/wp\/v2\/posts"}],"about":[{"href":"https:\/\/portalcatolico.net\/portal\/wp-json\/wp\/v2\/types\/post"}],"author":[{"embeddable":true,"href":"https:\/\/portalcatolico.net\/portal\/wp-json\/wp\/v2\/users\/2"}],"replies":[{"embeddable":true,"href":"https:\/\/portalcatolico.net\/portal\/wp-json\/wp\/v2\/comments?post=75784"}],"version-history":[{"count":1,"href":"https:\/\/portalcatolico.net\/portal\/wp-json\/wp\/v2\/posts\/75784\/revisions"}],"predecessor-version":[{"id":75786,"href":"https:\/\/portalcatolico.net\/portal\/wp-json\/wp\/v2\/posts\/75784\/revisions\/75786"}],"wp:featuredmedia":[{"embeddable":true,"href":"https:\/\/portalcatolico.net\/portal\/wp-json\/wp\/v2\/media\/75785"}],"wp:attachment":[{"href":"https:\/\/portalcatolico.net\/portal\/wp-json\/wp\/v2\/media?parent=75784"}],"wp:term":[{"taxonomy":"category","embeddable":true,"href":"https:\/\/portalcatolico.net\/portal\/wp-json\/wp\/v2\/categories?post=75784"},{"taxonomy":"post_tag","embeddable":true,"href":"https:\/\/portalcatolico.net\/portal\/wp-json\/wp\/v2\/tags?post=75784"}],"curies":[{"name":"wp","href":"https:\/\/api.w.org\/{rel}","templated":true}]}}