{"id":75781,"date":"2022-06-07T21:23:24","date_gmt":"2022-06-08T00:23:24","guid":{"rendered":"http:\/\/portalcatolico.net\/portal\/?p=75781"},"modified":"2022-06-07T21:23:24","modified_gmt":"2022-06-08T00:23:24","slug":"confira-a-historia-de-santo-antonio-o-santo-pai-dos-pobres-e-casamenteiro","status":"publish","type":"post","link":"https:\/\/portalcatolico.net\/portal\/confira-a-historia-de-santo-antonio-o-santo-pai-dos-pobres-e-casamenteiro\/","title":{"rendered":"Confira a hist\u00f3ria de Santo Ant\u00f4nio, o santo pai dos pobres e casamenteiro!"},"content":{"rendered":"<div class=\"v1OutlineElement v1Ltr v1SCXW35444546 v1BCX0\">\n<p class=\"v1Paragraph v1SCXW35444546 v1BCX0 v1elementToProof\" lang=\"PT-BR\"><span class=\"v1TextRun v1SCXW35444546 v1BCX0\" lang=\"PT-BR\"><span class=\"v1NormalTextRun v1SCXW35444546 v1BCX0 v1elementToProof\">O Dia de Santo Ant\u00f4nio \u00e9 comemorado anualmente em 13 de junho, data da<\/span><\/span><span class=\"v1LineBreakBlob v1BlobObject v1DragDrop v1SCXW35444546 v1BCX0\"><span class=\"v1SCXW35444546 v1BCX0\">&nbsp;<\/span><\/span><span class=\"v1TextRun v1SCXW35444546 v1BCX0\" lang=\"PT-BR\"><span class=\"v1NormalTextRun v1SCXW35444546 v1BCX0\">sua morte.<\/span><\/span><span class=\"v1LineBreakBlob v1BlobObject v1DragDrop v1SCXW35444546 v1BCX0\"><span class=\"v1SCXW35444546 v1BCX0\">&nbsp;<\/span><\/span><\/p>\n<p class=\"v1Paragraph v1SCXW35444546 v1BCX0\" lang=\"PT-BR\"><span class=\"v1TextRun v1SCXW35444546 v1BCX0\" lang=\"PT-BR\"><span class=\"v1NormalTextRun v1SCXW35444546 v1BCX0\">Considerado um dos santos mais populares entre os brasileiros, \u00e9 tamb\u00e9m<\/span><\/span><span class=\"v1LineBreakBlob v1BlobObject v1DragDrop v1SCXW35444546 v1BCX0\"><span class=\"v1SCXW35444546 v1BCX0\">&nbsp;<\/span><\/span><span class=\"v1TextRun v1SCXW35444546 v1BCX0\" lang=\"PT-BR\"><span class=\"v1NormalTextRun v1SCXW35444546 v1BCX0\">conhecido como &#8220;Santo Ant\u00f4nio Casamenteiro&#8221;, sendo que o Dia dos<\/span><\/span><span class=\"v1LineBreakBlob v1BlobObject v1DragDrop v1SCXW35444546 v1BCX0\"><span class=\"v1SCXW35444546 v1BCX0\">&nbsp;<\/span><\/span><span class=\"v1TextRun v1SCXW35444546 v1BCX0\" lang=\"PT-BR\"><span class=\"v1NormalTextRun v1SCXW35444546 v1BCX0\">Namorados \u00e9 comemorado em 12 de junho por ser a v\u00e9spera da sua festa.<\/span><\/span><span class=\"v1LineBreakBlob v1BlobObject v1DragDrop v1SCXW35444546 v1BCX0\"><span class=\"v1SCXW35444546 v1BCX0\">&nbsp;<\/span><\/span><\/p>\n<p class=\"v1Paragraph v1SCXW35444546 v1BCX0\" lang=\"PT-BR\"><span class=\"v1LineBreakBlob v1BlobObject v1DragDrop v1SCXW35444546 v1BCX0\"><span class=\"v1SCXW35444546 v1BCX0\">&nbsp;<\/span><br class=\"v1SCXW35444546 v1BCX0\"><\/span><span class=\"v1TextRun v1SCXW35444546 v1BCX0\" lang=\"PT-BR\"><span class=\"v1NormalTextRun v1SCXW35444546 v1BCX0\">Santo Ant\u00f4nio, tradicional santo junino, come\u00e7a a ser celebrado dia 1\u00aa<\/span><\/span><span class=\"v1LineBreakBlob v1BlobObject v1DragDrop v1SCXW35444546 v1BCX0\"><span class=\"v1SCXW35444546 v1BCX0\">&nbsp;<\/span><\/span><span class=\"v1TextRun v1SCXW35444546 v1BCX0\" lang=\"PT-BR\"><span class=\"v1NormalTextRun v1SCXW35444546 v1BCX0\">de junho, com realiza\u00e7\u00f5es de trezenas que seguem at\u00e9 o dia 13 de junho.<\/span><\/span><span class=\"v1LineBreakBlob v1BlobObject v1DragDrop v1SCXW35444546 v1BCX0\"><span class=\"v1SCXW35444546 v1BCX0\">&nbsp;<\/span><\/span><\/p>\n<p class=\"v1Paragraph v1SCXW35444546 v1BCX0\" lang=\"PT-BR\"><span class=\"v1TextRun v1SCXW35444546 v1BCX0\" lang=\"PT-BR\"><span class=\"v1NormalTextRun v1SCXW35444546 v1BCX0\">Na diocese de Itabuna tem 4 paroquias dedica ao santo nas cidades:&nbsp;<\/span><\/span><span class=\"v1LineBreakBlob v1BlobObject v1DragDrop v1SCXW35444546 v1BCX0\"><span class=\"v1SCXW35444546 v1BCX0\">&nbsp;<\/span><br class=\"v1SCXW35444546 v1BCX0\"><\/span><span class=\"v1TextRun v1SCXW35444546 v1BCX0\" lang=\"PT-BR\"><span class=\"v1NormalTextRun v1SCXW35444546 v1BCX0\">Itoror\u00f3, Firmino Alves,&nbsp;<\/span><span class=\"v1NormalTextRun v1SpellingErrorV2Themed v1SCXW35444546 v1BCX0\">Itaj\u00fa<\/span><span class=\"v1NormalTextRun v1SCXW35444546 v1BCX0\">&nbsp;do Col\u00f4nia e em Itabuna, tamb\u00e9m \u00e9<\/span><\/span><span class=\"v1LineBreakBlob v1BlobObject v1DragDrop v1SCXW35444546 v1BCX0\"><span class=\"v1SCXW35444546 v1BCX0\">&nbsp;<\/span><\/span><span class=\"v1TextRun v1SCXW35444546 v1BCX0\" lang=\"PT-BR\"><span class=\"v1NormalTextRun v1SCXW35444546 v1BCX0\">celebrado em milhares de paroquias e comunidades em todas as regi\u00f5es do<\/span><\/span><span class=\"v1LineBreakBlob v1BlobObject v1DragDrop v1SCXW35444546 v1BCX0\"><span class=\"v1SCXW35444546 v1BCX0\">&nbsp;<\/span><\/span><span class=\"v1TextRun v1SCXW35444546 v1BCX0\" lang=\"PT-BR\"><span class=\"v1NormalTextRun v1SCXW35444546 v1BCX0\">pa\u00eds e do mundo.<\/span><\/span><span class=\"v1LineBreakBlob v1BlobObject v1DragDrop v1SCXW35444546 v1BCX0\"><span class=\"v1SCXW35444546 v1BCX0\">&nbsp;<\/span><br class=\"v1SCXW35444546 v1BCX0\"><\/span><span class=\"v1LineBreakBlob v1BlobObject v1DragDrop v1SCXW35444546 v1BCX0\"><span class=\"v1SCXW35444546 v1BCX0\">&nbsp;<\/span><br class=\"v1SCXW35444546 v1BCX0\"><\/span><span class=\"v1TextRun v1SCXW35444546 v1BCX0\" lang=\"PT-BR\"><span class=\"v1NormalTextRun v1SCXW35444546 v1BCX0\">Os devotos do santo, conhecido, como pai dos pobres e casamenteiro,<\/span><\/span><span class=\"v1LineBreakBlob v1BlobObject v1DragDrop v1SCXW35444546 v1BCX0\"><span class=\"v1SCXW35444546 v1BCX0\">&nbsp;<\/span><\/span><span class=\"v1TextRun v1SCXW35444546 v1BCX0\" lang=\"PT-BR\"><span class=\"v1NormalTextRun v1SCXW35444546 v1BCX0\">participam, al\u00e9m das trezenas, novenas e tr\u00edduos e ora\u00e7\u00f5es em prepara\u00e7\u00e3o<\/span><\/span><span class=\"v1LineBreakBlob v1BlobObject v1DragDrop v1SCXW35444546 v1BCX0\"><span class=\"v1SCXW35444546 v1BCX0\">&nbsp;<\/span><\/span><span class=\"v1TextRun v1SCXW35444546 v1BCX0\" lang=\"PT-BR\"><span class=\"v1NormalTextRun v1SCXW35444546 v1BCX0\">\u00e0 festa do padroeiro, celebrado no dia 13 de junho.<\/span><\/span><span class=\"v1LineBreakBlob v1BlobObject v1DragDrop v1SCXW35444546 v1BCX0\"><span class=\"v1SCXW35444546 v1BCX0\">&nbsp;<\/span><br class=\"v1SCXW35444546 v1BCX0\"><\/span><span class=\"v1LineBreakBlob v1BlobObject v1DragDrop v1SCXW35444546 v1BCX0\"><span class=\"v1SCXW35444546 v1BCX0\">&nbsp;<\/span><br class=\"v1SCXW35444546 v1BCX0\"><\/span><\/p>\n<p class=\"v1Paragraph v1SCXW35444546 v1BCX0 v1elementToProof\" lang=\"PT-BR\"><span class=\"v1TextRun v1SCXW35444546 v1BCX0\" lang=\"PT-BR\"><span class=\"v1NormalTextRun v1SCXW35444546 v1BCX0\">Santo Ant\u00f4nio nasceu em Portugal, em 1195, e \u00e9 conhecido como &#8220;de P\u00e1dua&#8221;<\/span><\/span><span class=\"v1LineBreakBlob v1BlobObject v1DragDrop v1SCXW35444546 v1BCX0\"><span class=\"v1SCXW35444546 v1BCX0\">&nbsp;<\/span><\/span><span class=\"v1TextRun v1SCXW35444546 v1BCX0\" lang=\"PT-BR\"><span class=\"v1NormalTextRun v1SCXW35444546 v1BCX0\">porque foi nessa cidade italiana onde morreu (1231) e s\u00e3o veneradas suas<\/span><\/span><span class=\"v1LineBreakBlob v1BlobObject v1DragDrop v1SCXW35444546 v1BCX0\"><span class=\"v1SCXW35444546 v1BCX0\">&nbsp;<\/span><\/span><span class=\"v1TextRun v1SCXW35444546 v1BCX0\" lang=\"PT-BR\"><span class=\"v1NormalTextRun v1SCXW35444546 v1BCX0\">rel\u00edquias. Diz-se que, certo dia, enquanto rezava, o menino Jesus<\/span><\/span><span class=\"v1LineBreakBlob v1BlobObject v1DragDrop v1SCXW35444546 v1BCX0\"><span class=\"v1SCXW35444546 v1BCX0\">&nbsp;<\/span><\/span><span class=\"v1TextRun v1SCXW35444546 v1BCX0\" lang=\"PT-BR\"><span class=\"v1NormalTextRun v1SCXW35444546 v1BCX0\">apareceu a ele.<\/span><\/span><span class=\"v1LineBreakBlob v1BlobObject v1DragDrop v1SCXW35444546 v1BCX0\"><span class=\"v1SCXW35444546 v1BCX0\">&nbsp;<\/span><\/span><\/p>\n<p class=\"v1Paragraph v1SCXW35444546 v1BCX0\" lang=\"PT-BR\"><span class=\"v1TextRun v1SCXW35444546 v1BCX0\" lang=\"PT-BR\"><span class=\"v1NormalTextRun v1SCXW35444546 v1BCX0\">S\u00e3o Boaventura dizia: &#8220;Recorre com confian\u00e7a a Ant\u00f4nio, que faz<\/span><\/span><span class=\"v1LineBreakBlob v1BlobObject v1DragDrop v1SCXW35444546 v1BCX0\"><span class=\"v1SCXW35444546 v1BCX0\">&nbsp;<\/span><\/span><span class=\"v1TextRun v1SCXW35444546 v1BCX0\" lang=\"PT-BR\"><span class=\"v1NormalTextRun v1SCXW35444546 v1BCX0\">milagres, e ele te conseguir\u00e1 o que buscas&#8221;. Le\u00e3o XIII o chamou &#8220;o santo<\/span><\/span><span class=\"v1LineBreakBlob v1BlobObject v1DragDrop v1SCXW35444546 v1BCX0\"><span class=\"v1SCXW35444546 v1BCX0\">&nbsp;<\/span><\/span><span class=\"v1TextRun v1SCXW35444546 v1BCX0\" lang=\"PT-BR\"><span class=\"v1NormalTextRun v1SCXW35444546 v1BCX0\">de todo mundo&#8221;, porque sua imagem e devo\u00e7\u00e3o se encontram por todas as<\/span><\/span><span class=\"v1LineBreakBlob v1BlobObject v1DragDrop v1SCXW35444546 v1BCX0\"><span class=\"v1SCXW35444546 v1BCX0\">&nbsp;<\/span><\/span><span class=\"v1TextRun v1SCXW35444546 v1BCX0\" lang=\"PT-BR\"><span class=\"v1NormalTextRun v1SCXW35444546 v1BCX0\">partes.<\/span><\/span><span class=\"v1LineBreakBlob v1BlobObject v1DragDrop v1SCXW35444546 v1BCX0\"><span class=\"v1SCXW35444546 v1BCX0\">&nbsp;<\/span><\/span><\/p>\n<p class=\"v1Paragraph v1SCXW35444546 v1BCX0\" lang=\"PT-BR\"><span class=\"v1TextRun v1SCXW35444546 v1BCX0\" lang=\"PT-BR\"><span class=\"v1NormalTextRun v1SCXW35444546 v1BCX0\">Santo Ant\u00f4nio de P\u00e1dua tamb\u00e9m conhecido por ser o Santo Casamenteiro \u00e9<\/span><\/span><span class=\"v1LineBreakBlob v1BlobObject v1DragDrop v1SCXW35444546 v1BCX0\"><span class=\"v1SCXW35444546 v1BCX0\">&nbsp;<\/span><\/span><span class=\"v1TextRun v1SCXW35444546 v1BCX0\" lang=\"PT-BR\"><span class=\"v1NormalTextRun v1SCXW35444546 v1BCX0\">um dos primeiros membros da ordem dos franciscanos, contempor\u00e2neo de S\u00e3o<\/span><\/span><span class=\"v1LineBreakBlob v1BlobObject v1DragDrop v1SCXW35444546 v1BCX0\"><span class=\"v1SCXW35444546 v1BCX0\">&nbsp;<\/span><\/span><span class=\"v1TextRun v1SCXW35444546 v1BCX0\" lang=\"PT-BR\"><span class=\"v1NormalTextRun v1SCXW35444546 v1BCX0\">Francisco de Assis e Santa Clara de Assis, sendo um grande exemplo de<\/span><\/span><span class=\"v1LineBreakBlob v1BlobObject v1DragDrop v1SCXW35444546 v1BCX0\"><span class=\"v1SCXW35444546 v1BCX0\">&nbsp;<\/span><\/span><span class=\"v1TextRun v1SCXW35444546 v1BCX0\" lang=\"PT-BR\"><span class=\"v1NormalTextRun v1SCXW35444546 v1BCX0\">humildade, f\u00e9 e vida em Jesus Cristo.<\/span><\/span><span class=\"v1EOP v1SCXW35444546 v1BCX0\">&nbsp;<\/span><\/p>\n<\/div>\n<div class=\"v1OutlineElement v1Ltr v1SCXW35444546 v1BCX0\">\n<p class=\"v1Paragraph v1SCXW35444546 v1BCX0\" lang=\"PT-BR\"><span class=\"v1LineBreakBlob v1BlobObject v1DragDrop v1SCXW35444546 v1BCX0\"><span class=\"v1SCXW35444546 v1BCX0\">&nbsp;<\/span><\/span><span class=\"v1TextRun v1SCXW35444546 v1BCX0\" lang=\"PT-BR\"><span class=\"v1NormalTextRun v1SCXW35444546 v1BCX0\"><strong>Conhe\u00e7a um pouco a Hist\u00f3ria de Santo Ant\u00f4ni<\/strong>o<\/span><\/span><span class=\"v1EOP v1SCXW35444546 v1BCX0\">&nbsp;<\/span><\/p>\n<\/div>\n<div class=\"v1OutlineElement v1Ltr v1SCXW35444546 v1BCX0\">\n<p class=\"v1Paragraph v1SCXW35444546 v1BCX0\" lang=\"PT-BR\"><span class=\"v1LineBreakBlob v1BlobObject v1DragDrop v1SCXW35444546 v1BCX0\"><span class=\"v1SCXW35444546 v1BCX0\">&nbsp;<\/span><\/span><span class=\"v1TextRun v1SCXW35444546 v1BCX0\" lang=\"PT-BR\"><span class=\"v1NormalTextRun v1SCXW35444546 v1BCX0\">O Dia de Santo Ant\u00f4nio \u00e9 comemorado em 13 de junho por ser a data de sua<\/span><\/span><span class=\"v1LineBreakBlob v1BlobObject v1DragDrop v1SCXW35444546 v1BCX0\"><span class=\"v1SCXW35444546 v1BCX0\">&nbsp;<\/span><\/span><span class=\"v1TextRun v1SCXW35444546 v1BCX0\" lang=\"PT-BR\"><span class=\"v1NormalTextRun v1SCXW35444546 v1BCX0\">morte. Santo Ant\u00f4nio de Lisboa, ou Santo Ant\u00f4nio de P\u00e1dua nasceu em<\/span><\/span><span class=\"v1LineBreakBlob v1BlobObject v1DragDrop v1SCXW35444546 v1BCX0\"><span class=\"v1SCXW35444546 v1BCX0\">&nbsp;<\/span><\/span><span class=\"v1TextRun v1SCXW35444546 v1BCX0\" lang=\"PT-BR\"><span class=\"v1NormalTextRun v1SCXW35444546 v1BCX0\">Lisboa no dia 15 de agosto, provavelmente entre os anos de 1191 e 1195 e<\/span><\/span><span class=\"v1LineBreakBlob v1BlobObject v1DragDrop v1SCXW35444546 v1BCX0\"><span class=\"v1SCXW35444546 v1BCX0\">&nbsp;<\/span><\/span><span class=\"v1TextRun v1SCXW35444546 v1BCX0\" lang=\"PT-BR\"><span class=\"v1NormalTextRun v1SCXW35444546 v1BCX0\">morreu em P\u00e1dua, na It\u00e1lia, no dia 13 de junho do ano de 1231.<\/span><\/span><span class=\"v1LineBreakBlob v1BlobObject v1DragDrop v1SCXW35444546 v1BCX0\"><span class=\"v1SCXW35444546 v1BCX0\">&nbsp;<\/span><\/span><\/p>\n<p class=\"v1Paragraph v1SCXW35444546 v1BCX0\" lang=\"PT-BR\"><span class=\"v1TextRun v1SCXW35444546 v1BCX0\" lang=\"PT-BR\"><span class=\"v1NormalTextRun v1SCXW35444546 v1BCX0\">Santo Ant\u00f4nio foi inicialmente um frade agostiniano e um grande<\/span><\/span><span class=\"v1LineBreakBlob v1BlobObject v1DragDrop v1SCXW35444546 v1BCX0\"><span class=\"v1SCXW35444546 v1BCX0\">&nbsp;<\/span><\/span><span class=\"v1TextRun v1SCXW35444546 v1BCX0\" lang=\"PT-BR\"><span class=\"v1NormalTextRun v1SCXW35444546 v1BCX0\">estudioso e pregador. Mais tarde entrou para a Ordem de S\u00e3o Francisco de<\/span><\/span><span class=\"v1LineBreakBlob v1BlobObject v1DragDrop v1SCXW35444546 v1BCX0\"><span class=\"v1SCXW35444546 v1BCX0\">&nbsp;<\/span><\/span><span class=\"v1TextRun v1SCXW35444546 v1BCX0\" lang=\"PT-BR\"><span class=\"v1NormalTextRun v1SCXW35444546 v1BCX0\">Assis (Franciscana), em 1220.<\/span><\/span><span class=\"v1LineBreakBlob v1BlobObject v1DragDrop v1SCXW35444546 v1BCX0\"><span class=\"v1SCXW35444546 v1BCX0\">&nbsp;<\/span><br class=\"v1SCXW35444546 v1BCX0\"><\/span><\/p>\n<p class=\"v1Paragraph v1SCXW35444546 v1BCX0 v1elementToProof\" lang=\"PT-BR\"><span class=\"v1TextRun v1SCXW35444546 v1BCX0\" lang=\"PT-BR\"><span class=\"v1NormalTextRun v1SCXW35444546 v1BCX0\">Foi muito conhecido pela sua vida despojada de riquezas, apesar de ter<\/span><\/span><span class=\"v1LineBreakBlob v1BlobObject v1DragDrop v1SCXW35444546 v1BCX0\"><span class=\"v1SCXW35444546 v1BCX0\">&nbsp;<\/span><\/span><span class=\"v1TextRun v1SCXW35444546 v1BCX0\" lang=\"PT-BR\"><span class=\"v1NormalTextRun v1SCXW35444546 v1BCX0\">nascido em uma fam\u00edlia influente. O seu trabalho com os pobres foi<\/span><\/span><span class=\"v1LineBreakBlob v1BlobObject v1DragDrop v1SCXW35444546 v1BCX0\"><span class=\"v1SCXW35444546 v1BCX0\">&nbsp;<\/span><\/span><span class=\"v1TextRun v1SCXW35444546 v1BCX0\" lang=\"PT-BR\"><span class=\"v1NormalTextRun v1SCXW35444546 v1BCX0\">essencial para que fosse rapidamente reconhecido como santo ap\u00f3s sua<\/span><\/span><span class=\"v1LineBreakBlob v1BlobObject v1DragDrop v1SCXW35444546 v1BCX0\"><span class=\"v1SCXW35444546 v1BCX0\">&nbsp;<\/span><\/span><span class=\"v1TextRun v1SCXW35444546 v1BCX0\" lang=\"PT-BR\"><span class=\"v1NormalTextRun v1SCXW35444546 v1BCX0\">morte.<\/span><\/span><span class=\"v1LineBreakBlob v1BlobObject v1DragDrop v1SCXW35444546 v1BCX0\"><span class=\"v1SCXW35444546 v1BCX0\">&nbsp;<\/span><\/span><\/p>\n<p class=\"v1Paragraph v1SCXW35444546 v1BCX0\" lang=\"PT-BR\"><span class=\"v1TextRun v1SCXW35444546 v1BCX0\" lang=\"PT-BR\"><span class=\"v1NormalTextRun v1SCXW35444546 v1BCX0\">Tamb\u00e9m desenvolveu um grande amor pela figura do Menino Jesus e teria<\/span><\/span><span class=\"v1LineBreakBlob v1BlobObject v1DragDrop v1SCXW35444546 v1BCX0\"><span class=\"v1SCXW35444546 v1BCX0\">&nbsp;<\/span><\/span><span class=\"v1TextRun v1SCXW35444546 v1BCX0\" lang=\"PT-BR\"><span class=\"v1NormalTextRun v1SCXW35444546 v1BCX0\">recebido&nbsp;<\/span><span class=\"v1NormalTextRun v1ContextualSpellingAndGrammarErrorV2Themed v1SCXW35444546 v1BCX0\">vis\u00f5es Dele<\/span><span class=\"v1NormalTextRun v1SCXW35444546 v1BCX0\">&nbsp;enquanto estava em ora\u00e7\u00e3o. Por isso, o santo \u00e9<\/span><\/span><span class=\"v1LineBreakBlob v1BlobObject v1DragDrop v1SCXW35444546 v1BCX0\"><span class=\"v1SCXW35444546 v1BCX0\">&nbsp;<\/span><\/span><span class=\"v1TextRun v1SCXW35444546 v1BCX0\" lang=\"PT-BR\"><span class=\"v1NormalTextRun v1SCXW35444546 v1BCX0\">representado carregando-O nos bra\u00e7os, junto a um ramo de l\u00edrios, s\u00edmbolo<\/span><\/span><span class=\"v1LineBreakBlob v1BlobObject v1DragDrop v1SCXW35444546 v1BCX0\"><span class=\"v1SCXW35444546 v1BCX0\">&nbsp;<\/span><\/span><span class=\"v1TextRun v1SCXW35444546 v1BCX0\" lang=\"PT-BR\"><span class=\"v1NormalTextRun v1ContextualSpellingAndGrammarErrorV2Themed v1SCXW35444546 v1BCX0\">da<\/span><span class=\"v1NormalTextRun v1SCXW35444546 v1BCX0\">&nbsp;castidade.<\/span><\/span><span class=\"v1LineBreakBlob v1BlobObject v1DragDrop v1SCXW35444546 v1BCX0\"><span class=\"v1SCXW35444546 v1BCX0\">&nbsp;<\/span><\/span><\/p>\n<p class=\"v1Paragraph v1SCXW35444546 v1BCX0\" lang=\"PT-BR\"><span class=\"v1TextRun v1SCXW35444546 v1BCX0\" lang=\"PT-BR\"><span class=\"v1NormalTextRun v1SCXW35444546 v1BCX0\">A canoniza\u00e7\u00e3o de Santo Ant\u00f4nio aconteceu poucos anos ap\u00f3s sua morte, e<\/span><\/span><span class=\"v1LineBreakBlob v1BlobObject v1DragDrop v1SCXW35444546 v1BCX0\"><span class=\"v1SCXW35444546 v1BCX0\">&nbsp;<\/span><\/span><span class=\"v1TextRun v1SCXW35444546 v1BCX0\" lang=\"PT-BR\"><span class=\"v1NormalTextRun v1SCXW35444546 v1BCX0\">muitos consideram que ter\u00e1 sido uma das canoniza\u00e7\u00f5es mais r\u00e1pidas da<\/span><\/span><span class=\"v1LineBreakBlob v1BlobObject v1DragDrop v1SCXW35444546 v1BCX0\"><span class=\"v1SCXW35444546 v1BCX0\">&nbsp;<\/span><\/span><span class=\"v1TextRun v1SCXW35444546 v1BCX0\" lang=\"PT-BR\"><span class=\"v1NormalTextRun v1SCXW35444546 v1BCX0\">hist\u00f3ria.<\/span><\/span><span class=\"v1EOP v1SCXW35444546 v1BCX0\">&nbsp;<\/span><\/p>\n<\/div>\n<div class=\"v1OutlineElement v1Ltr v1SCXW35444546 v1BCX0\">\n<p class=\"v1Paragraph v1SCXW35444546 v1BCX0\" lang=\"PT-BR\"><span class=\"v1LineBreakBlob v1BlobObject v1DragDrop v1SCXW35444546 v1BCX0\"><span class=\"v1SCXW35444546 v1BCX0\">&nbsp;<\/span><\/span><strong><span class=\"v1TextRun v1SCXW35444546 v1BCX0\" lang=\"PT-BR\"><span class=\"v1NormalTextRun v1SCXW35444546 v1BCX0\">Milagres de Santo Ant\u00f4nio<\/span><\/span><span class=\"v1EOP v1SCXW35444546 v1BCX0\">&nbsp;<\/span><\/strong><\/p>\n<\/div>\n<div class=\"v1OutlineElement v1Ltr v1SCXW35444546 v1BCX0\">\n<p class=\"v1Paragraph v1SCXW35444546 v1BCX0\" lang=\"PT-BR\"><span class=\"v1LineBreakBlob v1BlobObject v1DragDrop v1SCXW35444546 v1BCX0\"><span class=\"v1SCXW35444546 v1BCX0\">&nbsp;<\/span><\/span><span class=\"v1TextRun v1SCXW35444546 v1BCX0\" lang=\"PT-BR\"><span class=\"v1NormalTextRun v1SCXW35444546 v1BCX0\">Santo Ant\u00f4nio fez v\u00e1rios milagres em vida e um dos mais famosos \u00e9 o da<\/span><\/span><span class=\"v1LineBreakBlob v1BlobObject v1DragDrop v1SCXW35444546 v1BCX0\"><span class=\"v1SCXW35444546 v1BCX0\">&nbsp;<\/span><\/span><span class=\"v1TextRun v1SCXW35444546 v1BCX0\" lang=\"PT-BR\"><span class=\"v1NormalTextRun v1SCXW35444546 v1BCX0\">prega\u00e7\u00e3o aos peixes. Quando o santo estava na It\u00e1lia, se dirigiu \u00e0<\/span><\/span><span class=\"v1LineBreakBlob v1BlobObject v1DragDrop v1SCXW35444546 v1BCX0\"><span class=\"v1SCXW35444546 v1BCX0\">&nbsp;<\/span><\/span><span class=\"v1TextRun v1SCXW35444546 v1BCX0\" lang=\"PT-BR\"><span class=\"v1NormalTextRun v1SCXW35444546 v1BCX0\">cidade de Rimini para evangelizar os hereges. Como n\u00e3o foi ouvido,<\/span><\/span><span class=\"v1LineBreakBlob v1BlobObject v1DragDrop v1SCXW35444546 v1BCX0\"><span class=\"v1SCXW35444546 v1BCX0\">&nbsp;<\/span><\/span><span class=\"v1TextRun v1SCXW35444546 v1BCX0\" lang=\"PT-BR\"><span class=\"v1NormalTextRun v1SCXW35444546 v1BCX0\">passou a falar da palavra de Deus para os peixes que prontamente<\/span><\/span><span class=\"v1LineBreakBlob v1BlobObject v1DragDrop v1SCXW35444546 v1BCX0\"><span class=\"v1SCXW35444546 v1BCX0\">&nbsp;<\/span><\/span><span class=\"v1TextRun v1SCXW35444546 v1BCX0\" lang=\"PT-BR\"><span class=\"v1NormalTextRun v1SCXW35444546 v1BCX0\">apareceram com as cabe\u00e7as fora d&#8217;\u00e1gua.<\/span><\/span><span class=\"v1LineBreakBlob v1BlobObject v1DragDrop v1SCXW35444546 v1BCX0\"><span class=\"v1SCXW35444546 v1BCX0\">&nbsp;<\/span><\/span><\/p>\n<p class=\"v1Paragraph v1SCXW35444546 v1BCX0\" lang=\"PT-BR\"><span class=\"v1TextRun v1SCXW35444546 v1BCX0\" lang=\"PT-BR\"><span class=\"v1NormalTextRun v1SCXW35444546 v1BCX0\">Tamb\u00e9m quando fez um serm\u00e3o sobre a presen\u00e7a de Cristo na eucaristia, um<\/span><\/span><span class=\"v1LineBreakBlob v1BlobObject v1DragDrop v1SCXW35444546 v1BCX0\"><span class=\"v1SCXW35444546 v1BCX0\">&nbsp;<\/span><\/span><span class=\"v1TextRun v1SCXW35444546 v1BCX0\" lang=\"PT-BR\"><span class=\"v1NormalTextRun v1SCXW35444546 v1BCX0\">homem, dono de um burro de carga, se p\u00f4s a burlar do santo. Este o<\/span><\/span><span class=\"v1LineBreakBlob v1BlobObject v1DragDrop v1SCXW35444546 v1BCX0\"><span class=\"v1SCXW35444546 v1BCX0\">&nbsp;<\/span><\/span><span class=\"v1TextRun v1SCXW35444546 v1BCX0\" lang=\"PT-BR\"><span class=\"v1NormalTextRun v1SCXW35444546 v1BCX0\">desafiou pedindo que trouxesse o animal e que ele saberia reconhecer<\/span><\/span><span class=\"v1LineBreakBlob v1BlobObject v1DragDrop v1SCXW35444546 v1BCX0\"><span class=\"v1SCXW35444546 v1BCX0\">&nbsp;<\/span><\/span><span class=\"v1TextRun v1SCXW35444546 v1BCX0\" lang=\"PT-BR\"><span class=\"v1NormalTextRun v1SCXW35444546 v1BCX0\">quem estaria contido na h\u00f3stia.<\/span><\/span><span class=\"v1LineBreakBlob v1BlobObject v1DragDrop v1SCXW35444546 v1BCX0\"><span class=\"v1SCXW35444546 v1BCX0\">&nbsp;<\/span><\/span><\/p>\n<p class=\"v1Paragraph v1SCXW35444546 v1BCX0\" lang=\"PT-BR\"><span class=\"v1TextRun v1SCXW35444546 v1BCX0\" lang=\"PT-BR\"><span class=\"v1NormalTextRun v1SCXW35444546 v1BCX0\">Imediatamente, trouxeram o burro e puseram um pouco de capim para que<\/span><\/span><span class=\"v1LineBreakBlob v1BlobObject v1DragDrop v1SCXW35444546 v1BCX0\"><span class=\"v1SCXW35444546 v1BCX0\">&nbsp;<\/span><\/span><span class=\"v1TextRun v1SCXW35444546 v1BCX0\" lang=\"PT-BR\"><span class=\"v1NormalTextRun v1SCXW35444546 v1BCX0\">fosse atra\u00eddo pelo alimento. Quando Santo Ant\u00f4nio mostrou-lhe a h\u00f3stia,<\/span><\/span><span class=\"v1LineBreakBlob v1BlobObject v1DragDrop v1SCXW35444546 v1BCX0\"><span class=\"v1SCXW35444546 v1BCX0\">&nbsp;<\/span><\/span><span class=\"v1TextRun v1SCXW35444546 v1BCX0\" lang=\"PT-BR\"><span class=\"v1NormalTextRun v1SCXW35444546 v1BCX0\">o animal imediatamente se ajoelhou, fazendo uma rever\u00eancia ao<\/span><\/span><span class=\"v1LineBreakBlob v1BlobObject v1DragDrop v1SCXW35444546 v1BCX0\"><span class=\"v1SCXW35444546 v1BCX0\">&nbsp;<\/span><\/span><span class=\"v1TextRun v1SCXW35444546 v1BCX0\" lang=\"PT-BR\"><span class=\"v1NormalTextRun v1SCXW35444546 v1BCX0\">sacramento.<\/span><\/span><span class=\"v1LineBreakBlob v1BlobObject v1DragDrop v1SCXW35444546 v1BCX0\"><span class=\"v1SCXW35444546 v1BCX0\">&nbsp;<\/span><\/span><\/p>\n<\/div>\n","protected":false},"excerpt":{"rendered":"<p>O Dia de Santo Ant\u00f4nio \u00e9 comemorado anualmente em 13 de junho, data da&nbsp;sua morte.&nbsp; Considerado um dos santos mais populares entre os brasileiros, \u00e9 tamb\u00e9m&nbsp;conhecido como &#8220;Santo Ant\u00f4nio Casamenteiro&#8221;, sendo que o Dia dos&nbsp;Namorados \u00e9 comemorado em 12 de junho por ser a v\u00e9spera da sua festa.&nbsp; &nbsp;Santo Ant\u00f4nio, tradicional santo junino, come\u00e7a a&nbsp;<\/p>\n<p><a class=\"btn btn-style\" href=\"https:\/\/portalcatolico.net\/portal\/confira-a-historia-de-santo-antonio-o-santo-pai-dos-pobres-e-casamenteiro\/\">Continue Reading<\/a><\/p>\n","protected":false},"author":2,"featured_media":75782,"comment_status":"open","ping_status":"open","sticky":false,"template":"","format":"standard","meta":{"footnotes":""},"categories":[4],"tags":[],"class_list":["post-75781","post","type-post","status-publish","format-standard","has-post-thumbnail","hentry","category-destaques"],"_links":{"self":[{"href":"https:\/\/portalcatolico.net\/portal\/wp-json\/wp\/v2\/posts\/75781","targetHints":{"allow":["GET"]}}],"collection":[{"href":"https:\/\/portalcatolico.net\/portal\/wp-json\/wp\/v2\/posts"}],"about":[{"href":"https:\/\/portalcatolico.net\/portal\/wp-json\/wp\/v2\/types\/post"}],"author":[{"embeddable":true,"href":"https:\/\/portalcatolico.net\/portal\/wp-json\/wp\/v2\/users\/2"}],"replies":[{"embeddable":true,"href":"https:\/\/portalcatolico.net\/portal\/wp-json\/wp\/v2\/comments?post=75781"}],"version-history":[{"count":1,"href":"https:\/\/portalcatolico.net\/portal\/wp-json\/wp\/v2\/posts\/75781\/revisions"}],"predecessor-version":[{"id":75783,"href":"https:\/\/portalcatolico.net\/portal\/wp-json\/wp\/v2\/posts\/75781\/revisions\/75783"}],"wp:featuredmedia":[{"embeddable":true,"href":"https:\/\/portalcatolico.net\/portal\/wp-json\/wp\/v2\/media\/75782"}],"wp:attachment":[{"href":"https:\/\/portalcatolico.net\/portal\/wp-json\/wp\/v2\/media?parent=75781"}],"wp:term":[{"taxonomy":"category","embeddable":true,"href":"https:\/\/portalcatolico.net\/portal\/wp-json\/wp\/v2\/categories?post=75781"},{"taxonomy":"post_tag","embeddable":true,"href":"https:\/\/portalcatolico.net\/portal\/wp-json\/wp\/v2\/tags?post=75781"}],"curies":[{"name":"wp","href":"https:\/\/api.w.org\/{rel}","templated":true}]}}