{"id":75776,"date":"2022-06-07T21:19:58","date_gmt":"2022-06-08T00:19:58","guid":{"rendered":"http:\/\/portalcatolico.net\/portal\/?p=75776"},"modified":"2022-06-07T21:20:19","modified_gmt":"2022-06-08T00:20:19","slug":"missa-de-setimo-dia-em-homenagem-a-tamara-matos-acontece-amanha","status":"publish","type":"post","link":"https:\/\/portalcatolico.net\/portal\/missa-de-setimo-dia-em-homenagem-a-tamara-matos-acontece-amanha\/","title":{"rendered":"Missa de s\u00e9timo dia em homenagem a T\u00e2mara Matos acontece amanh\u00e3!"},"content":{"rendered":"<div class=\"v1elementToProof\"><img loading=\"lazy\" decoding=\"async\" class=\"size-medium wp-image-75778 alignleft\" src=\"http:\/\/portalcatolico.net\/portal\/wp-content\/uploads\/2022\/06\/c0ad1318-6624-4426-879d-863736c6d8fa-169x300.jpg\" alt=\"\" width=\"169\" height=\"300\" srcset=\"https:\/\/portalcatolico.net\/portal\/wp-content\/uploads\/2022\/06\/c0ad1318-6624-4426-879d-863736c6d8fa-169x300.jpg 169w, https:\/\/portalcatolico.net\/portal\/wp-content\/uploads\/2022\/06\/c0ad1318-6624-4426-879d-863736c6d8fa-768x1365.jpg 768w, https:\/\/portalcatolico.net\/portal\/wp-content\/uploads\/2022\/06\/c0ad1318-6624-4426-879d-863736c6d8fa-576x1024.jpg 576w, https:\/\/portalcatolico.net\/portal\/wp-content\/uploads\/2022\/06\/c0ad1318-6624-4426-879d-863736c6d8fa.jpg 900w\" sizes=\"auto, (max-width: 169px) 100vw, 169px\" \/>Na pr\u00f3xima quarta-feira, dia 08\/06, acontecer\u00e1 a Missa de s\u00e9timo dia em homenagem a T\u00e2mara Matos.&nbsp;&nbsp;<\/div>\n<div class=\"v1elementToProof\">\n<div class=\"v1OutlineElement v1Ltr v1SCXW216688546 v1BCX0\">\n<p class=\"v1Paragraph v1SCXW216688546 v1BCX0\" lang=\"PT-BR\"><span class=\"v1TextRun v1SCXW216688546 v1BCX0\" lang=\"PT-BR\"><span class=\"v1NormalTextRun v1SCXW216688546 v1BCX0\">T\u00e2mara Matos, 27 anos, era cantora sertaneja, engenheira e tamb\u00e9m trabalhava na Secretaria Municipal de Infraestrutura de Itabuna<\/span><\/span><span class=\"v1TextRun v1SCXW216688546 v1BCX0\" lang=\"PT-BR\"><span class=\"v1NormalTextRun v1SCXW216688546 v1BCX0\">, no sul da Bahia.&nbsp;<\/span><span class=\"v1NormalTextRun v1SCXW216688546 v1BCX0\">A artista morreu ap\u00f3s ter sido atropelada por um carro desgovernado<\/span><\/span><span class=\"v1TextRun v1SCXW216688546 v1BCX0\" lang=\"PT-BR\"><span class=\"v1NormalTextRun v1SCXW216688546 v1BCX0\">, na tarde da \u00faltima quinta-feira (2).<\/span><\/span><span class=\"v1EOP v1SCXW216688546 v1BCX0\">&nbsp;<\/span><\/p>\n<\/div>\n<div class=\"v1OutlineElement v1Ltr v1SCXW216688546 v1BCX0\">\n<p class=\"v1Paragraph v1SCXW216688546 v1BCX0\" lang=\"PT-BR\"><span class=\"v1TextRun v1SCXW216688546 v1BCX0\" lang=\"PT-BR\"><span class=\"v1NormalTextRun v1SCXW216688546 v1BCX0\">T\u00e2mara come\u00e7ou a cantar na igreja que frequentava, Santa Maria&nbsp;<\/span><span class=\"v1NormalTextRun v1SpellingErrorV2Themed v1SCXW216688546 v1BCX0\">Goretti<\/span><span class=\"v1NormalTextRun v1SCXW216688546 v1BCX0\">, situada no bairro&nbsp;<\/span><span class=\"v1NormalTextRun v1SpellingErrorV2Themed v1SCXW216688546 v1BCX0\">Mangabinha<\/span><span class=\"v1NormalTextRun v1SCXW216688546 v1BCX0\">, em&nbsp;<\/span><span class=\"v1NormalTextRun v1ContextualSpellingAndGrammarErrorV2Themed v1SCXW216688546 v1BCX0\">Itabuna..<\/span><span class=\"v1NormalTextRun v1SCXW216688546 v1BCX0\">&nbsp;Foi l\u00e1 onde ela montou uma banda e passou a fazer shows em bares de v\u00e1rios munic\u00edpios do sul baiano. T\u00e2mara era muito querida pela comunidade cat\u00f3lica. Ela foi coordenadora do Encontro de Jovens com Cristo, na par\u00f3quia Santa Maria&nbsp;<\/span><span class=\"v1NormalTextRun v1SpellingErrorV2Themed v1SCXW216688546 v1BCX0\">Goretti<\/span><span class=\"v1NormalTextRun v1SCXW216688546 v1BCX0\">&nbsp;e sempre estava presente nos eventos cat\u00f3licos da cidade.&nbsp;<\/span><\/span><span class=\"v1EOP v1SCXW216688546 v1BCX0\">&nbsp;A missa ser\u00e1 celebrada \u00e0s 19h, na igreja t\u00e3o querida por T\u00e2mara.&nbsp;<\/span><\/p>\n<p class=\"v1Paragraph v1SCXW216688546 v1BCX0\" lang=\"PT-BR\"><span class=\"v1EOP v1SCXW216688546 v1BCX0\">Participe da celebra\u00e7\u00e3o!<\/span><\/p>\n<p lang=\"PT-BR\">Fotos: Redes sociais<\/p>\n<\/div>\n<\/div>\n","protected":false},"excerpt":{"rendered":"<p>Na pr\u00f3xima quarta-feira, dia 08\/06, acontecer\u00e1 a Missa de s\u00e9timo dia em homenagem a T\u00e2mara Matos.&nbsp;&nbsp; T\u00e2mara Matos, 27 anos, era cantora sertaneja, engenheira e tamb\u00e9m trabalhava na Secretaria Municipal de Infraestrutura de Itabuna, no sul da Bahia.&nbsp;A artista morreu ap\u00f3s ter sido atropelada por um carro desgovernado, na tarde da \u00faltima quinta-feira (2).&nbsp; T\u00e2mara&nbsp;<\/p>\n<p><a class=\"btn btn-style\" href=\"https:\/\/portalcatolico.net\/portal\/missa-de-setimo-dia-em-homenagem-a-tamara-matos-acontece-amanha\/\">Continue Reading<\/a><\/p>\n","protected":false},"author":2,"featured_media":75777,"comment_status":"open","ping_status":"open","sticky":false,"template":"","format":"standard","meta":{"footnotes":""},"categories":[4],"tags":[],"class_list":["post-75776","post","type-post","status-publish","format-standard","has-post-thumbnail","hentry","category-destaques"],"_links":{"self":[{"href":"https:\/\/portalcatolico.net\/portal\/wp-json\/wp\/v2\/posts\/75776","targetHints":{"allow":["GET"]}}],"collection":[{"href":"https:\/\/portalcatolico.net\/portal\/wp-json\/wp\/v2\/posts"}],"about":[{"href":"https:\/\/portalcatolico.net\/portal\/wp-json\/wp\/v2\/types\/post"}],"author":[{"embeddable":true,"href":"https:\/\/portalcatolico.net\/portal\/wp-json\/wp\/v2\/users\/2"}],"replies":[{"embeddable":true,"href":"https:\/\/portalcatolico.net\/portal\/wp-json\/wp\/v2\/comments?post=75776"}],"version-history":[{"count":2,"href":"https:\/\/portalcatolico.net\/portal\/wp-json\/wp\/v2\/posts\/75776\/revisions"}],"predecessor-version":[{"id":75780,"href":"https:\/\/portalcatolico.net\/portal\/wp-json\/wp\/v2\/posts\/75776\/revisions\/75780"}],"wp:featuredmedia":[{"embeddable":true,"href":"https:\/\/portalcatolico.net\/portal\/wp-json\/wp\/v2\/media\/75777"}],"wp:attachment":[{"href":"https:\/\/portalcatolico.net\/portal\/wp-json\/wp\/v2\/media?parent=75776"}],"wp:term":[{"taxonomy":"category","embeddable":true,"href":"https:\/\/portalcatolico.net\/portal\/wp-json\/wp\/v2\/categories?post=75776"},{"taxonomy":"post_tag","embeddable":true,"href":"https:\/\/portalcatolico.net\/portal\/wp-json\/wp\/v2\/tags?post=75776"}],"curies":[{"name":"wp","href":"https:\/\/api.w.org\/{rel}","templated":true}]}}