{"id":75373,"date":"2022-04-23T18:33:33","date_gmt":"2022-04-23T21:33:33","guid":{"rendered":"http:\/\/portalcatolico.net\/portal\/?p=75373"},"modified":"2022-04-23T18:33:33","modified_gmt":"2022-04-23T21:33:33","slug":"como-lucrar-indulgencia-plenaria-no-domingo-da-divina-misericordia","status":"publish","type":"post","link":"https:\/\/portalcatolico.net\/portal\/como-lucrar-indulgencia-plenaria-no-domingo-da-divina-misericordia\/","title":{"rendered":"Como lucrar indulg\u00eancia plen\u00e1ria no Domingo da Divina Miseric\u00f3rdia?"},"content":{"rendered":"<p>No segundo domingo da P\u00e1scoa \u2013 neste ano, dia 24 de abril \u2013, \u00e9 celebrada a Divina Miseric\u00f3rdia. Esta festa lit\u00fargica permite ao fiel alcan\u00e7ar a gra\u00e7a do perd\u00e3o dos pecados.<\/p>\n<p>\u201cDesejo que a Festa da Miseric\u00f3rdia seja ref\u00fagio e abrigo para todas as almas, especialmente para os pecadores (&#8230;). Derramo todo um mar de gra\u00e7as sobre as almas que se aproximam da fonte da Minha miseric\u00f3rdia. A alma que se confessar e comungar alcan\u00e7ar\u00e1 o perd\u00e3o das culpas e das penas. Nesse dia, est\u00e3o abertas todas as comportas divinas, pelas quais fluem as gra\u00e7as\u201d, prometeu Jesus em suas apari\u00e7\u00f5es \u00e0 santa Faustina Kowalska.<\/p>\n<p>\u201cQue nenhuma alma tenha medo de se aproximar de Mim, ainda que seus pecados sejam como o escarlate\u201d, assegurou-lhe o Senhor.<\/p>\n<p>No ano 2000, o papa s\u00e3o Jo\u00e3o Paulo II instituiu esta Festa da Miseric\u00f3rdia e, em 2002, foi publicado pela Santa S\u00e9 o \u201cdecreto sobre as indulg\u00eancias recebidas na Festa da Divina Miseric\u00f3rdia\u201d, um dom que tamb\u00e9m pode ser alcan\u00e7ado pelos doentes e navegantes em alto mar.<\/p>\n<p>Concede-se indulg\u00eancia plen\u00e1ria no segundo domingo de P\u00e1scoa ao fiel que, com as condi\u00e7\u00f5es habituais (confiss\u00e3o sacramental, comunh\u00e3o eucar\u00edstica e ora\u00e7\u00e3o pelas inten\u00e7\u00f5es do Santo Padre), \u201cparticipe nas pr\u00e1ticas de piedade em honra da Divina Miseric\u00f3rdia, ou pelo menos recite, na presen\u00e7a do Sant\u00edssimo Sacramento da&nbsp;Eucaristia, publicamente exposto ou guardado no Tabern\u00e1culo, o Pai-Nosso e o Credo, juntamente com uma invoca\u00e7\u00e3o piedosa ao Senhor Jesus Misericordioso (por ex., \u2018\u00d3 Jesus Misericordioso, confio em Ti\u2019)\u201d.<\/p>\n<p>E a indulg\u00eancia parcial \u00e9 concedida \u201cao fiel que, pelo menos com o cora\u00e7\u00e3o contrito, eleve ao Senhor Jesus Misericordioso uma das invoca\u00e7\u00f5es piedosas legitimamente aprovadas\u201d.<\/p>\n<p>Tamb\u00e9m os doentes e as pessoas que os ajudam, os navegantes, os afetados pela guerra, conflitos ou clima severamente adverso \u201ce a todos os que, por uma justa causa, n\u00e3o podem abandonar a casa ou desempenham uma atividade que n\u00e3o pode ser adiada em benef\u00edcio da comunidade, poder\u00e3o obter a indulg\u00eancia plen\u00e1ria no Domingo da Divina Miseric\u00f3rdia\u201d.<\/p>\n<p>Para isso, devem, com total recha\u00e7o de qualquer pecado e com a inten\u00e7\u00e3o de cumprir logo que poss\u00edvel as tr\u00eas condi\u00e7\u00f5es habituais, rezar \u201cdiante de uma piedosa imagem de Nosso Senhor Jesus Misericordioso, o Pai-Nosso e o Credo, acrescentando uma invoca\u00e7\u00e3o piedosa ao Senhor Jesus Misericordioso\u201d.<\/p>\n<p>Al\u00e9m disso, se nem mesmo essas exig\u00eancias puderem ser cumpridas, poder\u00e3o obter a indulg\u00eancia plen\u00e1ria \u201ctodos os que se unirem com a inten\u00e7\u00e3o de esp\u00edrito aos que praticam de maneira ordin\u00e1ria a obra prescrita para a Indulg\u00eancia e oferecem a Deus Misericordioso uma ora\u00e7\u00e3o e juntamente com os sofrimentos das suas enfermidades e os inc\u00f4modos da pr\u00f3pria&nbsp;vida, tendo tamb\u00e9m eles o prop\u00f3sito de cumprir logo que seja poss\u00edvel as tr\u00eas condi\u00e7\u00f5es prescritas para a aquisi\u00e7\u00e3o da Indulg\u00eancia plen\u00e1ria\u201d.(ACI)<\/p>\n","protected":false},"excerpt":{"rendered":"<p>No segundo domingo da P\u00e1scoa \u2013 neste ano, dia 24 de abril \u2013, \u00e9 celebrada a Divina Miseric\u00f3rdia. Esta festa lit\u00fargica permite ao fiel alcan\u00e7ar a gra\u00e7a do perd\u00e3o dos pecados. \u201cDesejo que a Festa da Miseric\u00f3rdia seja ref\u00fagio e abrigo para todas as almas, especialmente para os pecadores (&#8230;). Derramo todo um mar de&nbsp;<\/p>\n<p><a class=\"btn btn-style\" href=\"https:\/\/portalcatolico.net\/portal\/como-lucrar-indulgencia-plenaria-no-domingo-da-divina-misericordia\/\">Continue Reading<\/a><\/p>\n","protected":false},"author":2,"featured_media":75374,"comment_status":"open","ping_status":"open","sticky":false,"template":"","format":"standard","meta":{"footnotes":""},"categories":[69],"tags":[],"class_list":["post-75373","post","type-post","status-publish","format-standard","has-post-thumbnail","hentry","category-artigos"],"_links":{"self":[{"href":"https:\/\/portalcatolico.net\/portal\/wp-json\/wp\/v2\/posts\/75373","targetHints":{"allow":["GET"]}}],"collection":[{"href":"https:\/\/portalcatolico.net\/portal\/wp-json\/wp\/v2\/posts"}],"about":[{"href":"https:\/\/portalcatolico.net\/portal\/wp-json\/wp\/v2\/types\/post"}],"author":[{"embeddable":true,"href":"https:\/\/portalcatolico.net\/portal\/wp-json\/wp\/v2\/users\/2"}],"replies":[{"embeddable":true,"href":"https:\/\/portalcatolico.net\/portal\/wp-json\/wp\/v2\/comments?post=75373"}],"version-history":[{"count":1,"href":"https:\/\/portalcatolico.net\/portal\/wp-json\/wp\/v2\/posts\/75373\/revisions"}],"predecessor-version":[{"id":75375,"href":"https:\/\/portalcatolico.net\/portal\/wp-json\/wp\/v2\/posts\/75373\/revisions\/75375"}],"wp:featuredmedia":[{"embeddable":true,"href":"https:\/\/portalcatolico.net\/portal\/wp-json\/wp\/v2\/media\/75374"}],"wp:attachment":[{"href":"https:\/\/portalcatolico.net\/portal\/wp-json\/wp\/v2\/media?parent=75373"}],"wp:term":[{"taxonomy":"category","embeddable":true,"href":"https:\/\/portalcatolico.net\/portal\/wp-json\/wp\/v2\/categories?post=75373"},{"taxonomy":"post_tag","embeddable":true,"href":"https:\/\/portalcatolico.net\/portal\/wp-json\/wp\/v2\/tags?post=75373"}],"curies":[{"name":"wp","href":"https:\/\/api.w.org\/{rel}","templated":true}]}}