{"id":75247,"date":"2022-03-28T00:15:52","date_gmt":"2022-03-28T03:15:52","guid":{"rendered":"http:\/\/portalcatolico.net\/portal\/?p=75247"},"modified":"2022-03-27T20:28:35","modified_gmt":"2022-03-27T23:28:35","slug":"festas-de-nossa-senhora-viram-patrimonio-cultural-imaterial-de-porto-seguro","status":"publish","type":"post","link":"https:\/\/portalcatolico.net\/portal\/festas-de-nossa-senhora-viram-patrimonio-cultural-imaterial-de-porto-seguro\/","title":{"rendered":"Festas de Nossa Senhora viram Patrim\u00f4nio Cultural Imaterial de Porto Seguro"},"content":{"rendered":"<div dir=\"auto\">A Prefeitura de Porto Seguro concedeu \u00e0 Festa de Nossa Senhora da Pena, atrav\u00e9s da Lei Municipal n\u00ba 1739\/22, e \u00e0 Festa de nossa Senhora D&#8217;Ajuda pela Lei Municipal n\u00ba 1740\/22), ambas de 16 de mar\u00e7o de 2022, o T\u00edtulo de Patrim\u00f4nio Cultural Imaterial do Munic\u00edpio.<\/div>\n<div dir=\"auto\">&nbsp;<\/div>\n<div dir=\"auto\">De acordo com o Artigo 2\u00ba da lei, os t\u00edtulos se deram em raz\u00e3o da natureza intr\u00ednseca de preserva\u00e7\u00e3o e desenvolvimento da cultura local, consideradas como patrim\u00f4nios culturais, integrantes da identidade e da mem\u00f3ria da sociedade porto-segurense, nos termos do artigo 215, \u00a71\u00ba da Constitui\u00e7\u00e3o Federal, aprovadas pela C\u00e2mara Municipal, sancionadas pelo Prefeito J\u00e2nio Natal Andrade Borges e divulgada no Di\u00e1rio Oficial da Prefeitura Municipal de Porto Seguro, na edi\u00e7\u00e3o do dia 23 de mar\u00e7o de 2022.<\/div>\n<div dir=\"auto\">&nbsp;<\/div>\n<div dir=\"auto\">Vale esclarecer que o Patrim\u00f4nio Imaterial \u00e9 transmitido de gera\u00e7\u00e3o a gera\u00e7\u00e3o, constantemente recriado pelas comunidades e grupos em fun\u00e7\u00e3o de seu ambiente, de sua intera\u00e7\u00e3o com a natureza e de sua hist\u00f3ria, gerando um sentimento de identidade e continuidade, contribuindo para promover o respeito \u00e0 diversidade cultural e \u00e0 criatividade.\u200b<\/div>\n<div dir=\"auto\">A Diocese de Eun\u00e1polis, situada no extremo sul da Bahia se alegra e rende gra\u00e7as a Deus por mais algumas conquistas alcan\u00e7adas. Desta vez veio em nome da Par\u00f3quia Nossa Senhora da Pena em Porto Seguro e Nossa Senhora D\u2019Ajuda, no Arraial D\u2019Ajuda (Porto Seguro).<\/div>\n<div dir=\"auto\">&nbsp;<\/div>\n<div dir=\"auto\">1\u00aa decreto:<\/div>\n<div dir=\"auto\"><a href=\"http:\/\/portalcatolico.net\/portal\/wp-content\/uploads\/2022\/03\/Lei-1740-22-que-declara-patrim\u00f4nio-imaterial-de-porto-seguro-a-festa-de-NS-Dajuda.pdf\">Lei 1740-22 que declara patrim\u00f4nio imaterial de porto seguro a festa de NS Dajuda<\/a><\/div>\n<div dir=\"auto\">2\u00aa decreto<\/div>\n<div dir=\"auto\"><a href=\"http:\/\/portalcatolico.net\/portal\/wp-content\/uploads\/2022\/03\/Lei-1739-22-que-declara-patrim\u00f4nio-imaterial-de-porto-seguro-a-festa-de-NS-da-Pena.pdf\">Lei 1739-22 que declara patrim\u00f4nio imaterial de porto seguro a festa de NS da Pena<\/a><\/div>\n<div dir=\"auto\">&nbsp;<\/div>\n<div dir=\"auto\">Foto:Reprodu\u00e7\u00e3o\/Facebook<\/div>\n<p>\u200b<\/p>\n","protected":false},"excerpt":{"rendered":"<p>A Prefeitura de Porto Seguro concedeu \u00e0 Festa de Nossa Senhora da Pena, atrav\u00e9s da Lei Municipal n\u00ba 1739\/22, e \u00e0 Festa de nossa Senhora D&#8217;Ajuda pela Lei Municipal n\u00ba 1740\/22), ambas de 16 de mar\u00e7o de 2022, o T\u00edtulo de Patrim\u00f4nio Cultural Imaterial do Munic\u00edpio. &nbsp; De acordo com o Artigo 2\u00ba da lei,&nbsp;<\/p>\n<p><a class=\"btn btn-style\" href=\"https:\/\/portalcatolico.net\/portal\/festas-de-nossa-senhora-viram-patrimonio-cultural-imaterial-de-porto-seguro\/\">Continue Reading<\/a><\/p>\n","protected":false},"author":2,"featured_media":75223,"comment_status":"open","ping_status":"open","sticky":false,"template":"","format":"standard","meta":{"footnotes":""},"categories":[4],"tags":[],"class_list":["post-75247","post","type-post","status-publish","format-standard","has-post-thumbnail","hentry","category-destaques"],"_links":{"self":[{"href":"https:\/\/portalcatolico.net\/portal\/wp-json\/wp\/v2\/posts\/75247","targetHints":{"allow":["GET"]}}],"collection":[{"href":"https:\/\/portalcatolico.net\/portal\/wp-json\/wp\/v2\/posts"}],"about":[{"href":"https:\/\/portalcatolico.net\/portal\/wp-json\/wp\/v2\/types\/post"}],"author":[{"embeddable":true,"href":"https:\/\/portalcatolico.net\/portal\/wp-json\/wp\/v2\/users\/2"}],"replies":[{"embeddable":true,"href":"https:\/\/portalcatolico.net\/portal\/wp-json\/wp\/v2\/comments?post=75247"}],"version-history":[{"count":3,"href":"https:\/\/portalcatolico.net\/portal\/wp-json\/wp\/v2\/posts\/75247\/revisions"}],"predecessor-version":[{"id":75252,"href":"https:\/\/portalcatolico.net\/portal\/wp-json\/wp\/v2\/posts\/75247\/revisions\/75252"}],"wp:featuredmedia":[{"embeddable":true,"href":"https:\/\/portalcatolico.net\/portal\/wp-json\/wp\/v2\/media\/75223"}],"wp:attachment":[{"href":"https:\/\/portalcatolico.net\/portal\/wp-json\/wp\/v2\/media?parent=75247"}],"wp:term":[{"taxonomy":"category","embeddable":true,"href":"https:\/\/portalcatolico.net\/portal\/wp-json\/wp\/v2\/categories?post=75247"},{"taxonomy":"post_tag","embeddable":true,"href":"https:\/\/portalcatolico.net\/portal\/wp-json\/wp\/v2\/tags?post=75247"}],"curies":[{"name":"wp","href":"https:\/\/api.w.org\/{rel}","templated":true}]}}