{"id":75241,"date":"2022-03-27T20:05:23","date_gmt":"2022-03-27T23:05:23","guid":{"rendered":"http:\/\/portalcatolico.net\/portal\/?p=75241"},"modified":"2022-03-27T20:05:23","modified_gmt":"2022-03-27T23:05:23","slug":"o-papa-abolir-a-guerra-antes-que-ela-apague-o-homem-da-historia","status":"publish","type":"post","link":"https:\/\/portalcatolico.net\/portal\/o-papa-abolir-a-guerra-antes-que-ela-apague-o-homem-da-historia\/","title":{"rendered":"O Papa: abolir a guerra, antes que ela apague o homem da hist\u00f3ria"},"content":{"rendered":"<div class=\"article__subTitle\">O pensamento do Papa est\u00e1 sempre voltado para a Ucr\u00e2nia: &#8220;\u00c9 preciso repudiar a guerra, um lugar de morte onde pais e m\u00e3es sepultam seus filhos, onde os homens matam seus irm\u00e3os sem sequer t\u00ea-los visto, onde os poderosos decidem e os pobres morrem&#8221;.<\/div>\n<div>&nbsp;<\/div>\n<div class=\"title__separator\">Ap\u00f3s a ora\u00e7\u00e3o mariana do Angelus, deste domingo (27\/03), o Papa Francisco fez novamente um apelo pela paz na Ucr\u00e2nia.<\/div>\n<div>\n<p><i>Mais de um m\u00eas se passou desde o in\u00edcio da invas\u00e3o da Ucr\u00e2nia, desde o in\u00edcio desta guerra cruel e insensata que, como qualquer guerra, representa uma derrota para todos, para todos n\u00f3s. \u00c9 preciso repudiar a guerra, um lugar de morte onde pais e m\u00e3es sepultam seus filhos, onde homens matam seus irm\u00e3os sem sequer t\u00ea-los visto, onde os poderosos decidem e os pobres morrem.<\/i><\/p>\n<p>A seguir, Francisco ressaltou que &#8220;a guerra n\u00e3o s\u00f3 destr\u00f3i o presente, mas tamb\u00e9m o futuro de uma sociedade&#8221;. &#8220;Li que desde o in\u00edcio da agress\u00e3o contra a Ucr\u00e2nia, uma a cada duas crian\u00e7as foi deslocada do pa\u00eds. Isto significa destruir o futuro, causando traumas dram\u00e1ticos nas crian\u00e7as. Esta \u00e9 a brutalidade da guerra, um ato b\u00e1rbaro e sacr\u00edlego&#8221;, frisou o Papa.<\/p>\n<p><i>A guerra n\u00e3o pode ser algo inevit\u00e1vel: n\u00e3o devemos nos acostumar com a guerra! Pelo contr\u00e1rio, devemos converter a indigna\u00e7\u00e3o de hoje no compromisso de amanh\u00e3. Porque, se sairmos dessa hist\u00f3ria como antes, todos seremos culpados de alguma forma. Diante do perigo da autodestrui\u00e7\u00e3o, a humanidade entenda que chegou a hora de abolir a guerra, de apag\u00e1-la da hist\u00f3ria humana antes que ela apague o homem da hist\u00f3ria.<\/i><\/p>\n<p>O Papa pediu &#8220;a todos os l\u00edderes pol\u00edticos que reflitam sobre isso, que se comprometam com isso! E olhando para a Ucr\u00e2nia martirizada, entender que cada dia de guerra torna a situa\u00e7\u00e3o pior para todos&#8221;. Por isso, Francisco renovou o seu apelo: &#8220;Chega, pare, calem-se as armas, que se negocie seriamente pela paz!&#8221; A seguir, convidou os fi\u00e9is a invocarem a Rainha da Paz, a quem foi consagrada a humanidade, especialmente a R\u00fassia e a Ucr\u00e2nia, rezando uma Ave-Maria.<\/p>\n<p>Depois, o Pont\u00edfice saudou os romanos e peregrinos provenientes da It\u00e1lia e outros pa\u00edses. Saudou os participantes da Maratoda de Roma, que este ano por iniciativa da Athletica Vaticana, v\u00e1rios atletas participaram de iniciativas de solidariedade em prol das pessoas que na Cidade Eterna passam necessidade.<\/p>\n<p>Por fim, Francisco recordou a Statio Orbis de dois anos atr\u00e1s na Pra\u00e7a S\u00e3o Pedro.<\/p>\n<p><i>Dois anos atr\u00e1s, desta pra\u00e7a, elevamos uma s\u00faplica pelo fim da pandemia. Hoje, a fizemos pelo fim da guerra na Ucr\u00e2nia. Ao sair da pra\u00e7a, ser\u00e1 oferecido a voc\u00eas um livro gratuito, produzido pela Comiss\u00e3o Vaticana Covid-19 com o Dicast\u00e9rio para a Comunica\u00e7\u00e3o, a fim de convidar a rezar nos momentos de dificuldade, sem medo, tendo sempre f\u00e9 no Senhor.<\/i><\/p>\n<\/div>\n<div class=\"article__text \">\n<p><b>Por: Mariangela Jaguraba \/Vatican News<\/b><\/p>\n<\/div>\n","protected":false},"excerpt":{"rendered":"<p>O pensamento do Papa est\u00e1 sempre voltado para a Ucr\u00e2nia: &#8220;\u00c9 preciso repudiar a guerra, um lugar de morte onde pais e m\u00e3es sepultam seus filhos, onde os homens matam seus irm\u00e3os sem sequer t\u00ea-los visto, onde os poderosos decidem e os pobres morrem&#8221;. &nbsp; Ap\u00f3s a ora\u00e7\u00e3o mariana do Angelus, deste domingo (27\/03), o&nbsp;<\/p>\n<p><a class=\"btn btn-style\" href=\"https:\/\/portalcatolico.net\/portal\/o-papa-abolir-a-guerra-antes-que-ela-apague-o-homem-da-historia\/\">Continue Reading<\/a><\/p>\n","protected":false},"author":2,"featured_media":75242,"comment_status":"open","ping_status":"open","sticky":false,"template":"","format":"standard","meta":{"footnotes":""},"categories":[5],"tags":[],"class_list":["post-75241","post","type-post","status-publish","format-standard","has-post-thumbnail","hentry","category-igreja_no_mundo"],"_links":{"self":[{"href":"https:\/\/portalcatolico.net\/portal\/wp-json\/wp\/v2\/posts\/75241","targetHints":{"allow":["GET"]}}],"collection":[{"href":"https:\/\/portalcatolico.net\/portal\/wp-json\/wp\/v2\/posts"}],"about":[{"href":"https:\/\/portalcatolico.net\/portal\/wp-json\/wp\/v2\/types\/post"}],"author":[{"embeddable":true,"href":"https:\/\/portalcatolico.net\/portal\/wp-json\/wp\/v2\/users\/2"}],"replies":[{"embeddable":true,"href":"https:\/\/portalcatolico.net\/portal\/wp-json\/wp\/v2\/comments?post=75241"}],"version-history":[{"count":1,"href":"https:\/\/portalcatolico.net\/portal\/wp-json\/wp\/v2\/posts\/75241\/revisions"}],"predecessor-version":[{"id":75243,"href":"https:\/\/portalcatolico.net\/portal\/wp-json\/wp\/v2\/posts\/75241\/revisions\/75243"}],"wp:featuredmedia":[{"embeddable":true,"href":"https:\/\/portalcatolico.net\/portal\/wp-json\/wp\/v2\/media\/75242"}],"wp:attachment":[{"href":"https:\/\/portalcatolico.net\/portal\/wp-json\/wp\/v2\/media?parent=75241"}],"wp:term":[{"taxonomy":"category","embeddable":true,"href":"https:\/\/portalcatolico.net\/portal\/wp-json\/wp\/v2\/categories?post=75241"},{"taxonomy":"post_tag","embeddable":true,"href":"https:\/\/portalcatolico.net\/portal\/wp-json\/wp\/v2\/tags?post=75241"}],"curies":[{"name":"wp","href":"https:\/\/api.w.org\/{rel}","templated":true}]}}