{"id":75238,"date":"2022-03-27T19:56:51","date_gmt":"2022-03-27T22:56:51","guid":{"rendered":"http:\/\/portalcatolico.net\/portal\/?p=75238"},"modified":"2022-03-27T20:02:56","modified_gmt":"2022-03-27T23:02:56","slug":"legado-da-santa-dulce-dos-pobres","status":"publish","type":"post","link":"https:\/\/portalcatolico.net\/portal\/legado-da-santa-dulce-dos-pobres\/","title":{"rendered":"Legado da Santa Dulce dos pobres"},"content":{"rendered":"<p dir=\"ltr\" style=\"box-sizing: border-box; margin: 0px 0px 10px; color: #888888; font-family: 'Open Sans', Arial, Helvetica, sans-serif; font-size: 13px; font-style: normal; font-variant-ligatures: normal; font-variant-caps: normal; font-weight: 400; letter-spacing: normal; orphans: 2; text-align: left; text-indent: 0px; text-transform: none; white-space: normal; widows: 2; word-spacing: 0px; -webkit-text-stroke-width: 0px; background-color: #f8f8f8; text-decoration-thickness: initial; text-decoration-style: initial; text-decoration-color: initial;\">Nesse compilado de informa\u00e7\u00f5es cont\u00e9m os mais variados motivos para sermos orgulhosos de uma das almas mais caridosas que passou por Salvador<\/p>\n<p dir=\"ltr\" style=\"box-sizing: border-box; margin: 0px 0px 10px; color: #888888; font-family: 'Open Sans', Arial, Helvetica, sans-serif; font-size: 13px; font-style: normal; font-variant-ligatures: normal; font-variant-caps: normal; font-weight: 400; letter-spacing: normal; orphans: 2; text-align: left; text-indent: 0px; text-transform: none; white-space: normal; widows: 2; word-spacing: 0px; -webkit-text-stroke-width: 0px; background-color: #f8f8f8; text-decoration-thickness: initial; text-decoration-style: initial; text-decoration-color: initial;\">Institui\u00e7\u00e3o filantr\u00f3pica de fins n\u00e3o econ\u00f4micos, as Obras Sociais Irm\u00e3 Dulce (OSID) abrigam atualmente um dos maiores complexos de sa\u00fade com atendimento 100% gratuito do Brasil, com mais de 3,5 milh\u00f5es de atendimentos ambulatoriais por ano a usu\u00e1rios do Sistema \u00danico de Sa\u00fade (SUS).&nbsp;<\/p>\n<p dir=\"ltr\" style=\"box-sizing: border-box; margin: 0px 0px 10px; color: #888888; font-family: 'Open Sans', Arial, Helvetica, sans-serif; font-size: 13px; font-style: normal; font-variant-ligatures: normal; font-variant-caps: normal; font-weight: 400; letter-spacing: normal; orphans: 2; text-align: left; text-indent: 0px; text-transform: none; white-space: normal; widows: 2; word-spacing: 0px; -webkit-text-stroke-width: 0px; background-color: #f8f8f8; text-decoration-thickness: initial; text-decoration-style: initial; text-decoration-color: initial;\">O servi\u00e7o \u00e9 ofertado para idosos, pessoas com defici\u00eancia e com deformidades craniofaciais, pacientes sociais, crian\u00e7as e adolescentes em situa\u00e7\u00e3o de risco social, dependentes de subst\u00e2ncias psicoativas e pessoas em situa\u00e7\u00e3o de rua.&nbsp;&nbsp;<\/p>\n<p dir=\"ltr\" style=\"box-sizing: border-box; margin: 0px 0px 10px; color: #888888; font-family: 'Open Sans', Arial, Helvetica, sans-serif; font-size: 13px; font-style: normal; font-variant-ligatures: normal; font-variant-caps: normal; font-weight: 400; letter-spacing: normal; orphans: 2; text-align: left; text-indent: 0px; text-transform: none; white-space: normal; widows: 2; word-spacing: 0px; -webkit-text-stroke-width: 0px; background-color: #f8f8f8; text-decoration-thickness: initial; text-decoration-style: initial; text-decoration-color: initial;\">Instalada em Salvador, no Largo de Roma (Cidade Baixa), est\u00e1 hoje a sede das Obras Sociais Irm\u00e3 Dulce. O local, tamb\u00e9m conhecido como Complexo Roma.&nbsp;<\/p>\n<p dir=\"ltr\" style=\"box-sizing: border-box; margin: 0px 0px 10px; color: #888888; font-family: 'Open Sans', Arial, Helvetica, sans-serif; font-size: 13px; font-style: normal; font-variant-ligatures: normal; font-variant-caps: normal; font-weight: 400; letter-spacing: normal; orphans: 2; text-align: left; text-indent: 0px; text-transform: none; white-space: normal; widows: 2; word-spacing: 0px; -webkit-text-stroke-width: 0px; background-color: #f8f8f8; text-decoration-thickness: initial; text-decoration-style: initial; text-decoration-color: initial;\">3,5 milh\u00f5es de procedimentos ambulatoriais realizados por ano na Bahia, sendo 2,2 milh\u00f5es somente em Salvador.&nbsp;&nbsp;<\/p>\n<p dir=\"ltr\" style=\"box-sizing: border-box; margin: 0px 0px 10px; color: #888888; font-family: 'Open Sans', Arial, Helvetica, sans-serif; font-size: 13px; font-style: normal; font-variant-ligatures: normal; font-variant-caps: normal; font-weight: 400; letter-spacing: normal; orphans: 2; text-align: left; text-indent: 0px; text-transform: none; white-space: normal; widows: 2; word-spacing: 0px; -webkit-text-stroke-width: 0px; background-color: #f8f8f8; text-decoration-thickness: initial; text-decoration-style: initial; text-decoration-color: initial;\">2 mil pessoas atendidas diariamente na sede das Obras, em Salvador; 954 leitos hospitalares para o atendimento de patologias cl\u00ednicas e cir\u00fargicas;&nbsp;<\/p>\n<p dir=\"ltr\" style=\"box-sizing: border-box; margin: 0px 0px 10px; color: #888888; font-family: 'Open Sans', Arial, Helvetica, sans-serif; font-size: 13px; font-style: normal; font-variant-ligatures: normal; font-variant-caps: normal; font-weight: 400; letter-spacing: normal; orphans: 2; text-align: left; text-indent: 0px; text-transform: none; white-space: normal; widows: 2; word-spacing: 0px; -webkit-text-stroke-width: 0px; background-color: #f8f8f8; text-decoration-thickness: initial; text-decoration-style: initial; text-decoration-color: initial;\">18 mil internamentos e 12 mil cirurgias realizadas anualmente em Salvador;&nbsp;<\/p>\n<p dir=\"ltr\" style=\"box-sizing: border-box; margin: 0px 0px 10px; color: #888888; font-family: 'Open Sans', Arial, Helvetica, sans-serif; font-size: 13px; font-style: normal; font-variant-ligatures: normal; font-variant-caps: normal; font-weight: 400; letter-spacing: normal; orphans: 2; text-align: left; text-indent: 0px; text-transform: none; white-space: normal; widows: 2; word-spacing: 0px; -webkit-text-stroke-width: 0px; background-color: #f8f8f8; text-decoration-thickness: initial; text-decoration-style: initial; text-decoration-color: initial;\">Mais de 9 mil atendimentos por m\u00eas para tratamento do c\u00e2ncer; Mais de 750 crian\u00e7as e adolescentes, em situa\u00e7\u00e3o de vulnerabilidade social, atendidos no Centro Educacional Santo Ant\u00f4nio;<\/p>\n<p dir=\"ltr\" style=\"box-sizing: border-box; margin: 0px 0px 10px; color: #888888; font-family: 'Open Sans', Arial, Helvetica, sans-serif; font-size: 13px; font-style: normal; font-variant-ligatures: normal; font-variant-caps: normal; font-weight: 400; letter-spacing: normal; orphans: 2; text-align: left; text-indent: 0px; text-transform: none; white-space: normal; widows: 2; word-spacing: 0px; -webkit-text-stroke-width: 0px; background-color: #f8f8f8; text-decoration-thickness: initial; text-decoration-style: initial; text-decoration-color: initial;\">2,1 milh\u00e3o de refei\u00e7\u00f5es servidas por ano para nossos pacientes e 746 mil para nossos colaboradores;&nbsp; Mais de 7 mil profissionais atuam na organiza\u00e7\u00e3o, sendo mais de 2,7 mil no complexo das obras.(fecatolica)<\/p>\n<p dir=\"ltr\" style=\"box-sizing: border-box; margin: 0px 0px 10px; color: #888888; font-family: 'Open Sans', Arial, Helvetica, sans-serif; font-size: 13px; font-style: normal; font-variant-ligatures: normal; font-variant-caps: normal; font-weight: 400; letter-spacing: normal; orphans: 2; text-align: left; text-indent: 0px; text-transform: none; white-space: normal; widows: 2; word-spacing: 0px; -webkit-text-stroke-width: 0px; background-color: #f8f8f8; text-decoration-thickness: initial; text-decoration-style: initial; text-decoration-color: initial;\">&nbsp;<\/p>\n<p dir=\"ltr\" style=\"box-sizing: border-box; margin: 0px 0px 10px; color: #888888; font-family: 'Open Sans', Arial, Helvetica, sans-serif; font-size: 13px; font-style: normal; font-variant-ligatures: normal; font-variant-caps: normal; font-weight: 400; letter-spacing: normal; orphans: 2; text-align: left; text-indent: 0px; text-transform: none; white-space: normal; widows: 2; word-spacing: 0px; -webkit-text-stroke-width: 0px; background-color: #f8f8f8; text-decoration-thickness: initial; text-decoration-style: initial; text-decoration-color: initial;\">Foto: Divulga\u00e7\u00e3o<\/p>\n<p>&nbsp;<\/p>\n","protected":false},"excerpt":{"rendered":"<p>Nesse compilado de informa\u00e7\u00f5es cont\u00e9m os mais variados motivos para sermos orgulhosos de uma das almas mais caridosas que passou por Salvador Institui\u00e7\u00e3o filantr\u00f3pica de fins n\u00e3o econ\u00f4micos, as Obras Sociais Irm\u00e3 Dulce (OSID) abrigam atualmente um dos maiores complexos de sa\u00fade com atendimento 100% gratuito do Brasil, com mais de 3,5 milh\u00f5es de atendimentos&nbsp;<\/p>\n<p><a class=\"btn btn-style\" href=\"https:\/\/portalcatolico.net\/portal\/legado-da-santa-dulce-dos-pobres\/\">Continue Reading<\/a><\/p>\n","protected":false},"author":2,"featured_media":75239,"comment_status":"open","ping_status":"open","sticky":false,"template":"","format":"standard","meta":{"footnotes":""},"categories":[69],"tags":[],"class_list":["post-75238","post","type-post","status-publish","format-standard","has-post-thumbnail","hentry","category-artigos"],"_links":{"self":[{"href":"https:\/\/portalcatolico.net\/portal\/wp-json\/wp\/v2\/posts\/75238","targetHints":{"allow":["GET"]}}],"collection":[{"href":"https:\/\/portalcatolico.net\/portal\/wp-json\/wp\/v2\/posts"}],"about":[{"href":"https:\/\/portalcatolico.net\/portal\/wp-json\/wp\/v2\/types\/post"}],"author":[{"embeddable":true,"href":"https:\/\/portalcatolico.net\/portal\/wp-json\/wp\/v2\/users\/2"}],"replies":[{"embeddable":true,"href":"https:\/\/portalcatolico.net\/portal\/wp-json\/wp\/v2\/comments?post=75238"}],"version-history":[{"count":1,"href":"https:\/\/portalcatolico.net\/portal\/wp-json\/wp\/v2\/posts\/75238\/revisions"}],"predecessor-version":[{"id":75240,"href":"https:\/\/portalcatolico.net\/portal\/wp-json\/wp\/v2\/posts\/75238\/revisions\/75240"}],"wp:featuredmedia":[{"embeddable":true,"href":"https:\/\/portalcatolico.net\/portal\/wp-json\/wp\/v2\/media\/75239"}],"wp:attachment":[{"href":"https:\/\/portalcatolico.net\/portal\/wp-json\/wp\/v2\/media?parent=75238"}],"wp:term":[{"taxonomy":"category","embeddable":true,"href":"https:\/\/portalcatolico.net\/portal\/wp-json\/wp\/v2\/categories?post=75238"},{"taxonomy":"post_tag","embeddable":true,"href":"https:\/\/portalcatolico.net\/portal\/wp-json\/wp\/v2\/tags?post=75238"}],"curies":[{"name":"wp","href":"https:\/\/api.w.org\/{rel}","templated":true}]}}