{"id":75235,"date":"2022-03-26T19:54:44","date_gmt":"2022-03-26T22:54:44","guid":{"rendered":"http:\/\/portalcatolico.net\/portal\/?p=75235"},"modified":"2022-03-26T19:56:29","modified_gmt":"2022-03-26T22:56:29","slug":"missa-pela-paz-acontece-em-itabuna-e-no-mundo","status":"publish","type":"post","link":"https:\/\/portalcatolico.net\/portal\/missa-pela-paz-acontece-em-itabuna-e-no-mundo\/","title":{"rendered":"Missa pela paz acontece em Itabuna e no mundo"},"content":{"rendered":"<div class=\"v1OutlineElement v1Ltr v1SCXW221314518 v1BCX0\">\n<p class=\"v1Paragraph v1SCXW221314518 v1BCX0\" lang=\"PT-BR\"><span class=\"v1TextRun v1SCXW221314518 v1BCX0\" lang=\"PT-BR\"><span class=\"v1NormalTextRun v1SCXW221314518 v1BCX0\">No dia em que a Igreja celebra a Solenidade da Anuncia\u00e7\u00e3o do Senhor, o Brasil inteiro p\u00f4de estar conectado pela TV, pelo r\u00e1dio e pela internet para pedir pela paz. Atendendo ao convite do Papa Francisco para a Consagra\u00e7\u00e3o da R\u00fassia e da Ucr\u00e2nia ao Imaculado Cora\u00e7\u00e3o de Maria, a Catedral de S\u00e3o Jos\u00e9 em Itabuna (BA),&nbsp;sediou&nbsp;na \u00faltima sexta-feira, 25 de mar\u00e7o, a celebra\u00e7\u00e3o eucar\u00edstica com a inten\u00e7\u00e3o inspirada pelo pedido do pont\u00edfice.&nbsp;<\/span><\/span><span class=\"v1EOP v1SCXW221314518 v1BCX0\">&nbsp;<\/span><\/p>\n<\/div>\n<div class=\"v1OutlineElement v1Ltr v1SCXW221314518 v1BCX0\">\n<p class=\"v1Paragraph v1SCXW221314518 v1BCX0\" lang=\"PT-BR\"><span class=\"v1TextRun v1SCXW221314518 v1BCX0\" lang=\"PT-BR\"><span class=\"v1NormalTextRun v1SCXW221314518 v1BCX0\">A Solenidade da Anuncia\u00e7\u00e3o do Senhor&nbsp;teve in\u00edcio \u00e0s 18h e foi presidida pelo bispo da Diocese de Itabuna, dom Carlos Alberto dos Santos e concelebrada pelo padre Gilvan Oliveira (p\u00e1roco da Catedral) e pelos di\u00e1conos permanentes, Trajano Osvaldo e Esmeraldo Sardinha.<\/span><\/span><span class=\"v1EOP v1SCXW221314518 v1BCX0\">&nbsp;<\/span><\/p>\n<\/div>\n<div class=\"v1OutlineElement v1Ltr v1SCXW221314518 v1BCX0\">\n<p class=\"v1Paragraph v1SCXW221314518 v1BCX0\" lang=\"PT-BR\"><span class=\"v1TextRun v1SCXW221314518 v1BCX0\" lang=\"PT-BR\"><span class=\"v1NormalTextRun v1SCXW221314518 v1BCX0\">Em sua homilia, dom&nbsp;<\/span><span class=\"v1NormalTextRun v1ContextualSpellingAndGrammarErrorV2 v1SCXW221314518 v1BCX0\">Carlos&nbsp; destacou<\/span><span class=\"v1NormalTextRun v1SCXW221314518 v1BCX0\">&nbsp;uma mensagem dita pelo Papa Francisco, na celebra\u00e7\u00e3o que aconteceu \u00e0s 13h em Roma: &#8220;Maria bate&nbsp;<\/span><span class=\"v1NormalTextRun v1ContextualSpellingAndGrammarErrorV2 v1SCXW221314518 v1BCX0\">a<\/span><span class=\"v1NormalTextRun v1SCXW221314518 v1BCX0\">&nbsp;porta do cora\u00e7\u00e3o de cada um de n\u00f3s, dizendo abra a porta, eu quero entrar com meu filho Jesus. Quer entrar tamb\u00e9m na Ucr\u00e2nia, na R\u00fassia, para que os nossos irm\u00e3os e irm\u00e3s tenham a paz necess\u00e1ria e a dignidade respeitada.&#8221; Na oportunidade, ele questionou os&nbsp;<\/span><span class=\"v1NormalTextRun v1ContextualSpellingAndGrammarErrorV2 v1SCXW221314518 v1BCX0\">fieis<\/span><span class=\"v1NormalTextRun v1SCXW221314518 v1BCX0\">: &#8220;Ser\u00e1 que n\u00f3s estamos abrindo o nosso cora\u00e7\u00e3o para Jesus e Maria fazerem morada dentro de n\u00f3s?&#8221;<\/span><\/span><span class=\"v1EOP v1SCXW221314518 v1BCX0\">&nbsp;<\/span><\/p>\n<\/div>\n<div class=\"v1OutlineElement v1Ltr v1SCXW221314518 v1BCX0\">\n<p class=\"v1Paragraph v1SCXW221314518 v1BCX0\" lang=\"PT-BR\"><span class=\"v1TextRun v1SCXW221314518 v1BCX0\" lang=\"PT-BR\"><span class=\"v1NormalTextRun v1SCXW221314518 v1BCX0\">Confira a celebra\u00e7\u00e3o na \u00edntegra: <\/span><\/span><span class=\"v1EOP v1SCXW221314518 v1BCX0\"><br \/>\n<\/span><\/p>\n<\/div>\n<p><iframe loading=\"lazy\"  id=\"_ytid_93529\"  width=\"480\" height=\"270\"  data-origwidth=\"480\" data-origheight=\"270\" src=\"https:\/\/www.youtube.com\/embed\/uETXELsGo6Y?enablejsapi=1&#038;autoplay=0&#038;cc_load_policy=0&#038;cc_lang_pref=&#038;iv_load_policy=1&#038;loop=0&#038;rel=1&#038;fs=1&#038;playsinline=0&#038;autohide=2&#038;theme=dark&#038;color=red&#038;controls=1&#038;disablekb=0&#038;\" class=\"__youtube_prefs__  epyt-is-override  no-lazyload\" title=\"YouTube player\"  allow=\"fullscreen; accelerometer; autoplay; clipboard-write; encrypted-media; gyroscope; picture-in-picture; web-share\" referrerpolicy=\"strict-origin-when-cross-origin\" allowfullscreen data-no-lazy=\"1\" data-skipgform_ajax_framebjll=\"\"><\/iframe><\/p>\n","protected":false},"excerpt":{"rendered":"<p>No dia em que a Igreja celebra a Solenidade da Anuncia\u00e7\u00e3o do Senhor, o Brasil inteiro p\u00f4de estar conectado pela TV, pelo r\u00e1dio e pela internet para pedir pela paz. Atendendo ao convite do Papa Francisco para a Consagra\u00e7\u00e3o da R\u00fassia e da Ucr\u00e2nia ao Imaculado Cora\u00e7\u00e3o de Maria, a Catedral de S\u00e3o Jos\u00e9 em&nbsp;<\/p>\n<p><a class=\"btn btn-style\" href=\"https:\/\/portalcatolico.net\/portal\/missa-pela-paz-acontece-em-itabuna-e-no-mundo\/\">Continue Reading<\/a><\/p>\n","protected":false},"author":2,"featured_media":75236,"comment_status":"open","ping_status":"open","sticky":false,"template":"","format":"standard","meta":{"footnotes":""},"categories":[68],"tags":[],"class_list":["post-75235","post","type-post","status-publish","format-standard","has-post-thumbnail","hentry","category-homilias"],"_links":{"self":[{"href":"https:\/\/portalcatolico.net\/portal\/wp-json\/wp\/v2\/posts\/75235","targetHints":{"allow":["GET"]}}],"collection":[{"href":"https:\/\/portalcatolico.net\/portal\/wp-json\/wp\/v2\/posts"}],"about":[{"href":"https:\/\/portalcatolico.net\/portal\/wp-json\/wp\/v2\/types\/post"}],"author":[{"embeddable":true,"href":"https:\/\/portalcatolico.net\/portal\/wp-json\/wp\/v2\/users\/2"}],"replies":[{"embeddable":true,"href":"https:\/\/portalcatolico.net\/portal\/wp-json\/wp\/v2\/comments?post=75235"}],"version-history":[{"count":1,"href":"https:\/\/portalcatolico.net\/portal\/wp-json\/wp\/v2\/posts\/75235\/revisions"}],"predecessor-version":[{"id":75237,"href":"https:\/\/portalcatolico.net\/portal\/wp-json\/wp\/v2\/posts\/75235\/revisions\/75237"}],"wp:featuredmedia":[{"embeddable":true,"href":"https:\/\/portalcatolico.net\/portal\/wp-json\/wp\/v2\/media\/75236"}],"wp:attachment":[{"href":"https:\/\/portalcatolico.net\/portal\/wp-json\/wp\/v2\/media?parent=75235"}],"wp:term":[{"taxonomy":"category","embeddable":true,"href":"https:\/\/portalcatolico.net\/portal\/wp-json\/wp\/v2\/categories?post=75235"},{"taxonomy":"post_tag","embeddable":true,"href":"https:\/\/portalcatolico.net\/portal\/wp-json\/wp\/v2\/tags?post=75235"}],"curies":[{"name":"wp","href":"https:\/\/api.w.org\/{rel}","templated":true}]}}