{"id":75212,"date":"2022-03-24T20:05:05","date_gmt":"2022-03-24T23:05:05","guid":{"rendered":"http:\/\/portalcatolico.net\/portal\/?p=75212"},"modified":"2022-03-24T20:05:05","modified_gmt":"2022-03-24T23:05:05","slug":"o-papa-uma-vergonha-o-aumento-de-despesas-com-armas-e-necessaria-uma-mudanca-de-rota","status":"publish","type":"post","link":"https:\/\/portalcatolico.net\/portal\/o-papa-uma-vergonha-o-aumento-de-despesas-com-armas-e-necessaria-uma-mudanca-de-rota\/","title":{"rendered":"O Papa: uma vergonha o aumento de despesas com armas, \u00e9 necess\u00e1ria uma mudan\u00e7a de rota"},"content":{"rendered":"<div class=\"article__subTitle\">&#8220;Os poderosos conspiram para estender seu dom\u00ednio em detrimento de outros. A verdadeira resposta n\u00e3o \u00e9 mais armas, mais san\u00e7\u00f5es, mais alian\u00e7as pol\u00edticas e militares, mas um outro modo de governar o mundo&#8221;. Palavras do Papa Francisco no seu encontro com as mulheres do Centro Italiano Feminino nesta manh\u00e3 (24) no Vaticano<\/div>\n<div>&nbsp;<\/div>\n<div class=\"title__separator\">\n<p>Na manh\u00e3 desta quinta-feira (24), o Papa recebeu um grupo do Centro Italiano Feminino, que se dedica desde 1944 \u00e0 contribui\u00e7\u00e3o da mulher na participa\u00e7\u00e3o democr\u00e1tica, promo\u00e7\u00e3o humana e de solidariedade da sociedade.<\/p>\n<p>Francisco iniciou seu discurso elogiando o tema do Congresso do Centro Feminino, ou seja, \u201cIdentidade criacional do homem e da mulher em uma miss\u00e3o partilhada\u201d, afirmando: \u201cEsta \u00e9 uma quest\u00e3o muito atual, n\u00e3o s\u00f3 e n\u00e3o tanto no sentido te\u00f3rico, mas no sentido existencial, na vida das pessoas; penso particularmente nos meninos e nas meninas, nos jovens e nas jovens que, \u00e0 medida que crescem, precisam de pontos de refer\u00eancia, figuras adultas com as quais se comparar\u201d.<\/p>\n<p><b>Mulheres que influenciam mudan\u00e7as<\/b><\/p>\n<p>Francisco iniciou uma reflex\u00e3o recordando que a primeira presidente do Centro Feminino, Maria Federici Agabem, participou da reda\u00e7\u00e3o de alguns artigos da Constitui\u00e7\u00e3o Italiana, influenciando com a sua \u201cfilosofia\u201d constitucional temas relacionados \u00e0 solidariedade, subsidiariedade e laicidade do Estado. E disse tamb\u00e9m, recordando Pio XII, que a participa\u00e7\u00e3o na vida pol\u00edtica \u201cn\u00e3o responde simplesmente \u00e0 reivindica\u00e7\u00e3o da plena cidadania para as mulheres, mas \u00e9 um ato de justi\u00e7a para com a comunidade e uma valoriza\u00e7\u00e3o da pol\u00edtica como forma de caridade&#8221;.<\/p>\n<p><b>A pol\u00edtica do poder<\/b><\/p>\n<p>&#8220;Queridas amigas, hoje \u00e9 claro que a boa pol\u00edtica n\u00e3o pode vir da cultura do poder entendida como dom\u00ednio total, mas apenas de uma cultura do cuidado, cuidado com a pessoa e sua dignidade e cuidado da nossa casa comum. Isto \u00e9 comprovado, infelizmente de forma negativa, pela guerra vergonhosa que estamos testemunhando\u201d. O Papa afirmou ent\u00e3o que \u00e9 uma vergonha o aumento de despesas com armas, \u00e9 necess\u00e1ria uma mudan\u00e7a de rota, um novo modo de governar:<\/p>\n<div>\n<div class=\"article__embed article__embed--border embed_style\">\n<blockquote><p>\u201cO mundo continua a ser governado como um \u2018tabuleiro de xadrez\u2019, onde os poderosos conspiram para estender seu dom\u00ednio em detrimento de outros. A verdadeira resposta, portanto, n\u00e3o \u00e9 mais armas, mais san\u00e7\u00f5es, mais alian\u00e7as pol\u00edticas e militares, mas uma abordagem diferente, uma maneira diferente de governar o mundo\u201d<\/p><\/blockquote>\n<\/div>\n<\/div>\n<p>O modelo da cura j\u00e1 est\u00e1 em vigor, gra\u00e7as a Deus, mas infelizmente est\u00e1 submetido ao do poder econ\u00f4mico-tecnocr\u00e1tico-militar.<\/p>\n<p><b>Mulheres, protagonistas da convers\u00e3o<\/b><\/p>\n<p>Ao ponderar sobre suas palavras o Papa disse: \u201cPor que fiz esta reflex\u00e3o com voc\u00eas? Porque voc\u00eas s\u00e3o uma associa\u00e7\u00e3o de mulheres, e as mulheres s\u00e3o as protagonistas desta mudan\u00e7a de rumo, desta convers\u00e3o. Desde que n\u00e3o sejam homologadas pelo sistema de poder em vigor\u201d. Francisco citou tamb\u00e9m Paulo VI no seu documento dedicado \u00e0s mulheres no final do Vaticano II quando afirmou que \u2018as mulheres que carregam o esp\u00edrito do Evangelho podem fazer muito para ajudar a humanidade a n\u00e3o decair\u2019. E disse: \u201cO poder prof\u00e9tico desta express\u00e3o \u00e9 impressionante. De fato, ao adquirirem poder na sociedade, as mulheres podem mudar o sistema, se elas conseguirem, por assim dizer, converter o poder da l\u00f3gica do dom\u00ednio para a l\u00f3gica do servi\u00e7o, do cuidado.&nbsp;<\/p>\n<div>\n<div class=\"article__embed article__embed--border embed_style\">\n<blockquote><p>\u201cH\u00e1 uma convers\u00e3o a ser feita: converter o poder com a l\u00f3gica do dom\u00ednio, em poder com a l\u00f3gica do servi\u00e7o, com a l\u00f3gica do cuidado\u201d<\/p><\/blockquote>\n<\/div>\n<\/div>\n<p><b>Mulheres que cuidam da vida<br \/>\n<\/b><\/p>\n<p>Francisco concluiu seu encontro com as mulheres afirmando:<\/p>\n<p>\u201cFalei com voc\u00eas sobre isso para lembrar a mim mesmo e a todos, come\u00e7ando por n\u00f3s crist\u00e3os, que esta mudan\u00e7a de mentalidade diz respeito a todos e depende de cada um. \u00c9 a escola de Jesus, que nos ensinou como o Reino de Deus sempre se desenvolve a partir da pequena semente\u201d. \u201c\u00c9 a escola de Gandhi \u2013 disse ainda o Papa &#8211; que conduziu um povo \u00e0 liberdade no caminho da n\u00e3o-viol\u00eancia. \u00c9 a escola dos santos e das santas de todos os tempos, que fazem a humanidade crescer atrav\u00e9s do testemunho de uma vida passada ao servi\u00e7o de Deus e do pr\u00f3ximo. Mas \u00e9 tamb\u00e9m &#8211; eu diria acima de tudo &#8211; a escola de in\u00fameras mulheres que cultivaram e cuidaram a vida; de mulheres que cuidaram dos fr\u00e1geis, dos feridos, das chagas humanas e sociais; de mulheres que dedicaram suas mentes e seus cora\u00e7\u00f5es para educar as novas gera\u00e7\u00f5es\u201d.<\/p>\n<\/div>\n<div class=\"article__text \">\n<p><b>Por: Jane Nogara &#8211; Vatican News<\/b><\/p>\n<\/div>\n","protected":false},"excerpt":{"rendered":"<p>&#8220;Os poderosos conspiram para estender seu dom\u00ednio em detrimento de outros. A verdadeira resposta n\u00e3o \u00e9 mais armas, mais san\u00e7\u00f5es, mais alian\u00e7as pol\u00edticas e militares, mas um outro modo de governar o mundo&#8221;. Palavras do Papa Francisco no seu encontro com as mulheres do Centro Italiano Feminino nesta manh\u00e3 (24) no Vaticano &nbsp; Na manh\u00e3&nbsp;<\/p>\n<p><a class=\"btn btn-style\" href=\"https:\/\/portalcatolico.net\/portal\/o-papa-uma-vergonha-o-aumento-de-despesas-com-armas-e-necessaria-uma-mudanca-de-rota\/\">Continue Reading<\/a><\/p>\n","protected":false},"author":2,"featured_media":75213,"comment_status":"open","ping_status":"open","sticky":false,"template":"","format":"standard","meta":{"footnotes":""},"categories":[5],"tags":[],"class_list":["post-75212","post","type-post","status-publish","format-standard","has-post-thumbnail","hentry","category-igreja_no_mundo"],"_links":{"self":[{"href":"https:\/\/portalcatolico.net\/portal\/wp-json\/wp\/v2\/posts\/75212","targetHints":{"allow":["GET"]}}],"collection":[{"href":"https:\/\/portalcatolico.net\/portal\/wp-json\/wp\/v2\/posts"}],"about":[{"href":"https:\/\/portalcatolico.net\/portal\/wp-json\/wp\/v2\/types\/post"}],"author":[{"embeddable":true,"href":"https:\/\/portalcatolico.net\/portal\/wp-json\/wp\/v2\/users\/2"}],"replies":[{"embeddable":true,"href":"https:\/\/portalcatolico.net\/portal\/wp-json\/wp\/v2\/comments?post=75212"}],"version-history":[{"count":1,"href":"https:\/\/portalcatolico.net\/portal\/wp-json\/wp\/v2\/posts\/75212\/revisions"}],"predecessor-version":[{"id":75214,"href":"https:\/\/portalcatolico.net\/portal\/wp-json\/wp\/v2\/posts\/75212\/revisions\/75214"}],"wp:featuredmedia":[{"embeddable":true,"href":"https:\/\/portalcatolico.net\/portal\/wp-json\/wp\/v2\/media\/75213"}],"wp:attachment":[{"href":"https:\/\/portalcatolico.net\/portal\/wp-json\/wp\/v2\/media?parent=75212"}],"wp:term":[{"taxonomy":"category","embeddable":true,"href":"https:\/\/portalcatolico.net\/portal\/wp-json\/wp\/v2\/categories?post=75212"},{"taxonomy":"post_tag","embeddable":true,"href":"https:\/\/portalcatolico.net\/portal\/wp-json\/wp\/v2\/tags?post=75212"}],"curies":[{"name":"wp","href":"https:\/\/api.w.org\/{rel}","templated":true}]}}