{"id":75209,"date":"2022-03-23T23:06:47","date_gmt":"2022-03-24T02:06:47","guid":{"rendered":"http:\/\/portalcatolico.net\/portal\/?p=75209"},"modified":"2022-03-23T23:06:47","modified_gmt":"2022-03-24T02:06:47","slug":"convite-missa-e-ato-de-consagracao-da-russia-e-ucrania-ao-imaculado-coracao-de-maria","status":"publish","type":"post","link":"https:\/\/portalcatolico.net\/portal\/convite-missa-e-ato-de-consagracao-da-russia-e-ucrania-ao-imaculado-coracao-de-maria\/","title":{"rendered":"Convite: Missa e Ato de consagra\u00e7\u00e3o da R\u00fassia e Ucr\u00e2nia ao Imaculado Cora\u00e7\u00e3o de Maria"},"content":{"rendered":"<div dir=\"auto\">Na sexta-feira, 25 de mar\u00e7o, durante a Celebra\u00e7\u00e3o da Penit\u00eancia que presidir\u00e1 na Bas\u00edlica de S\u00e3o Pedro, o Papa Francisco consagrar\u00e1 a R\u00fassia e a Ucr\u00e2nia ao Imaculado Cora\u00e7\u00e3o de Maria. O mesmo ato ser\u00e1 realizado, no mesmo dia, em F\u00e1tima pelo esmoleiro do Papa, cardeal Konrad Krajewski, enviado do Santo Padre.<\/div>\n<div dir=\"auto\">&nbsp;<\/div>\n<div dir=\"auto\">No mesmo dia, na missa das 13h, na Arquidiocese de S\u00e3o Sebasti\u00e3o, no Rio de Janeiro (RJ), em comunh\u00e3o, se une ao Papa e \u00e0s outras dioceses e arquidioceses do mundo inteiro, para o ato de consagra\u00e7\u00e3o.<\/div>\n<div dir=\"auto\">Confira a programa\u00e7\u00e3o completa no cartaz.<\/div>\n<p>Voc\u00ea pode acompanhar a transmiss\u00e3o atrav\u00e9s da R\u00e1dio Catedral 106.7 FM e pela Web TV Redentor.<\/p>\n","protected":false},"excerpt":{"rendered":"<p>Na sexta-feira, 25 de mar\u00e7o, durante a Celebra\u00e7\u00e3o da Penit\u00eancia que presidir\u00e1 na Bas\u00edlica de S\u00e3o Pedro, o Papa Francisco consagrar\u00e1 a R\u00fassia e a Ucr\u00e2nia ao Imaculado Cora\u00e7\u00e3o de Maria. O mesmo ato ser\u00e1 realizado, no mesmo dia, em F\u00e1tima pelo esmoleiro do Papa, cardeal Konrad Krajewski, enviado do Santo Padre. &nbsp; No mesmo&nbsp;<\/p>\n<p><a class=\"btn btn-style\" href=\"https:\/\/portalcatolico.net\/portal\/convite-missa-e-ato-de-consagracao-da-russia-e-ucrania-ao-imaculado-coracao-de-maria\/\">Continue Reading<\/a><\/p>\n","protected":false},"author":2,"featured_media":75210,"comment_status":"open","ping_status":"open","sticky":false,"template":"","format":"standard","meta":{"footnotes":""},"categories":[5],"tags":[],"class_list":["post-75209","post","type-post","status-publish","format-standard","has-post-thumbnail","hentry","category-igreja_no_mundo"],"_links":{"self":[{"href":"https:\/\/portalcatolico.net\/portal\/wp-json\/wp\/v2\/posts\/75209","targetHints":{"allow":["GET"]}}],"collection":[{"href":"https:\/\/portalcatolico.net\/portal\/wp-json\/wp\/v2\/posts"}],"about":[{"href":"https:\/\/portalcatolico.net\/portal\/wp-json\/wp\/v2\/types\/post"}],"author":[{"embeddable":true,"href":"https:\/\/portalcatolico.net\/portal\/wp-json\/wp\/v2\/users\/2"}],"replies":[{"embeddable":true,"href":"https:\/\/portalcatolico.net\/portal\/wp-json\/wp\/v2\/comments?post=75209"}],"version-history":[{"count":1,"href":"https:\/\/portalcatolico.net\/portal\/wp-json\/wp\/v2\/posts\/75209\/revisions"}],"predecessor-version":[{"id":75211,"href":"https:\/\/portalcatolico.net\/portal\/wp-json\/wp\/v2\/posts\/75209\/revisions\/75211"}],"wp:featuredmedia":[{"embeddable":true,"href":"https:\/\/portalcatolico.net\/portal\/wp-json\/wp\/v2\/media\/75210"}],"wp:attachment":[{"href":"https:\/\/portalcatolico.net\/portal\/wp-json\/wp\/v2\/media?parent=75209"}],"wp:term":[{"taxonomy":"category","embeddable":true,"href":"https:\/\/portalcatolico.net\/portal\/wp-json\/wp\/v2\/categories?post=75209"},{"taxonomy":"post_tag","embeddable":true,"href":"https:\/\/portalcatolico.net\/portal\/wp-json\/wp\/v2\/tags?post=75209"}],"curies":[{"name":"wp","href":"https:\/\/api.w.org\/{rel}","templated":true}]}}