{"id":74935,"date":"2022-02-16T19:46:46","date_gmt":"2022-02-16T22:46:46","guid":{"rendered":"http:\/\/portalcatolico.net\/portal\/?p=74935"},"modified":"2022-02-16T19:46:46","modified_gmt":"2022-02-16T22:46:46","slug":"4o-congresso-missionario-nacional-de-seminaristas-sera-realizado-em-joao-pessoa-pb","status":"publish","type":"post","link":"https:\/\/portalcatolico.net\/portal\/4o-congresso-missionario-nacional-de-seminaristas-sera-realizado-em-joao-pessoa-pb\/","title":{"rendered":"4\u00ba CONGRESSO MISSION\u00c1RIO NACIONAL DE SEMINARISTAS SER\u00c1 REALIZADO EM JO\u00c3O PESSOA (PB)"},"content":{"rendered":"<p>Em sintonia com a caminhada mission\u00e1ria da Igreja no Brasil, as Pontif\u00edcias Obras Mission\u00e1rias (POM) e a coordena\u00e7\u00e3o nacional dos Conselhos Mission\u00e1rios de Seminaristas (COMISEs), promovem o 4\u00ba Congresso Mission\u00e1rio Nacional de Seminaristas (COMINSE). O evento, uma das iniciativas da programa\u00e7\u00e3o do Ano Jubilar Mission\u00e1rio, acontecer\u00e1 nos dias 11 a 17 de julho de 2022, em Jo\u00e3o Pessoa, Arquidiocese da Para\u00edba.<\/p>\n<p><img loading=\"lazy\" decoding=\"async\" class=\"wp-image-863699 alignright lazyloaded\" src=\"https:\/\/eadn-wc02-718006.nxedge.io\/cdn\/wp-content\/uploads\/2022\/02\/WhatsApp-Image-2022-02-15-at-14.48.36.jpeg\" sizes=\"auto, (max-width: 334px) 100vw, 334px\" srcset=\"https:\/\/eadn-wc02-718006.nxedge.io\/cdn\/wp-content\/uploads\/2022\/02\/WhatsApp-Image-2022-02-15-at-14.48.36.jpeg 920w, https:\/\/eadn-wc02-718006.nxedge.io\/cdn\/wp-content\/uploads\/2022\/02\/WhatsApp-Image-2022-02-15-at-14.48.36-216x300.jpeg 216w, https:\/\/eadn-wc02-718006.nxedge.io\/cdn\/wp-content\/uploads\/2022\/02\/WhatsApp-Image-2022-02-15-at-14.48.36-736x1024.jpeg 736w, https:\/\/eadn-wc02-718006.nxedge.io\/cdn\/wp-content\/uploads\/2022\/02\/WhatsApp-Image-2022-02-15-at-14.48.36-768x1069.jpeg 768w, https:\/\/eadn-wc02-718006.nxedge.io\/cdn\/wp-content\/uploads\/2022\/02\/WhatsApp-Image-2022-02-15-at-14.48.36-500x696.jpeg 500w\" alt=\"\" width=\"334\" height=\"465\" data-srcset=\"https:\/\/eadn-wc02-718006.nxedge.io\/cdn\/wp-content\/uploads\/2022\/02\/WhatsApp-Image-2022-02-15-at-14.48.36.jpeg 920w, https:\/\/eadn-wc02-718006.nxedge.io\/cdn\/wp-content\/uploads\/2022\/02\/WhatsApp-Image-2022-02-15-at-14.48.36-216x300.jpeg 216w, https:\/\/eadn-wc02-718006.nxedge.io\/cdn\/wp-content\/uploads\/2022\/02\/WhatsApp-Image-2022-02-15-at-14.48.36-736x1024.jpeg 736w, https:\/\/eadn-wc02-718006.nxedge.io\/cdn\/wp-content\/uploads\/2022\/02\/WhatsApp-Image-2022-02-15-at-14.48.36-768x1069.jpeg 768w, https:\/\/eadn-wc02-718006.nxedge.io\/cdn\/wp-content\/uploads\/2022\/02\/WhatsApp-Image-2022-02-15-at-14.48.36-500x696.jpeg 500w\" data-src=\"https:\/\/eadn-wc02-718006.nxedge.io\/cdn\/wp-content\/uploads\/2022\/02\/WhatsApp-Image-2022-02-15-at-14.48.36.jpeg\" data-sizes=\"(max-width: 334px) 100vw, 334px\">O congresso ter\u00e1 como tema&nbsp;<em><strong>\u201cMiss\u00e3o ad gentes na forma\u00e7\u00e3o de seminaristas\u201d<\/strong><\/em>&nbsp;e o lema&nbsp;<strong><em>\u201cSereis minhas testemunhas at\u00e9 os confins da terra\u201d<\/em><\/strong>&nbsp;(At 1,8). Pretende reunir 350 participantes, entre seminaristas, reitores e formadores de semin\u00e1rios, bispos e convidados, sendo um espa\u00e7o de reflex\u00e3o, troca de experi\u00eancias e celebra\u00e7\u00f5es. Seu objetivo ser\u00e1 animar e aprimorar a forma\u00e7\u00e3o mission\u00e1ria dos futuros presb\u00edteros no Brasil, de maneira que a miss\u00e3o seja realmente eixo central da forma\u00e7\u00e3o e os ajude a adquirir um aut\u00eantico esp\u00edrito mission\u00e1rio.<\/p>\n<p>Para garantir \u00eaxito na realiza\u00e7\u00e3o do evento, as POM e a coordena\u00e7\u00e3o nacional dos COMISEs contam com a parceria e o apoio da Comiss\u00e3o Episcopal para a A\u00e7\u00e3o Mission\u00e1ria e Coopera\u00e7\u00e3o Intereclesial da CNBB, Comiss\u00e3o Episcopal para os Minist\u00e9rios Ordenados e a Vida Consagrada da CNBB, a Organiza\u00e7\u00e3o dos Semin\u00e1rios e Institutos do Brasil (OSIB) e a Confer\u00eancia dos Religiosos do Brasil (CRB).<\/p>\n<h3>Inscri\u00e7\u00f5es acontecem por regionais<\/h3>\n<p>O n\u00famero de vagas, para cada Regional, foi encaminhado para os coordenadores regionais dos COMISEs. Eles distribuir\u00e3o as vagas nos Regionais e repassar\u00e3o informa\u00e7\u00f5es sobre as inscri\u00e7\u00f5es dos participantes tendo como crit\u00e9rio a representatividade das etapas de forma\u00e7\u00e3o (proped\u00eautico, discipulado, configura\u00e7\u00e3o e s\u00edntese), das dioceses e das casas de forma\u00e7\u00e3o religiosas, formadores e reitores, bispos e convidados.<\/p>\n<p>Para envolver o maior n\u00famero de seminaristas e formadores na reflex\u00e3o sobre a tem\u00e1tica do Congresso, ser\u00e1 enviada uma Cartilha com roteiros de encontros. \u00c9 recomend\u00e1vel que o subs\u00eddio seja estudado pelos seminaristas, de todas as etapas de forma\u00e7\u00e3o, durante o 1\u00ba semestre de 2022. O COMISE distribuir\u00e1 a Cartilha pelos semin\u00e1rios no Regional.<\/p>\n<p>Para os COMISEs, em diversos n\u00edveis, \u00e9 recomendado programarem outras iniciativas de forma\u00e7\u00e3o mission\u00e1ria para os seminaristas em sintonia com o tema do Congresso. Essas iniciativas poderiam servir como pr\u00e9-Congresso (1\u00ba semestre) e p\u00f3s-Congresso (2\u00ba semestre).<\/p>\n<pre><strong><em>Com informa\u00e7\u00f5es das Pontif\u00edcias Obras Mission\u00e1rias (POM)<\/em><\/strong><\/pre>\n","protected":false},"excerpt":{"rendered":"<p>Em sintonia com a caminhada mission\u00e1ria da Igreja no Brasil, as Pontif\u00edcias Obras Mission\u00e1rias (POM) e a coordena\u00e7\u00e3o nacional dos Conselhos Mission\u00e1rios de Seminaristas (COMISEs), promovem o 4\u00ba Congresso Mission\u00e1rio Nacional de Seminaristas (COMINSE). O evento, uma das iniciativas da programa\u00e7\u00e3o do Ano Jubilar Mission\u00e1rio, acontecer\u00e1 nos dias 11 a 17 de julho de 2022,&nbsp;<\/p>\n<p><a class=\"btn btn-style\" href=\"https:\/\/portalcatolico.net\/portal\/4o-congresso-missionario-nacional-de-seminaristas-sera-realizado-em-joao-pessoa-pb\/\">Continue Reading<\/a><\/p>\n","protected":false},"author":2,"featured_media":74936,"comment_status":"open","ping_status":"open","sticky":false,"template":"","format":"standard","meta":{"footnotes":""},"categories":[3],"tags":[],"class_list":["post-74935","post","type-post","status-publish","format-standard","has-post-thumbnail","hentry","category-noticias_regionais"],"_links":{"self":[{"href":"https:\/\/portalcatolico.net\/portal\/wp-json\/wp\/v2\/posts\/74935","targetHints":{"allow":["GET"]}}],"collection":[{"href":"https:\/\/portalcatolico.net\/portal\/wp-json\/wp\/v2\/posts"}],"about":[{"href":"https:\/\/portalcatolico.net\/portal\/wp-json\/wp\/v2\/types\/post"}],"author":[{"embeddable":true,"href":"https:\/\/portalcatolico.net\/portal\/wp-json\/wp\/v2\/users\/2"}],"replies":[{"embeddable":true,"href":"https:\/\/portalcatolico.net\/portal\/wp-json\/wp\/v2\/comments?post=74935"}],"version-history":[{"count":1,"href":"https:\/\/portalcatolico.net\/portal\/wp-json\/wp\/v2\/posts\/74935\/revisions"}],"predecessor-version":[{"id":74937,"href":"https:\/\/portalcatolico.net\/portal\/wp-json\/wp\/v2\/posts\/74935\/revisions\/74937"}],"wp:featuredmedia":[{"embeddable":true,"href":"https:\/\/portalcatolico.net\/portal\/wp-json\/wp\/v2\/media\/74936"}],"wp:attachment":[{"href":"https:\/\/portalcatolico.net\/portal\/wp-json\/wp\/v2\/media?parent=74935"}],"wp:term":[{"taxonomy":"category","embeddable":true,"href":"https:\/\/portalcatolico.net\/portal\/wp-json\/wp\/v2\/categories?post=74935"},{"taxonomy":"post_tag","embeddable":true,"href":"https:\/\/portalcatolico.net\/portal\/wp-json\/wp\/v2\/tags?post=74935"}],"curies":[{"name":"wp","href":"https:\/\/api.w.org\/{rel}","templated":true}]}}