{"id":74932,"date":"2022-02-15T20:26:24","date_gmt":"2022-02-15T23:26:24","guid":{"rendered":"http:\/\/portalcatolico.net\/portal\/?p=74932"},"modified":"2022-02-15T20:26:24","modified_gmt":"2022-02-15T23:26:24","slug":"divulgado-o-tema-do-ii-dia-mundial-dos-avos-e-dos-idosos","status":"publish","type":"post","link":"https:\/\/portalcatolico.net\/portal\/divulgado-o-tema-do-ii-dia-mundial-dos-avos-e-dos-idosos\/","title":{"rendered":"DIVULGADO O TEMA DO II DIA MUNDIAL DOS AV\u00d3S E DOS IDOSOS"},"content":{"rendered":"<p>O Dicast\u00e9rio para os Leigos, a Fam\u00edlia e a Vida divulgou, nesta ter\u00e7a-feira, 15, o tema da II Jornada Mundial dos Av\u00f3s e dos Idosos, a ser celebrada por toda a Igreja no dia&nbsp;24 de julho de 2022, um domingo. O tema escolhido pelo Papa Francisco para a ocasi\u00e3o \u00e9&nbsp;<i>\u201cD\u00e3o fruto mesmo na velhice\u201d&nbsp;<\/i>(Sl 92, 15), e pretende destacar o quanto os av\u00f3s e idosos s\u00e3o um valor e um dom, tanto para a sociedade quanto para a comunidade eclesial.<\/p>\n<p>O tema \u00e9 tamb\u00e9m um convite a reconsiderar e valorizar os av\u00f3s e os idosos, \u201ct\u00e3o frequentemente deixados \u00e0s margens das fam\u00edlias, das comunidades civis e eclesiais\u201d, segundo o Dicast\u00e9rio. \u201cA experi\u00eancia de vida e de f\u00e9 deles pode contribuir, com efeito, para construir sociedades conscientes das suas pr\u00f3prias ra\u00edzes e capazes de sonhar um futuro mais solid\u00e1rio\u201d, salienta no comunicado divulgado pela Sala de Imprensa da Santa S\u00e9.<\/p>\n<p>Pelas redes sociais, o perfil do Papa Francisco explicou que a escolha do tema deve-se \u00e0 inten\u00e7\u00e3o de \u201cpromover o di\u00e1logo entre as gera\u00e7\u00f5es, especialmente entre av\u00f3s e netos\u201d.<\/p>\n<blockquote><p>\u201c\u00c9 muito importante unir a sabedoria dos idosos e o entusiasmo dos jovens. O encontro entre av\u00f3s e netos \u00e9 um encontro-chave, principalmente neste momento de crise econ\u00f4mica e social que a humanidade atravessa. Os idosos devem ser cuidados como um tesouro da humanidade: s\u00e3o a nossa sabedoria, a nossa mem\u00f3ria. \u00c9 fundamental que os netos permane\u00e7am ligados aos av\u00f3s, que s\u00e3o como ra\u00edzes, das quais extraem a linfa dos valores humanos e espirituais\u201d.<\/p><\/blockquote>\n<p>O convite a dar ouvidos \u00e0 sabedoria dos anos revela-se particularmente significativo no contexto do caminho sinodal que a Igreja tem empreendido, segundo o Dicast\u00e9rio.<\/p>\n<p>Par\u00f3quias, dioceses, associa\u00e7\u00f5es e comunidades eclesiais do mundo inteiro s\u00e3o motivadas a encontrar as modalidades para celebrarem essa&nbsp;<i>Jornada,<\/i>&nbsp;cada qual no seu contexto pastoral. Para isso, o Dicast\u00e9rio para os Leigos, a Fam\u00edlia e a Vida v\u00e3o disponibilizar ferramentas pastorais destinados e pensados para auxiliar nas celebra\u00e7\u00f5es.(CNBB)<\/p>\n","protected":false},"excerpt":{"rendered":"<p>O Dicast\u00e9rio para os Leigos, a Fam\u00edlia e a Vida divulgou, nesta ter\u00e7a-feira, 15, o tema da II Jornada Mundial dos Av\u00f3s e dos Idosos, a ser celebrada por toda a Igreja no dia&nbsp;24 de julho de 2022, um domingo. O tema escolhido pelo Papa Francisco para a ocasi\u00e3o \u00e9&nbsp;\u201cD\u00e3o fruto mesmo na velhice\u201d&nbsp;(Sl 92,&nbsp;<\/p>\n<p><a class=\"btn btn-style\" href=\"https:\/\/portalcatolico.net\/portal\/divulgado-o-tema-do-ii-dia-mundial-dos-avos-e-dos-idosos\/\">Continue Reading<\/a><\/p>\n","protected":false},"author":2,"featured_media":74933,"comment_status":"open","ping_status":"open","sticky":false,"template":"","format":"standard","meta":{"footnotes":""},"categories":[4],"tags":[],"class_list":["post-74932","post","type-post","status-publish","format-standard","has-post-thumbnail","hentry","category-destaques"],"_links":{"self":[{"href":"https:\/\/portalcatolico.net\/portal\/wp-json\/wp\/v2\/posts\/74932","targetHints":{"allow":["GET"]}}],"collection":[{"href":"https:\/\/portalcatolico.net\/portal\/wp-json\/wp\/v2\/posts"}],"about":[{"href":"https:\/\/portalcatolico.net\/portal\/wp-json\/wp\/v2\/types\/post"}],"author":[{"embeddable":true,"href":"https:\/\/portalcatolico.net\/portal\/wp-json\/wp\/v2\/users\/2"}],"replies":[{"embeddable":true,"href":"https:\/\/portalcatolico.net\/portal\/wp-json\/wp\/v2\/comments?post=74932"}],"version-history":[{"count":1,"href":"https:\/\/portalcatolico.net\/portal\/wp-json\/wp\/v2\/posts\/74932\/revisions"}],"predecessor-version":[{"id":74934,"href":"https:\/\/portalcatolico.net\/portal\/wp-json\/wp\/v2\/posts\/74932\/revisions\/74934"}],"wp:featuredmedia":[{"embeddable":true,"href":"https:\/\/portalcatolico.net\/portal\/wp-json\/wp\/v2\/media\/74933"}],"wp:attachment":[{"href":"https:\/\/portalcatolico.net\/portal\/wp-json\/wp\/v2\/media?parent=74932"}],"wp:term":[{"taxonomy":"category","embeddable":true,"href":"https:\/\/portalcatolico.net\/portal\/wp-json\/wp\/v2\/categories?post=74932"},{"taxonomy":"post_tag","embeddable":true,"href":"https:\/\/portalcatolico.net\/portal\/wp-json\/wp\/v2\/tags?post=74932"}],"curies":[{"name":"wp","href":"https:\/\/api.w.org\/{rel}","templated":true}]}}