{"id":74925,"date":"2022-02-15T20:17:33","date_gmt":"2022-02-15T23:17:33","guid":{"rendered":"http:\/\/portalcatolico.net\/portal\/?p=74925"},"modified":"2022-02-15T20:18:39","modified_gmt":"2022-02-15T23:18:39","slug":"igreja-no-rio-de-janeiro-agradece-a-deus-pelo-episcopado-de-dom-catelan-e-dom-robert","status":"publish","type":"post","link":"https:\/\/portalcatolico.net\/portal\/igreja-no-rio-de-janeiro-agradece-a-deus-pelo-episcopado-de-dom-catelan-e-dom-robert\/","title":{"rendered":"Igreja no Rio de Janeiro agradece a Deus pelo episcopado de Dom Catelan e Dom Robert"},"content":{"rendered":"<div class=\"article__subTitle\">Uma missa em a\u00e7\u00e3o de gra\u00e7as na Catedral de S\u00e3o Sebasti\u00e3o, no Rio de janeiro, no dia 12 de fevereiro, marcou a acolhida do novo bispo auxiliar, Dom Antonio Luiz Catelan Ferreira, e o primeiro anivers\u00e1rio de ordena\u00e7\u00e3o episcopal de Dom Robert J\u00f3zef Chrz\u0105szcz, bispo auxiliar de Crac\u00f3via, na Pol\u00f4nia.<\/div>\n<div>&nbsp;<\/div>\n<div class=\"title__separator\">\n<div class=\"article__text \">\n<p>A missa em a\u00e7\u00e3o de gra\u00e7as na Catedral de S\u00e3o Sebasti\u00e3o foi presidida pelo arcebispo metropolitano, Cardeal Orani Jo\u00e3o Tempesta, e concelebrada pelos bispos auxiliares, entre eles, Dom Joel Portella Amado, representando na qualidade de secret\u00e1rio geral, a Confer\u00eancia Nacional dos Bispos do Brasil (CNBB), e o bispo da Diocese de Nova Igua\u00e7u (RJ), Dom Gilson Andrade da Silva, representando o Regional Leste 1 da CNBB.<\/p>\n<p><strong>Bispo auxiliar do Rio de Janeiro<\/strong><\/p>\n<p>Bispo titular de Tunes e auxiliar do Rio de Janeiro, Dom Antonio Catelan foi nomeado pelo Papa Francisco no dia 24 de novembro de 2021, e ordenado por Dom Orani como sucessor dos Ap\u00f3stolos no \u00faltimo dia 5 de fevereiro, na Catedral do Divino Espirito Santo, em Umuarama, no Paran\u00e1. Ele \u00e9 o primeiro padre do clero diocesano a chegar ao episcopado.<\/p>\n<p>\u201cLouvamos a Deus e agradecemos ao Papa Francisco por nos conceder mais um bispo auxiliar, Dom Ant\u00f4nio Catelan, que recebemos oficialmente em nossa arquidiocese. Ele que j\u00e1 conhece a realidade de nossa arquidiocese, pedimos a Deus que o aben\u00e7oe na sua nova miss\u00e3o. Temos nove vicariatos em nossa arquidiocese, e sua presen\u00e7a significa a partilha de servi\u00e7os e facilitar\u00e1 a uma maior proximidade com os sacerdotes e o povo de Deus\u201d, disse Dom Orani.<img loading=\"lazy\" decoding=\"async\" class=\"alignnone wp-image-74926\" src=\"http:\/\/portalcatolico.net\/portal\/wp-content\/uploads\/2022\/02\/cq5dam.thumbnail.cropped.750.422-2-1-300x169.jpeg\" alt=\"\" width=\"821\" height=\"462\" srcset=\"https:\/\/portalcatolico.net\/portal\/wp-content\/uploads\/2022\/02\/cq5dam.thumbnail.cropped.750.422-2-1-300x169.jpeg 300w, https:\/\/portalcatolico.net\/portal\/wp-content\/uploads\/2022\/02\/cq5dam.thumbnail.cropped.750.422-2-1.jpeg 750w\" sizes=\"auto, (max-width: 821px) 100vw, 821px\" \/><\/p>\n<div>\n<div class=\"article__embed article__embed--unwrap article__embed--photo\">\n<figure><picture><source srcset=\"\/content\/dam\/vaticannews\/multimedia\/2022\/02\/14\/POSSE-BISPO-RIO-DE-JANEIRO-2-2aem.jpg\/_jcr_content\/renditions\/cq5dam.thumbnail.cropped.1500.844.jpeg 2x, \/content\/dam\/vaticannews\/multimedia\/2022\/02\/14\/POSSE-BISPO-RIO-DE-JANEIRO-2-2aem.jpg\/_jcr_content\/renditions\/cq5dam.thumbnail.cropped.750.422.jpeg 1x\" media=\"(min-width: 1024px)\" data-original-set=\"\/content\/dam\/vaticannews\/multimedia\/2022\/02\/14\/POSSE-BISPO-RIO-DE-JANEIRO-2-2aem.jpg\/_jcr_content\/renditions\/cq5dam.thumbnail.cropped.1500.844.jpeg 2x, \/content\/dam\/vaticannews\/multimedia\/2022\/02\/14\/POSSE-BISPO-RIO-DE-JANEIRO-2-2aem.jpg\/_jcr_content\/renditions\/cq5dam.thumbnail.cropped.750.422.jpeg 1x\"><source srcset=\"\/content\/dam\/vaticannews\/multimedia\/2022\/02\/14\/POSSE-BISPO-RIO-DE-JANEIRO-2-2aem.jpg\/_jcr_content\/renditions\/cq5dam.thumbnail.cropped.1000.563.jpeg 2x, \/content\/dam\/vaticannews\/multimedia\/2022\/02\/14\/POSSE-BISPO-RIO-DE-JANEIRO-2-2aem.jpg\/_jcr_content\/renditions\/cq5dam.thumbnail.cropped.500.281.jpeg 1x\" media=\"(min-width: 768px)\" data-original-set=\"\/content\/dam\/vaticannews\/multimedia\/2022\/02\/14\/POSSE-BISPO-RIO-DE-JANEIRO-2-2aem.jpg\/_jcr_content\/renditions\/cq5dam.thumbnail.cropped.1000.563.jpeg 2x, \/content\/dam\/vaticannews\/multimedia\/2022\/02\/14\/POSSE-BISPO-RIO-DE-JANEIRO-2-2aem.jpg\/_jcr_content\/renditions\/cq5dam.thumbnail.cropped.500.281.jpeg 1x\"><source srcset=\"\/content\/dam\/vaticannews\/multimedia\/2022\/02\/14\/POSSE-BISPO-RIO-DE-JANEIRO-2-2aem.jpg\/_jcr_content\/renditions\/cq5dam.thumbnail.cropped.500.281.jpeg\" data-original-set=\"\/content\/dam\/vaticannews\/multimedia\/2022\/02\/14\/POSSE-BISPO-RIO-DE-JANEIRO-2-2aem.jpg\/_jcr_content\/renditions\/cq5dam.thumbnail.cropped.500.281.jpeg\"><\/picture><\/figure>\n<div class=\"photo_embed--Title\">Dom Orani, dom Robert e dom Catelan<\/div>\n<\/div>\n<\/div>\n<p><strong>Bispo auxiliar de Crac\u00f3via<\/strong><\/p>\n<p>Mission\u00e1rio fidei donum, Dom Robert exerceu o minist\u00e9rio sacerdotal na Arquidiocese do Rio de Janeiro durante 15 anos, quando foi nomeado pelo Papa Francisco como auxiliar da Arquidiocese de Crac\u00f3via, no dia 11 de novembro de 2020. Foi ordenado no dia 6 de fevereiro de 2021, no Santu\u00e1rio S\u00e3o Jo\u00e3o Paulo II, em Crac\u00f3via, na Pol\u00f4nia, por Dom Marek J\u0119draszewski.<\/p>\n<p>\u201cPor causa das limita\u00e7\u00f5es da pandemia, n\u00e3o foi poss\u00edvel participar da ordena\u00e7\u00e3o de Dom Robert em sua terra natal. Estamos felizes por ele ter aceitado nosso convite para celebrar o primeiro anivers\u00e1rio de ordena\u00e7\u00e3o entre n\u00f3s. Agradecemos a Deus por sua elei\u00e7\u00e3o ao episcopado e nos comprometemos com ele para rezar na sua inten\u00e7\u00e3o para que possa cada vez mais ser o bom pastor, o servo do Senhor junto do povo de Deus\u201d, disse Dom Orani.<\/p>\n<p>Logo no in\u00edcio da celebra\u00e7\u00e3o, o reitor do Santu\u00e1rio Cristo Redentor e p\u00e1roco da Par\u00f3quia S\u00e3o Jos\u00e9, na Lagoa, no Rio de Janeiro, padre Omar Raposo, fez a leitura e apresentou a bula pontif\u00edcia de nomea\u00e7\u00e3o de Dom Antonio Catelan. Tamb\u00e9m durante a celebra\u00e7\u00e3o, foi lida pelo chanceler da C\u00faria Metropolitana, monsenhor Helio Pacheco Filho, a ata de tomada de posse como bispo auxiliar da Arquidiocese do Rio de Janeiro.<\/p>\n<p><img loading=\"lazy\" decoding=\"async\" class=\"alignnone wp-image-74927\" src=\"http:\/\/portalcatolico.net\/portal\/wp-content\/uploads\/2022\/02\/cq5dam.thumbnail.cropped.750.422-3-1-300x169.jpeg\" alt=\"\" width=\"824\" height=\"464\" srcset=\"https:\/\/portalcatolico.net\/portal\/wp-content\/uploads\/2022\/02\/cq5dam.thumbnail.cropped.750.422-3-1-300x169.jpeg 300w, https:\/\/portalcatolico.net\/portal\/wp-content\/uploads\/2022\/02\/cq5dam.thumbnail.cropped.750.422-3-1.jpeg 750w\" sizes=\"auto, (max-width: 824px) 100vw, 824px\" \/><\/p>\n<div>\n<div class=\"article__embed article__embed--unwrap article__embed--photo\">\n<figure><picture><source srcset=\"\/content\/dam\/vaticannews\/multimedia\/2022\/02\/14\/POSSE-BISPO-RIO-DE-JANEIRO-4-1aem.jpg\/_jcr_content\/renditions\/cq5dam.thumbnail.cropped.1500.844.jpeg 2x, \/content\/dam\/vaticannews\/multimedia\/2022\/02\/14\/POSSE-BISPO-RIO-DE-JANEIRO-4-1aem.jpg\/_jcr_content\/renditions\/cq5dam.thumbnail.cropped.750.422.jpeg 1x\" media=\"(min-width: 1024px)\" data-original-set=\"\/content\/dam\/vaticannews\/multimedia\/2022\/02\/14\/POSSE-BISPO-RIO-DE-JANEIRO-4-1aem.jpg\/_jcr_content\/renditions\/cq5dam.thumbnail.cropped.1500.844.jpeg 2x, \/content\/dam\/vaticannews\/multimedia\/2022\/02\/14\/POSSE-BISPO-RIO-DE-JANEIRO-4-1aem.jpg\/_jcr_content\/renditions\/cq5dam.thumbnail.cropped.750.422.jpeg 1x\"><source srcset=\"\/content\/dam\/vaticannews\/multimedia\/2022\/02\/14\/POSSE-BISPO-RIO-DE-JANEIRO-4-1aem.jpg\/_jcr_content\/renditions\/cq5dam.thumbnail.cropped.1000.563.jpeg 2x, \/content\/dam\/vaticannews\/multimedia\/2022\/02\/14\/POSSE-BISPO-RIO-DE-JANEIRO-4-1aem.jpg\/_jcr_content\/renditions\/cq5dam.thumbnail.cropped.500.281.jpeg 1x\" media=\"(min-width: 768px)\" data-original-set=\"\/content\/dam\/vaticannews\/multimedia\/2022\/02\/14\/POSSE-BISPO-RIO-DE-JANEIRO-4-1aem.jpg\/_jcr_content\/renditions\/cq5dam.thumbnail.cropped.1000.563.jpeg 2x, \/content\/dam\/vaticannews\/multimedia\/2022\/02\/14\/POSSE-BISPO-RIO-DE-JANEIRO-4-1aem.jpg\/_jcr_content\/renditions\/cq5dam.thumbnail.cropped.500.281.jpeg 1x\"><source srcset=\"\/content\/dam\/vaticannews\/multimedia\/2022\/02\/14\/POSSE-BISPO-RIO-DE-JANEIRO-4-1aem.jpg\/_jcr_content\/renditions\/cq5dam.thumbnail.cropped.500.281.jpeg\" data-original-set=\"\/content\/dam\/vaticannews\/multimedia\/2022\/02\/14\/POSSE-BISPO-RIO-DE-JANEIRO-4-1aem.jpg\/_jcr_content\/renditions\/cq5dam.thumbnail.cropped.500.281.jpeg\"><\/picture><\/figure>\n<div class=\"photo_embed--Title\">Dom Orani e dom Catelan<\/div>\n<\/div>\n<\/div>\n<p><strong>Maria, m\u00e3e e intercessora<\/strong><\/p>\n<p>Na homilia, Dom Orani recordou que, por ser s\u00e1bado, estava celebrando a Missa Votiva de Nossa Senhora, destacando a presen\u00e7a de Maria junto com os Ap\u00f3stolos, no Dia de Pentecostes e quando, no alto da cruz, Jesus entregou sua m\u00e3e a Jo\u00e3o, o disc\u00edpulo amado, e ele a levou para a sua casa. \u201cFiz men\u00e7\u00e3o a esses dois epis\u00f3dios para destacar a import\u00e2ncia e a presen\u00e7a de Maria na vida de um bispo\u201d, disse.<\/p>\n<p>Como exemplo de devo\u00e7\u00e3o a Maria, Dom Orani destacou a figura de S\u00e3o Jo\u00e3o Paulo II, recordando que quando esteve na Pol\u00f4nia, por ocasi\u00e3o da Jornada Mundial da Juventude, em 2016, o ent\u00e3o c\u00f4nego Robert o levou ao Santu\u00e1rio de Nossa Senhora, na cidade de Kalwaria Zebrzydowska, para conhecer um epis\u00f3dio da vida do Santo Polon\u00eas. Nesta igreja, distante 14 quil\u00f4metros de Wadowice, ao ficar \u00f3rf\u00e3o, o pai do menino Karol J\u00f3zef Wojty\u0142a o entregou a Maria, para que fosse sua m\u00e3e e cuidasse de sua vida.<\/p>\n<p>\u201cAssim compreendemos a devo\u00e7\u00e3o de S\u00e3o Jo\u00e3o Paulo II por Maria, ao declarar seu amor filial: &#8216;Totus tuus&#8217;, &#8216;todo teu, Maria&#8217;, que foi o lema de seu pontificado\u201d, disse o arcebispo.<\/p>\n<p>Ao recordar a tradi\u00e7\u00e3o portuguesa marcante no Brasil das igrejas dedicadas \u00e0 Nossa Senhora da Concei\u00e7\u00e3o, com destaque para a padroeira Nossa Senhora Aparecida, Dom Orani lembrou que os v\u00e1rios nomes de Maria possam representar a sua intercess\u00e3o para quem tem a miss\u00e3o de servir o povo de Deus. \u201cConfiamos Dom Antonio Catelan e Dom Robert nas m\u00e3os e intercess\u00e3o de Maria\u201d, disse.<\/p>\n<p>\u201cTemos muito carinho por Maria, que nos foi dada por Jesus como m\u00e3e, para levar para a casa do nosso cora\u00e7\u00e3o, da nossa vida e da nossa miss\u00e3o. Ela que vem ao nosso encontro e nos conduz ao Senhor. Juntos com Maria, reunidos como ap\u00f3stolos, rezemos pedindo a a\u00e7\u00e3o do Esp\u00edrito Santo para que sejamos iluminados e possamos enxergar os melhores caminhos, para viver nestes tempos complexos e ser, para o nosso povo, sinais da presen\u00e7a amorosa e da bondade do Senhor, nosso Deus\u201d, concluiu a arcebispo.<\/p>\n<p><img loading=\"lazy\" decoding=\"async\" class=\"alignnone wp-image-74928\" src=\"http:\/\/portalcatolico.net\/portal\/wp-content\/uploads\/2022\/02\/cq5dam.thumbnail.cropped.750.422-4-1-300x169.jpeg\" alt=\"\" width=\"825\" height=\"465\" srcset=\"https:\/\/portalcatolico.net\/portal\/wp-content\/uploads\/2022\/02\/cq5dam.thumbnail.cropped.750.422-4-1-300x169.jpeg 300w, https:\/\/portalcatolico.net\/portal\/wp-content\/uploads\/2022\/02\/cq5dam.thumbnail.cropped.750.422-4-1.jpeg 750w\" sizes=\"auto, (max-width: 825px) 100vw, 825px\" \/><\/p>\n<div>\n<div class=\"article__embed article__embed--unwrap article__embed--photo\">\n<figure><picture><source srcset=\"\/content\/dam\/vaticannews\/multimedia\/2022\/02\/14\/POSSE-BISPO-RIO-DE-JANEIRO-6-1aem.jpg\/_jcr_content\/renditions\/cq5dam.thumbnail.cropped.1500.844.jpeg 2x, \/content\/dam\/vaticannews\/multimedia\/2022\/02\/14\/POSSE-BISPO-RIO-DE-JANEIRO-6-1aem.jpg\/_jcr_content\/renditions\/cq5dam.thumbnail.cropped.750.422.jpeg 1x\" media=\"(min-width: 1024px)\" data-original-set=\"\/content\/dam\/vaticannews\/multimedia\/2022\/02\/14\/POSSE-BISPO-RIO-DE-JANEIRO-6-1aem.jpg\/_jcr_content\/renditions\/cq5dam.thumbnail.cropped.1500.844.jpeg 2x, \/content\/dam\/vaticannews\/multimedia\/2022\/02\/14\/POSSE-BISPO-RIO-DE-JANEIRO-6-1aem.jpg\/_jcr_content\/renditions\/cq5dam.thumbnail.cropped.750.422.jpeg 1x\"><source srcset=\"\/content\/dam\/vaticannews\/multimedia\/2022\/02\/14\/POSSE-BISPO-RIO-DE-JANEIRO-6-1aem.jpg\/_jcr_content\/renditions\/cq5dam.thumbnail.cropped.1000.563.jpeg 2x, \/content\/dam\/vaticannews\/multimedia\/2022\/02\/14\/POSSE-BISPO-RIO-DE-JANEIRO-6-1aem.jpg\/_jcr_content\/renditions\/cq5dam.thumbnail.cropped.500.281.jpeg 1x\" media=\"(min-width: 768px)\" data-original-set=\"\/content\/dam\/vaticannews\/multimedia\/2022\/02\/14\/POSSE-BISPO-RIO-DE-JANEIRO-6-1aem.jpg\/_jcr_content\/renditions\/cq5dam.thumbnail.cropped.1000.563.jpeg 2x, \/content\/dam\/vaticannews\/multimedia\/2022\/02\/14\/POSSE-BISPO-RIO-DE-JANEIRO-6-1aem.jpg\/_jcr_content\/renditions\/cq5dam.thumbnail.cropped.500.281.jpeg 1x\"><source srcset=\"\/content\/dam\/vaticannews\/multimedia\/2022\/02\/14\/POSSE-BISPO-RIO-DE-JANEIRO-6-1aem.jpg\/_jcr_content\/renditions\/cq5dam.thumbnail.cropped.500.281.jpeg\" data-original-set=\"\/content\/dam\/vaticannews\/multimedia\/2022\/02\/14\/POSSE-BISPO-RIO-DE-JANEIRO-6-1aem.jpg\/_jcr_content\/renditions\/cq5dam.thumbnail.cropped.500.281.jpeg\"><\/picture><\/figure>\n<div class=\"photo_embed--Title\">Dom Catelan com familiares<\/div>\n<\/div>\n<\/div>\n<p><strong>Dom Antonio Catelan<\/strong><\/p>\n<p>No final da celebra\u00e7\u00e3o, o novo bispo auxiliar, Dom Antonio Catelan, fez v\u00e1rios agradecimentos, apresentou seus familiares, explicou o significado de seu Bras\u00e3o Episcopal, contou um pouco de sua hist\u00f3ria de vida e da experi\u00eancia de exercer nos \u00faltimos quatro anos o minist\u00e9rio sacerdotal na Arquidiocese do Rio de Janeiro, sendo tamb\u00e9m professor na Pontif\u00edcia Universidade Cat\u00f3lica, a PUC-Rio.&nbsp;&nbsp;<\/p>\n<p>\u201cVenho do interior do Paran\u00e1, de uma pequena diocese, mas pujante e rica em voca\u00e7\u00f5es, tanto para o minist\u00e9rio ordenado como para os v\u00e1rios minist\u00e9rios laicais. Dedicada ao Divino Esp\u00edrito Santo, a Diocese de Umuarama estar\u00e1 comemorando no pr\u00f3ximo ano 50 anos de cria\u00e7\u00e3o. Nesta diocese, que \u00e9 uma joia, uma perola, foi onde Deus me deu a gra\u00e7a de nascer, de receber o dom da f\u00e9 e da voca\u00e7\u00e3o ao sacerd\u00f3cio. Carrego no cora\u00e7\u00e3o toda gratid\u00e3o, sobretudo ao bispo diocesano, Dom Jo\u00e3o Mamede Filho, ao qual manifesto todo o meu amor e gratid\u00e3o\u201d, disse.<\/p>\n<p>Dom Antonio Catelan observou que veio do interior e de uma pujante diocese para uma capital grande, antiga, mas tamb\u00e9m muita rica de hist\u00f3ria e testemunhas. \u201cA hist\u00f3ria dessa arquidiocese, desde que foi criada como prelazia no seculo XVI at\u00e9 nos dias de hoje, \u00e9 uma hist\u00f3ria de testemunho de vida crist\u00e3 de acompanhamento da vida humana, em geral, e do desenvolvimento de toda essa regi\u00e3o\u201d, disse.<\/p>\n<p>Entre as grandes figuras que permearam a vida e a hist\u00f3ria da Arquidiocese do Rio de Janeiro, Dom Antonio Catelan apontou o Cardeal Sebasti\u00e3o Leme, fundador da PUC-Rio junto com o padre Leonel Franca, e Dom Eugenio de Araujo Sales, que \u201cacompanhou a arquidiocese num momento delicado da vida nacional com grande fidelidade ao Evangelho e ao seu povo\u201d.<\/p>\n<p>Tamb\u00e9m citou os atuais pastores, entre eles, Dom Orani, que definiu \u201ccomo algu\u00e9m que n\u00e3o vive para si mesmo, um modelo de pastor que, junto com o grupo dos bispos que o auxiliam no governo pastoral da arquidiocese, conduz com grande dedica\u00e7\u00e3o e testemunho\u201d.<\/p>\n<p>Lembrou da afinidade com os escritos (sobre S\u00e3o Jo\u00e3o da Cruz e do Cardeal John Henry Newman) do grande te\u00f3logo monsenhor Maur\u00edlio Teixeira Leite Penido, conhecido internacionalmente, mas que viveu e lecionou seus \u00faltimos anos no Rio de Janeiro. Recordou, ainda, dos Servos de Deus, a menina Odetinha e o jovem Guido Sch\u00e4ffer: \u201c\u00c9 uma Igreja rica em santidade e testemunho de f\u00e9\u201d, disse.<\/p>\n<p>\u201cDesde quando cheguei ao Rio de Janeiro, h\u00e1 quatro anos, encontrei aqui uma Igreja que cuida com dilig\u00eancia de sua miss\u00e3o principal, que \u00e9 transmitir e cultivar a f\u00e9, a vida lit\u00fargica, a vida fraterna. Uma Igreja atenta aos pobres, aos sofredores, uma Igreja solid\u00e1ria e servidora. Uma Igreja que sabe que sua miss\u00e3o \u00e9 de ordem espiritual, mas n\u00e3o se esquece a promo\u00e7\u00e3o dos valores humanos, sobretudo do amor, da justi\u00e7a, da paz e muito contribui para o crescimento do Reino de Deus at\u00e9 que ele chegue a sua plenitude. \u00c9 uma Igreja que testemunha no mundo, na sociedade, com os \u00f3rg\u00e3os oficiais, sem fazer discursos partid\u00e1rios ou ideol\u00f3gicos. Se conserva fiel a Jesus Cristo, ao Evangelho e ao seu povo\u201d, disse o novo bispo auxiliar.<\/p>\n<p>Ao concluir sua mensagem, Dom Antonio Catelan disse: \u201cTendo percebido isso ao longo desses quatros anos, me sinto encorajado e amparado a procurar dar o melhor de mim e tamb\u00e9m de n\u00e3o viver para mim, mas para o minist\u00e9rio ao qual fui consagrado, apesar da minha fraqueza e de meus pecados, pela gra\u00e7a e miseric\u00f3rdia de Deus\u201d.<\/p>\n<p><strong>Dom Robert Chrz\u0105szcz<\/strong><\/p>\n<p>Tamb\u00e9m transmitiu uma mensagem aos presentes o bispo auxiliar de Crac\u00f3via, Dom Robert J\u00f3zef Chrz\u0105szcz, come\u00e7ando com uma cita\u00e7\u00e3o da Carta de S\u00e3o Paulo aos Tessalonicenses: \u201cAlegrai-vos sempre. Orai sem cessar. Em tudo, dai gra\u00e7as, porque esta \u00e9 a vontade de Deus em Cristo Jesus para convosco\u201d (1Tes 5,16-18).<\/p>\n<p>\u201c\u00c9 com grande alegria que retorno ao solo brasileiro, terra de Santa Cruz, para rezar e dar gra\u00e7as a Deus por tudo que Ele realizou. Agrade\u00e7o-lhe pela gra\u00e7a do Batismo pelo qual me tornei seu filho e membro da Igreja, agrade\u00e7o pela gra\u00e7a imerecida da voca\u00e7\u00e3o sacerdotal, que por ela me tornei seu servo, e por sua infinita miseric\u00f3rdia ao me escolher para o episcopado\u201d, disse.<\/p>\n<p>Dom Robert manifestou sua alegria por celebrar o primeiro ano de sua ordena\u00e7\u00e3o episcopal, no mesmo dia em que a Arquidiocese do Rio de Janeiro acolhia o novo bispo auxiliar Dom Antonio Catelan.<\/p>\n<p>\u201cGostaria de dizer a todos, que os anos que passei aqui no Rio de Janeiro, entre voc\u00eas, trouxeram in\u00fameros frutos em minha vida e em meu minist\u00e9rio. Bendito seja Deus, que me permitiu conhecer e trabalhar nesta realidade da vinha do Senhor. \u00c9 gra\u00e7as a esse trabalho e conv\u00edvio que consigo olhar a Igreja como verdadeira m\u00e3e e mestra das na\u00e7\u00f5es\u201d, disse.<\/p>\n<p>Dom Robert confessou que transferiu toda a experi\u00eancia adquirida no Brasil para a Pol\u00f4nia, onde, tamb\u00e9m l\u00e1, como no Rio de Janeiro, ele precisa dar testemunho da f\u00e9, amor e fidelidade a Cristo Jesus, al\u00e9m de ser refer\u00eancia de temor a Deus. Disse que a Eucaristia une n\u00e3o somente os cora\u00e7\u00f5es, mas como toda a Igreja, por isso, \u00e9 N\u2019ela que est\u00e1 a verdadeira a\u00e7\u00e3o de gra\u00e7as!<\/p>\n<p>\u201cSempre que estou presidindo a Santa Missa na Pol\u00f4nia, rezo durante as s\u00faplicas da ora\u00e7\u00e3o Eucar\u00edstica \u201cLembrai-vos, \u00f3 Pai, da vossa Igreja que se faz presente pelo mundo inteiro&#8230;\u201d abra\u00e7o o Brasil e a esta arquidiocese com o pensamento e o cora\u00e7\u00e3o\u201d, disse.<\/p>\n<p>Na conclus\u00e3o de sua mensagem, Dom Robert pediu ora\u00e7\u00f5es pelo seu minist\u00e9rio, dirigiu uma mensagem a Dom Antonio Catelan, e disse a todos: \u201cDeixo-vos ainda, a exclama\u00e7\u00e3o que escolhi como lema do meu episcopado: \u201cAbre as portas para Cristo! \u201d Assim como no alto do Corcovado, diante dos nossos olhos, Jesus abre os bra\u00e7os para todos n\u00f3s, que possamos abrir as portas do nosso cora\u00e7\u00e3o para Ele! \u201d<\/p>\n<p><strong>Dom Joel Portella<\/strong><\/p>\n<p>Antes da conclus\u00e3o da celebra\u00e7\u00e3o, fez uso da palavra o bispo auxiliar do Rio de Janeiro e secret\u00e1rio geral da CNBB, afirmando que sua presen\u00e7a era de \u201cmotivos e sentimentos\u201d. Mais que uma presen\u00e7a institucional pelo oficio que desempenha na Igreja no Brasil, era tamb\u00e9m motivo de \u201cfraternidade, saudades e a\u00e7\u00e3o de gra\u00e7as\u201d.<\/p>\n<p>Dom Joel Portella informou que a Igreja no Brasil possui 278 dioceses e 471 bispos. Destacou as limita\u00e7\u00f5es da pandemia, a necessidade de rezar pelo fim dela e manifestou a fraternidade de seu cora\u00e7\u00e3o, quando um bispo \u00e9 ordenado, na certeza do aux\u00edlio de Deus.<\/p>\n<p>\u201cPor um lado, a vida nos faz sentir medo, nos assusta. Ao olhar para cada bispo, n\u00f3s dizemos: Deus n\u00e3o nos deixa abandonados. O Senhor, pelo seu Esp\u00edrito, envia ao seu rebanho pastores para cuidar deles. N\u00e3o isolados, mas uma comunh\u00e3o de pastores. Hoje tamb\u00e9m \u00e9 um dia de a\u00e7\u00e3o de gra\u00e7as ao bom Deus, na fragilidade dos nossos pecados, Ele faz de n\u00f3s instrumentos desse carinho, dessa miss\u00e3o\u201d.<\/p>\n<\/div>\n<div id=\"banner-donazioni\" class=\"article_banner\"><b>Carlos Moioli \u2013 Arquidiocese do Rio de Janeiro e Vatican News<\/b><\/div>\n<\/div>\n","protected":false},"excerpt":{"rendered":"<p>Uma missa em a\u00e7\u00e3o de gra\u00e7as na Catedral de S\u00e3o Sebasti\u00e3o, no Rio de janeiro, no dia 12 de fevereiro, marcou a acolhida do novo bispo auxiliar, Dom Antonio Luiz Catelan Ferreira, e o primeiro anivers\u00e1rio de ordena\u00e7\u00e3o episcopal de Dom Robert J\u00f3zef Chrz\u0105szcz, bispo auxiliar de Crac\u00f3via, na Pol\u00f4nia. &nbsp; A missa em a\u00e7\u00e3o&nbsp;<\/p>\n<p><a class=\"btn btn-style\" href=\"https:\/\/portalcatolico.net\/portal\/igreja-no-rio-de-janeiro-agradece-a-deus-pelo-episcopado-de-dom-catelan-e-dom-robert\/\">Continue Reading<\/a><\/p>\n","protected":false},"author":2,"featured_media":74929,"comment_status":"open","ping_status":"open","sticky":false,"template":"","format":"standard","meta":{"footnotes":""},"categories":[4],"tags":[],"class_list":["post-74925","post","type-post","status-publish","format-standard","has-post-thumbnail","hentry","category-destaques"],"_links":{"self":[{"href":"https:\/\/portalcatolico.net\/portal\/wp-json\/wp\/v2\/posts\/74925","targetHints":{"allow":["GET"]}}],"collection":[{"href":"https:\/\/portalcatolico.net\/portal\/wp-json\/wp\/v2\/posts"}],"about":[{"href":"https:\/\/portalcatolico.net\/portal\/wp-json\/wp\/v2\/types\/post"}],"author":[{"embeddable":true,"href":"https:\/\/portalcatolico.net\/portal\/wp-json\/wp\/v2\/users\/2"}],"replies":[{"embeddable":true,"href":"https:\/\/portalcatolico.net\/portal\/wp-json\/wp\/v2\/comments?post=74925"}],"version-history":[{"count":2,"href":"https:\/\/portalcatolico.net\/portal\/wp-json\/wp\/v2\/posts\/74925\/revisions"}],"predecessor-version":[{"id":74931,"href":"https:\/\/portalcatolico.net\/portal\/wp-json\/wp\/v2\/posts\/74925\/revisions\/74931"}],"wp:featuredmedia":[{"embeddable":true,"href":"https:\/\/portalcatolico.net\/portal\/wp-json\/wp\/v2\/media\/74929"}],"wp:attachment":[{"href":"https:\/\/portalcatolico.net\/portal\/wp-json\/wp\/v2\/media?parent=74925"}],"wp:term":[{"taxonomy":"category","embeddable":true,"href":"https:\/\/portalcatolico.net\/portal\/wp-json\/wp\/v2\/categories?post=74925"},{"taxonomy":"post_tag","embeddable":true,"href":"https:\/\/portalcatolico.net\/portal\/wp-json\/wp\/v2\/tags?post=74925"}],"curies":[{"name":"wp","href":"https:\/\/api.w.org\/{rel}","templated":true}]}}