{"id":74903,"date":"2022-02-11T19:23:38","date_gmt":"2022-02-11T22:23:38","guid":{"rendered":"http:\/\/portalcatolico.net\/portal\/?p=74903"},"modified":"2022-02-13T19:23:51","modified_gmt":"2022-02-13T22:23:51","slug":"cardeal-tempesta-a-necessidade-de-estarmos-proximos-aos-enfermos","status":"publish","type":"post","link":"https:\/\/portalcatolico.net\/portal\/cardeal-tempesta-a-necessidade-de-estarmos-proximos-aos-enfermos\/","title":{"rendered":"Cardeal Tempesta: a necessidade de estarmos pr\u00f3ximos aos enfermos"},"content":{"rendered":"<div class=\"article__subTitle\">No Dia Mundial do Enfermo: \u201ca Igreja sempre v\u00ea a pessoa de Cristo na pessoa do outro e o Papa Francisco neste 30\u00ba Dia Mundial do Enfermo colocou como o tema \u201cSede misericordiosos como vosso pai \u00e9 misericordioso\u201d, lembrando como Deus \u00e9 misericordioso.<\/div>\n<div>&nbsp;<\/div>\n<div>H\u00e1 30 anos que n\u00f3s celebramos o Dia Mundial do Doente ou do Enfermo, recorda o arcebispo do Rio de Janeiro, cardeal Orani Jo\u00e3o Tempesta \u00e0 R\u00e1dio Vaticano \u2013 Vatican News. \u201cEmbora seja um trabalho que desde o in\u00edcio da Igreja realiza: \u201cestive enfermo estive doente voc\u00ea me visitou\u201d, lembra o Evangelho, esse trabalho com os enfermos &#8211; continua o cardeal &#8211; faz parte da tradi\u00e7\u00e3o da Igreja, inclusive com a constru\u00e7\u00e3o de hospitais e Santas Casas, locais de atendimento, de acolhida. Um trabalho que \u00e9 consequ\u00eancia do Evangelho: \u201cestive enfermo e voc\u00ea me visitou\u201d.<\/div>\n<div class=\"title__separator\">\n<p>O arcebispo do Rio de Janeiro destaca que \u201ca Igreja sempre v\u00ea a pessoa de Cristo na pessoa do outro e o Papa Francisco neste 30\u00ba Dia Mundial do Enfermo colocou como o tema \u201cSede misericordiosos como vosso pai \u00e9 misericordioso\u201d, lembrando como Deus \u00e9 misericordioso e a necessidade da nossa proximidade aos enfermos, \u00e0queles que se encontram fragilizados, em quem ele fala que \u00e9 uma maneira de ser pobre, pobre em sa\u00fade.<\/p>\n<p>Nesses tempos de tantas dificuldades com a pandemia, e com outras doen\u00e7as, &#8211; sublinha dom Orani, \u201ceu creio que poder celebrar o 30\u00ba Dia Mundial do Doente \u00e9 ainda mais uma exorta\u00e7\u00e3o a todos, porque todos n\u00f3s somos chamados a visitar os enfermos, mas tamb\u00e9m organizados pela Pastoral da Sa\u00fade, para que n\u00e3o falte a assist\u00eancia ao enfermo nas par\u00f3quias, nas cl\u00ednicas ou hospitais, e que se possa cada vez mais, olhando para a intercess\u00e3o de Nossa Senhora de Lourdes, ser pessoas pr\u00f3ximas das pessoas enfermas que necessitam dessa Consola\u00e7\u00e3o\u201d.<\/p>\n<p>O Arcebispo do Rio de Janeiro afirma que neste momento em que atravessamos tantos problemas em todas situa\u00e7\u00f5es t\u00e3o dif\u00edceis na sociedade, \u201cdevemos estar unidos aos que passam pela tribula\u00e7\u00e3o ou pela enfermidade. Temos certeza que \u00e9 um ato que n\u00f3s fazemos e que tem uma repercuss\u00e3o n\u00e3o s\u00f3 para o enfermo, mas tamb\u00e9m para a fam\u00edlia e para a sociedade. Ato que nos fala dessa humanidade que vai ao encontro de todos, indistintamente, vez que se encontram os enfermos, para anunciar o reino, anunciar o Evangelho e falar da Palavra de Deus aos irm\u00e3os e irm\u00e3s\u201d.<\/p>\n<p>Na conclus\u00e3o de sua mensagem o cardeal Tempesta faz votos que \u201cneste 30\u00ba Dia Mundial dos Enfermos ou do Doente, possamos exercer cada vez mais a miss\u00e3o misericordiosa e associar cada vez mais essa proximidade \u00e0 necessidade que n\u00f3s temos de nos ajudarmos mutuamente, nos darmos as m\u00e3os a cada momento. Que Deus nos ajude nessa miss\u00e3o misericordiosa junto aos enfermos\u201d.<\/p>\n<\/div>\n<div class=\"article__text \">\n<p><b>Por: Silvonei Jos\u00e9\/Vatican News<\/b><\/p>\n<\/div>\n","protected":false},"excerpt":{"rendered":"<p>No Dia Mundial do Enfermo: \u201ca Igreja sempre v\u00ea a pessoa de Cristo na pessoa do outro e o Papa Francisco neste 30\u00ba Dia Mundial do Enfermo colocou como o tema \u201cSede misericordiosos como vosso pai \u00e9 misericordioso\u201d, lembrando como Deus \u00e9 misericordioso. &nbsp; H\u00e1 30 anos que n\u00f3s celebramos o Dia Mundial do Doente&nbsp;<\/p>\n<p><a class=\"btn btn-style\" href=\"https:\/\/portalcatolico.net\/portal\/cardeal-tempesta-a-necessidade-de-estarmos-proximos-aos-enfermos\/\">Continue Reading<\/a><\/p>\n","protected":false},"author":2,"featured_media":74904,"comment_status":"open","ping_status":"open","sticky":false,"template":"","format":"standard","meta":{"footnotes":""},"categories":[5],"tags":[],"class_list":["post-74903","post","type-post","status-publish","format-standard","has-post-thumbnail","hentry","category-igreja_no_mundo"],"_links":{"self":[{"href":"https:\/\/portalcatolico.net\/portal\/wp-json\/wp\/v2\/posts\/74903","targetHints":{"allow":["GET"]}}],"collection":[{"href":"https:\/\/portalcatolico.net\/portal\/wp-json\/wp\/v2\/posts"}],"about":[{"href":"https:\/\/portalcatolico.net\/portal\/wp-json\/wp\/v2\/types\/post"}],"author":[{"embeddable":true,"href":"https:\/\/portalcatolico.net\/portal\/wp-json\/wp\/v2\/users\/2"}],"replies":[{"embeddable":true,"href":"https:\/\/portalcatolico.net\/portal\/wp-json\/wp\/v2\/comments?post=74903"}],"version-history":[{"count":1,"href":"https:\/\/portalcatolico.net\/portal\/wp-json\/wp\/v2\/posts\/74903\/revisions"}],"predecessor-version":[{"id":74905,"href":"https:\/\/portalcatolico.net\/portal\/wp-json\/wp\/v2\/posts\/74903\/revisions\/74905"}],"wp:featuredmedia":[{"embeddable":true,"href":"https:\/\/portalcatolico.net\/portal\/wp-json\/wp\/v2\/media\/74904"}],"wp:attachment":[{"href":"https:\/\/portalcatolico.net\/portal\/wp-json\/wp\/v2\/media?parent=74903"}],"wp:term":[{"taxonomy":"category","embeddable":true,"href":"https:\/\/portalcatolico.net\/portal\/wp-json\/wp\/v2\/categories?post=74903"},{"taxonomy":"post_tag","embeddable":true,"href":"https:\/\/portalcatolico.net\/portal\/wp-json\/wp\/v2\/tags?post=74903"}],"curies":[{"name":"wp","href":"https:\/\/api.w.org\/{rel}","templated":true}]}}