{"id":74878,"date":"2022-02-11T13:24:27","date_gmt":"2022-02-11T16:24:27","guid":{"rendered":"http:\/\/portalcatolico.net\/portal\/?p=74878"},"modified":"2022-02-11T13:25:56","modified_gmt":"2022-02-11T16:25:56","slug":"nossa-senhora-de-lourdes-e-celebrada-em-coaraci","status":"publish","type":"post","link":"https:\/\/portalcatolico.net\/portal\/nossa-senhora-de-lourdes-e-celebrada-em-coaraci\/","title":{"rendered":"Nossa Senhora de Lourdes \u00e9 celebrada em Coaraci!"},"content":{"rendered":"<div class=\"v1PlainText\"><img loading=\"lazy\" decoding=\"async\" class=\"alignnone  wp-image-74881\" src=\"http:\/\/portalcatolico.net\/portal\/wp-content\/uploads\/2022\/02\/miss-300x167.png\" alt=\"\" width=\"826\" height=\"460\" srcset=\"https:\/\/portalcatolico.net\/portal\/wp-content\/uploads\/2022\/02\/miss-300x167.png 300w, https:\/\/portalcatolico.net\/portal\/wp-content\/uploads\/2022\/02\/miss.png 798w\" sizes=\"auto, (max-width: 826px) 100vw, 826px\" \/>Os fieis coaracienses est\u00e3o em festa, celebrando o dia da padroeira Nossa Senhora de Lourdes.&nbsp;<br \/>\nHoje, a Celebra\u00e7\u00e3o Eucar\u00edstica foi realizada \u00e0s 10h, na igreja matriz, e teve como presidente da santa missa, o bispo da&nbsp; Diocese de Ilh\u00e9us, Dom Giovanni Crippa. A concelebra\u00e7\u00e3o foi feita pelo p\u00e1roco da par\u00f3quia Nossa Senhora de Lourdes, o Pe. Ednilson Vivas e pelos padres e di\u00e1conos que comp\u00f5em o clero diocesano, al\u00e9m de seminaristas.<br \/>\nO tema central da festa deste ano de 2022 foi: &#8220;Por uma Igreja Sinodal: comunh\u00e3o, participa\u00e7\u00e3o e miss\u00e3o.&#8221;<br \/>\nAs comemora\u00e7\u00f5es da padroeira da Par\u00f3quia da cidade, tiveram in\u00edcio no dia 01 de fevereiro, com santa missa e prociss\u00e3o luminosa.<\/div>\n<div class=\"v1PlainText\">As festividades finalizaram neste dia 11\/02.&nbsp;<\/div>\n<div>&nbsp;<\/div>\n<div class=\"v1PlainText\">Fora 10 noites de reflex\u00f5es e um retiro em prepara\u00e7\u00e3o com m\u00fasica, louvor, homilias, ter\u00e7o, adora\u00e7\u00e3o ao Sant\u00edssimo Sacramento, entre outros momentos de evangeliza\u00e7\u00e3o.&nbsp;Na missa de hoje,, Dom Giovanni Crippa (bispo diocesano), contou um pouco da hist\u00f3ria de Nossa Senhora de Lourdes: &#8220;Estamos aqui reunidos para recordarmos com gratid\u00e3o as apari\u00e7\u00f5es ocorridas em 1858. A Virgem Maria se manifestou como a Imaculada, Bernadette. A hist\u00f3ria mostra como Nossa Senhora apareceu como uma m\u00e3e muito preocupada com seus filhos e filhas, porque eles viviam longe de Deus, longe de seu filho, Jesus.&nbsp;Temos uma M\u00e3e e ela n\u00e3o deixa seus filhos desamparados n\u00e3o.&#8221;.<br \/>\n\u00c0s 16h30, n\u00e3o ter\u00e1 a tradicional prociss\u00e3o devido a pandemia do coronav\u00edrus e sim, uma carreata pelas ruas e avenidas da cidade,&nbsp; finalizando com a b\u00ean\u00e7\u00e3o do Sant\u00edssimo Sacramento.&nbsp;<\/div>\n<div class=\"v1PlainText\">&nbsp;<\/div>\n<div class=\"v1PlainText\"><strong>Conhe\u00e7a mais sobre a hist\u00f3ria de Nossa Senhora de Lourdes:<\/strong><\/div>\n<div class=\"v1PlainText\">&nbsp;<\/div>\n<div class=\"v1PlainText\">\n<p>A Sant\u00edssima Virgem Maria, a M\u00e3e de JESUS, \u00e9, por excel\u00eancia, santa entre os santos. Nas suas dezenas de apari\u00e7\u00f5es reconhecidas pela Santa Igreja Cat\u00f3lica est\u00e1 a de Lourdes. A partir dessa apari\u00e7\u00e3o, Nossa Senhora, neste t\u00edtulo de Lourdes, \u00e9 invocada por fi\u00e9is de v\u00e1rias partes do mundo, que a apresentam situa\u00e7\u00f5es de sa\u00fade, tornando-se assim, a padroeira dos doentes.<\/p>\n<p><strong>Apari\u00e7\u00e3o<\/strong><br \/>\nFoi no ano de 1858 que a Virgem Sant\u00edssima apareceu 18 vezes nas cercanias de Lourdes, Fran\u00e7a, na gruta Massabielle, a uma jovem chamada Santa Marie-Bernard Soubirous ou Santa Bernadete. Essa santa deixou por escrito um testemunho que entrou para o of\u00edcio das leituras de 11 de fevereiro.<\/p>\n<p><strong>Escritos<\/strong><br \/>\n<em>&#8220;Certo dia, fui com duas meninas \u00e0s margens do Rio Gave buscar lenha. Ouvi um barulho, voltei-me para o prado, mas n\u00e3o vi movimento nas \u00e1rvores. Levantei a cabe\u00e7a e olhei para a gruta. Vi, ent\u00e3o, uma senhora vestida de branco; tinha um vestido alvo com uma faixa azul celeste na cintura e uma rosa de ouro em cada p\u00e9, da cor do ros\u00e1rio que trazia com ela. Somente na terceira vez, a Senhora me falou e perguntou-me se eu queria voltar ali durante quinze dias. Durante quinze dias l\u00e1, voltei; e a Senhora apareceu-me todos os dias, com exce\u00e7\u00e3o de uma segunda e uma sexta-feira. Repetiu-me, v\u00e1ria vezes, que dissesse aos sacerdotes para construir, ali, uma capela. Ela mandava que fosse \u00e0 fonte para lavar-me e que rezasse pela convers\u00e3o dos pecadores. Muitas e muitas vezes perguntei-lhe quem era, mas ela apenas sorria com bondade. Finalmente, com bra\u00e7os e olhos erguidos para o c\u00e9u, disse-me que era a Imaculada Concei\u00e7\u00e3o&#8221;.<\/em><\/p>\n<p><strong>Convers\u00e3o para os pecadores<\/strong><br \/>\nMaria, a intercessora, modelo da Igreja, imaculada, concebida sem pecado, nessa apari\u00e7\u00e3o, pediu o essencial para a nossa felicidade: a convers\u00e3o para os pecadores. Ela pediu a convers\u00e3o dos pecadores pela ora\u00e7\u00e3o, convers\u00e3o e penit\u00eancia.<\/p>\n<p><strong>Contexto<\/strong><br \/>\nIsso aconteceu ap\u00f3s 4 anos da proclama\u00e7\u00e3o do Dogma da Imaculada Concei\u00e7\u00e3o. Deus quis e Sua Provid\u00eancia Sant\u00edssima tamb\u00e9m demonstrou, dessa forma, a infalibilidade da Igreja, que chancela do c\u00e9u essa apari\u00e7\u00e3o da Virgem Maria em Lourdes, os milagres que aconteceram e continuam a acontecer naquele local, l\u00e1 onde as multid\u00f5es afluem, o clero e v\u00e1rios Papas estiveram.<\/p>\n<p><strong>Ora\u00e7\u00e3o \u2013 prote\u00e7\u00e3o e ref\u00fagio<\/strong><br \/>\n<em>&#8220;Sob a Tua prote\u00e7\u00e3o procuramos ref\u00fagio, Virgem Imaculada de Lourdes, que \u00e9s o modelo perfeito da cria\u00e7\u00e3o segundo o plano original de Deus. A Ti, neste dia, confiamos os doentes, os idosos, as pessoas sozinhas: alivia o seu sofrimento, enxuga as suas l\u00e1grimas e obt\u00e9m para cada um a for\u00e7a necess\u00e1ria para realizar a vontade de Deus. S\u00ea o amparo de todos que aliviam, dia ap\u00f3s dia, os sofrimentos destes irm\u00e3os. E ajuda-nos a crescer no conhecimento de Cristo, que, com a Sua morte e ressurrei\u00e7\u00e3o, venceu o poder do mal e da morte.&#8221;<\/em><\/p>\n<p><em>Nossa Senhora de Lourdes, intercede por n\u00f3s!<\/em><\/p>\n<p>Fotos: Reprodu\u00e7\u00e3o\/Youtube&nbsp;<\/p>\n<\/div>\n","protected":false},"excerpt":{"rendered":"<p>Os fieis coaracienses est\u00e3o em festa, celebrando o dia da padroeira Nossa Senhora de Lourdes.&nbsp; Hoje, a Celebra\u00e7\u00e3o Eucar\u00edstica foi realizada \u00e0s 10h, na igreja matriz, e teve como presidente da santa missa, o bispo da&nbsp; Diocese de Ilh\u00e9us, Dom Giovanni Crippa. A concelebra\u00e7\u00e3o foi feita pelo p\u00e1roco da par\u00f3quia Nossa Senhora de Lourdes, o&nbsp;<\/p>\n<p><a class=\"btn btn-style\" href=\"https:\/\/portalcatolico.net\/portal\/nossa-senhora-de-lourdes-e-celebrada-em-coaraci\/\">Continue Reading<\/a><\/p>\n","protected":false},"author":2,"featured_media":74879,"comment_status":"open","ping_status":"open","sticky":false,"template":"","format":"standard","meta":{"footnotes":""},"categories":[68],"tags":[],"class_list":["post-74878","post","type-post","status-publish","format-standard","has-post-thumbnail","hentry","category-homilias"],"_links":{"self":[{"href":"https:\/\/portalcatolico.net\/portal\/wp-json\/wp\/v2\/posts\/74878","targetHints":{"allow":["GET"]}}],"collection":[{"href":"https:\/\/portalcatolico.net\/portal\/wp-json\/wp\/v2\/posts"}],"about":[{"href":"https:\/\/portalcatolico.net\/portal\/wp-json\/wp\/v2\/types\/post"}],"author":[{"embeddable":true,"href":"https:\/\/portalcatolico.net\/portal\/wp-json\/wp\/v2\/users\/2"}],"replies":[{"embeddable":true,"href":"https:\/\/portalcatolico.net\/portal\/wp-json\/wp\/v2\/comments?post=74878"}],"version-history":[{"count":3,"href":"https:\/\/portalcatolico.net\/portal\/wp-json\/wp\/v2\/posts\/74878\/revisions"}],"predecessor-version":[{"id":74883,"href":"https:\/\/portalcatolico.net\/portal\/wp-json\/wp\/v2\/posts\/74878\/revisions\/74883"}],"wp:featuredmedia":[{"embeddable":true,"href":"https:\/\/portalcatolico.net\/portal\/wp-json\/wp\/v2\/media\/74879"}],"wp:attachment":[{"href":"https:\/\/portalcatolico.net\/portal\/wp-json\/wp\/v2\/media?parent=74878"}],"wp:term":[{"taxonomy":"category","embeddable":true,"href":"https:\/\/portalcatolico.net\/portal\/wp-json\/wp\/v2\/categories?post=74878"},{"taxonomy":"post_tag","embeddable":true,"href":"https:\/\/portalcatolico.net\/portal\/wp-json\/wp\/v2\/tags?post=74878"}],"curies":[{"name":"wp","href":"https:\/\/api.w.org\/{rel}","templated":true}]}}