{"id":74752,"date":"2022-02-01T00:52:11","date_gmt":"2022-02-01T03:52:11","guid":{"rendered":"http:\/\/portalcatolico.net\/portal\/?p=74752"},"modified":"2022-01-31T20:55:02","modified_gmt":"2022-01-31T23:55:02","slug":"convite-participe-da-formacao-sobre-escuta-ativa","status":"publish","type":"post","link":"https:\/\/portalcatolico.net\/portal\/convite-participe-da-formacao-sobre-escuta-ativa\/","title":{"rendered":"Convite: Participe da Forma\u00e7\u00e3o sobre escuta ativa"},"content":{"rendered":"<div dir=\"auto\">No dia 4 de fevereiro, das 20h \u00e3s 22h, acontecer\u00e1 a Forma\u00e7\u00e3o sobre escuta ativa, com o tema: &#8220;A alegria que se renova e se comunica&#8221;. O evento contar\u00e1 com as participa\u00e7\u00f5es de Francisco Schork e Emanuele Lopes.<\/div>\n<div dir=\"auto\">Para melhor organiza\u00e7\u00e3o, preencha a ficha de inscri\u00e7\u00e3o: <a href=\"https:\/\/forms.gle\/wCLnYkNXvZ3UHJ8e9\">https:\/\/forms.gle\/wCLnYkNXvZ3UHJ8e9<\/a>.<\/div>\n<p>A Forma\u00e7\u00e3o ser\u00e1 realizada pelo Google Meet.<\/p>\n","protected":false},"excerpt":{"rendered":"<p>No dia 4 de fevereiro, das 20h \u00e3s 22h, acontecer\u00e1 a Forma\u00e7\u00e3o sobre escuta ativa, com o tema: &#8220;A alegria que se renova e se comunica&#8221;. O evento contar\u00e1 com as participa\u00e7\u00f5es de Francisco Schork e Emanuele Lopes. Para melhor organiza\u00e7\u00e3o, preencha a ficha de inscri\u00e7\u00e3o: https:\/\/forms.gle\/wCLnYkNXvZ3UHJ8e9. A Forma\u00e7\u00e3o ser\u00e1 realizada pelo Google Meet.<\/p>\n","protected":false},"author":2,"featured_media":74753,"comment_status":"open","ping_status":"open","sticky":false,"template":"","format":"standard","meta":{"footnotes":""},"categories":[4],"tags":[],"class_list":["post-74752","post","type-post","status-publish","format-standard","has-post-thumbnail","hentry","category-destaques"],"_links":{"self":[{"href":"https:\/\/portalcatolico.net\/portal\/wp-json\/wp\/v2\/posts\/74752","targetHints":{"allow":["GET"]}}],"collection":[{"href":"https:\/\/portalcatolico.net\/portal\/wp-json\/wp\/v2\/posts"}],"about":[{"href":"https:\/\/portalcatolico.net\/portal\/wp-json\/wp\/v2\/types\/post"}],"author":[{"embeddable":true,"href":"https:\/\/portalcatolico.net\/portal\/wp-json\/wp\/v2\/users\/2"}],"replies":[{"embeddable":true,"href":"https:\/\/portalcatolico.net\/portal\/wp-json\/wp\/v2\/comments?post=74752"}],"version-history":[{"count":1,"href":"https:\/\/portalcatolico.net\/portal\/wp-json\/wp\/v2\/posts\/74752\/revisions"}],"predecessor-version":[{"id":74754,"href":"https:\/\/portalcatolico.net\/portal\/wp-json\/wp\/v2\/posts\/74752\/revisions\/74754"}],"wp:featuredmedia":[{"embeddable":true,"href":"https:\/\/portalcatolico.net\/portal\/wp-json\/wp\/v2\/media\/74753"}],"wp:attachment":[{"href":"https:\/\/portalcatolico.net\/portal\/wp-json\/wp\/v2\/media?parent=74752"}],"wp:term":[{"taxonomy":"category","embeddable":true,"href":"https:\/\/portalcatolico.net\/portal\/wp-json\/wp\/v2\/categories?post=74752"},{"taxonomy":"post_tag","embeddable":true,"href":"https:\/\/portalcatolico.net\/portal\/wp-json\/wp\/v2\/tags?post=74752"}],"curies":[{"name":"wp","href":"https:\/\/api.w.org\/{rel}","templated":true}]}}