{"id":74551,"date":"2022-01-06T21:26:55","date_gmt":"2022-01-07T00:26:55","guid":{"rendered":"http:\/\/portalcatolico.net\/portal\/?p=74551"},"modified":"2022-01-06T21:26:55","modified_gmt":"2022-01-07T00:26:55","slug":"bento-xvi-falou-sobre-as-reliquias-dos-reis-magos-quando-visitou-colonia","status":"publish","type":"post","link":"https:\/\/portalcatolico.net\/portal\/bento-xvi-falou-sobre-as-reliquias-dos-reis-magos-quando-visitou-colonia\/","title":{"rendered":"Bento XVI falou sobre as rel\u00edquias dos Reis Magos quando visitou Col\u00f4nia"},"content":{"rendered":"<p>A solenidade da&nbsp;Epifania&nbsp;do Senhor celebra os magos que chegaram do Oriente para adorar o Menino Jesus, nascido em Bel\u00e9m.<\/p>\n<p>Os magos, que a tradi\u00e7\u00e3o, mas n\u00e3o o Evangelho, diz serem tr\u00eas e os chama de Reis Magos, seguiram a estrela de Bel\u00e9m para chegar at\u00e9 onde o Menino estava com a&nbsp;Virgem Maria&nbsp;e s\u00e3o Jos\u00e9. L\u00e1 ofereceram os presentes do ouro, incenso e mirra.<\/p>\n<p>Segundo o Evangelho os magos ouviram em sonho a instru\u00e7\u00e3o de n\u00e3o voltar a Herodes e voltaram para seu pa\u00eds por outro caminho.<\/p>\n<p>Segundo a tradi\u00e7\u00e3o, depois do retorno \u00e0 sua p\u00e1tria, os magos foram batizados por s\u00e3o Tom\u00e9 e trabalharam muito pela propaga\u00e7\u00e3o da f\u00e9 em Cristo. A hist\u00f3ria remonta a um escritor ariano posterior ao s\u00e9culo VI, cuja obra est\u00e1 impressa como &#8216;<em>Opus imperfectum in Mattheum<\/em>&#8216; entre os escritos de s\u00e3o Jo\u00e3o Cris\u00f3stomo.<\/p>\n<p>Ap\u00f3s sua morte, os restos mortais dos Reis Magos foram levados por santa Helena, m\u00e3e do imperador Constantino, para Constantinopla, hoje Istambul. Depois foram para Mil\u00e3o e, em 1164 foram levados de Mil\u00e3o para Col\u00f4nia, na Alemanha, onde se encontram hoje.<\/p>\n<p>Em&nbsp;18 de agosto de 2005, como parte de sua viagem para a Jornada Mundial da Juventude (JMJ), o&nbsp;papa Bento XVI&nbsp;disse que \u201ca cidade de Col\u00f4nia n\u00e3o seria o que \u00e9 sem os Reis Magos, que tanto determinaram a sua hist\u00f3ria, a sua cultura e a sua f\u00e9. Aqui a&nbsp;Igreja&nbsp;celebra, num certo sentido, durante todo o ano a festa da Epifania!\u201d.<\/p>\n<p>\u201cPortanto, antes de me dirigir a v\u00f3s, queridos habitantes de Col\u00f4nia, de vos saudar, quis recolher-me em ora\u00e7\u00e3o por alguns instantes diante do relic\u00e1rio dos tr\u00eas Reis Magos, dando gra\u00e7as a Deus pelo seu testemunho de f\u00e9, esperan\u00e7a e amor\u201d, acrescentou.<\/p>\n<p>O agora papa em\u00e9rito recordou que \u201cno ano de 1164, as rel\u00edquias desses s\u00e1bios do Oriente, escoltadas pelo arcebispo de Col\u00f4nia Reinald von Dassel, atravessaram os Alpes partindo de Mil\u00e3o, para chegar a Col\u00f4nia, onde foram acolhidas com grandes manifesta\u00e7\u00f5es de alegria&#8221;.<\/p>\n<p>\u201cPeregrinando pela Europa, tais rel\u00edquias deixaram evidentes vest\u00edgios que ainda hoje subsistem nos top\u00f4nimos e na devo\u00e7\u00e3o popular\u201d, destacou.<\/p>\n<p>Anos depois, em 2014, o papa Francisco nomeou o ent\u00e3o arcebispo de Mil\u00e3o, cardeal Angelo Scola, como seu enviado especial para as comemora\u00e7\u00f5es do 850\u00ba anivers\u00e1rio da transfer\u00eancia das rel\u00edquias dos Reis Magos de Mil\u00e3o para Col\u00f4nia.<\/p>\n<p>Segundo a hist\u00f3ria narrada no site da catedral de Col\u00f4nia, a m\u00e3e do Imperador Constantino, santa Helena, encontrou as rel\u00edquias dos Reis Magos na cidade de Saba e as transferiu para Constantinopla, hoje Istambul, na Turquia.<\/p>\n<p>Tr\u00eas s\u00e9culos depois, o ent\u00e3o bispo de Mil\u00e3o, santo Eust\u00f3rgio, viajou a Constantinopla para que o imperador aceitasse sua nomea\u00e7\u00e3o episcopal. Ele lhe deu as rel\u00edquias dos Reis Magos que o bispo levou para a cidade italiana.<\/p>\n<p>Quando o imperador alem\u00e3o Frederico Barbarossa sitiou Mil\u00e3o, o arcebispo de Col\u00f4nia, dom Rainald von Dassel, viu que uma igreja milanesa custodiava as rel\u00edquias.<\/p>\n<p>A abadessa era irm\u00e3 do prefeito da cidade e ela prometeu ao bispo von Dassel que lhe daria as rel\u00edquias se protegesse seu irm\u00e3o da ira do imperador. Ele o fez e p\u00f4de levaar as rel\u00edquias para Col\u00f4nia.<\/p>\n<p>Entre 1190 e 1220 um grupo de artes\u00e3os trabalhou no imponente relic\u00e1rio que hoje guarda as rel\u00edquias dos Reis Magos.<\/p>\n<p>O relic\u00e1rio tem 1,10 metros de largura, 1,53 metros de altura e 2,20 metros de comprimento. A estrutura b\u00e1sica \u00e9 feita de madeira, forrada com ouro e prata e decorada com filigrana, esmalte e cerca de mil pedras preciosas.<\/p>\n<p>Ao todo, h\u00e1 74 figuras em baixo-relevo em prata dourada, sem contar as figuras adicionais menores na decora\u00e7\u00e3o de fundo.<\/p>\n<p>Outras&nbsp;imagens&nbsp;que podem ser vistas s\u00e3o a Adora\u00e7\u00e3o dos Magos, Maria entronizada com o Menino Jesus, o&nbsp;Batismo&nbsp;de Cristo e Cristo entronizado no Ju\u00edzo Final. Em uma extremidade, h\u00e1 tamb\u00e9m o busto do bispo Dassel.<\/p>\n<p>A atual Catedral de Col\u00f4nia come\u00e7ou a ser constru\u00edda em 1248 e a obra durou 632 anos, tornando-se a maior igreja g\u00f3tica do norte da Europa.<\/p>\n<p>Em agosto de 2005,&nbsp;Bento XVI&nbsp;disse que \u201cpara os Reis Magos, Col\u00f4nia mandou confeccionar o relic\u00e1rio mais precioso de todo o mundo crist\u00e3o e elevou sobre ele um relic\u00e1rio ainda maior: a Catedral de Col\u00f3nia.\u201d.<\/p>\n<p>\u201cCom Jerusal\u00e9m, a \u2018Cidade Santa\u2019, com Roma a \u2018Cidade Eterna\u2019, com Santiago de Compostela na Espanha, Col\u00f4nia, gra\u00e7as aos Magos, tornou-se ao longo dos s\u00e9culos um dos lugares de peregrina\u00e7\u00e3o mais importante do Ocidente crist\u00e3o\u201d, destacou Bento XVI.(ACI)<\/p>\n","protected":false},"excerpt":{"rendered":"<p>A solenidade da&nbsp;Epifania&nbsp;do Senhor celebra os magos que chegaram do Oriente para adorar o Menino Jesus, nascido em Bel\u00e9m. Os magos, que a tradi\u00e7\u00e3o, mas n\u00e3o o Evangelho, diz serem tr\u00eas e os chama de Reis Magos, seguiram a estrela de Bel\u00e9m para chegar at\u00e9 onde o Menino estava com a&nbsp;Virgem Maria&nbsp;e s\u00e3o Jos\u00e9. L\u00e1&nbsp;<\/p>\n<p><a class=\"btn btn-style\" href=\"https:\/\/portalcatolico.net\/portal\/bento-xvi-falou-sobre-as-reliquias-dos-reis-magos-quando-visitou-colonia\/\">Continue Reading<\/a><\/p>\n","protected":false},"author":2,"featured_media":74552,"comment_status":"open","ping_status":"open","sticky":false,"template":"","format":"standard","meta":{"footnotes":""},"categories":[5],"tags":[],"class_list":["post-74551","post","type-post","status-publish","format-standard","has-post-thumbnail","hentry","category-igreja_no_mundo"],"_links":{"self":[{"href":"https:\/\/portalcatolico.net\/portal\/wp-json\/wp\/v2\/posts\/74551","targetHints":{"allow":["GET"]}}],"collection":[{"href":"https:\/\/portalcatolico.net\/portal\/wp-json\/wp\/v2\/posts"}],"about":[{"href":"https:\/\/portalcatolico.net\/portal\/wp-json\/wp\/v2\/types\/post"}],"author":[{"embeddable":true,"href":"https:\/\/portalcatolico.net\/portal\/wp-json\/wp\/v2\/users\/2"}],"replies":[{"embeddable":true,"href":"https:\/\/portalcatolico.net\/portal\/wp-json\/wp\/v2\/comments?post=74551"}],"version-history":[{"count":1,"href":"https:\/\/portalcatolico.net\/portal\/wp-json\/wp\/v2\/posts\/74551\/revisions"}],"predecessor-version":[{"id":74553,"href":"https:\/\/portalcatolico.net\/portal\/wp-json\/wp\/v2\/posts\/74551\/revisions\/74553"}],"wp:featuredmedia":[{"embeddable":true,"href":"https:\/\/portalcatolico.net\/portal\/wp-json\/wp\/v2\/media\/74552"}],"wp:attachment":[{"href":"https:\/\/portalcatolico.net\/portal\/wp-json\/wp\/v2\/media?parent=74551"}],"wp:term":[{"taxonomy":"category","embeddable":true,"href":"https:\/\/portalcatolico.net\/portal\/wp-json\/wp\/v2\/categories?post=74551"},{"taxonomy":"post_tag","embeddable":true,"href":"https:\/\/portalcatolico.net\/portal\/wp-json\/wp\/v2\/tags?post=74551"}],"curies":[{"name":"wp","href":"https:\/\/api.w.org\/{rel}","templated":true}]}}