{"id":74334,"date":"2021-12-14T19:47:40","date_gmt":"2021-12-14T22:47:40","guid":{"rendered":"http:\/\/portalcatolico.net\/portal\/?p=74334"},"modified":"2021-12-14T19:48:53","modified_gmt":"2021-12-14T22:48:53","slug":"sacerdotes-para-sempre-cardeal-dom-sergio-da-rocha-ordenou-dois-novos-padres","status":"publish","type":"post","link":"https:\/\/portalcatolico.net\/portal\/sacerdotes-para-sempre-cardeal-dom-sergio-da-rocha-ordenou-dois-novos-padres\/","title":{"rendered":"Sacerdotes para sempre: Cardeal Dom Sergio da Rocha ordenou dois novos padres"},"content":{"rendered":"<p>O dia 11 de dezembro ficou marcado na mem\u00f3ria e, sobretudo, nos cora\u00e7\u00f5es do Povo de Deus que pertence \u00e0 esta Igreja Particular de S\u00e3o Salvador da Bahia. Na Catedral Bas\u00edlica do Sant\u00edssimo Salvador \u2013 Igreja M\u00e3e de todas as par\u00f3quias da S\u00e9 Primacial \u2013 dois jovens tornaram-se sacerdotes para sempre: Deivisson Concei\u00e7\u00e3o Batista e Rafael de Freitas Pereira receberam a Ordena\u00e7\u00e3o Presbiteral pelas m\u00e3os do Arcebispo de Salvador e Primaz do Brasil, Cardeal Dom Sergio da Rocha, em Missa que teve in\u00edcio \u00e0s 9h, e foi concelebrada pelos bispos auxiliares e por padres das mais diversas comunidades.<\/p>\n<p>A primeira parte do rito da Ordena\u00e7\u00e3o Presbiteral consistiu na apresenta\u00e7\u00e3o dos candidatos ao sacerd\u00f3cio, realizada pelo reitor do Semin\u00e1rio S\u00e3o Jo\u00e3o Maria Vianney, padre Gil Peixinho. Em seguida, o Cardeal se dirigiu ao povo e aos eleitos. \u201cCelebramos com grande louvor a Deus a Ordena\u00e7\u00e3o Sacerdotal destes nossos queridos di\u00e1conos, Deivisson e Rafael, \u00e0 servi\u00e7o da Igreja e de nossa Arquidiocese. A a\u00e7\u00e3o de gra\u00e7as que entoamos a Deus se completa com a profunda gratid\u00e3o aos novos padres, aos seus familiares e amigos e a todas as comunidades que, de alguma maneira, estiveram apoiando a forma\u00e7\u00e3o dos nossos novos presb\u00edteros\u201d, disse o Cardeal, agradecendo, tamb\u00e9m, aos que se dedicam \u00e0 forma\u00e7\u00e3o no semin\u00e1rio no Servi\u00e7o Arquidiocesano de Anima\u00e7\u00e3o Vocacional (SAAV).<\/p>\n<p>\u201cIluminados pelo profeta Isa\u00edas, podemos afirmar que os pastores segundo o cora\u00e7\u00e3o de Deus, os padres que est\u00e3o sendo ordenados assumem a miss\u00e3o sublime e exigente de proclamar a Boa Nova aos pobres, de curar as feridas da alma, de anunciar a reden\u00e7\u00e3o e a liberdade aos cativos, de proclamar o tempo da gra\u00e7a, de consolar os que choram, de dar aos que sofrem uma coroa em vez de cinzas; o \u00f3leo da alegria em vez da afli\u00e7\u00e3o. Esta profecia que se cumpriu plenamente em Jesus Cristo necessita ser sempre mais acolhida e vivida pela Igreja, a come\u00e7ar de cada sacerdote. Para viver bem essa miss\u00e3o \u00e9 preciso, por primeiro, fazer a experi\u00eancia daquilo que se anuncia daquilo que se realiza em favor dos outros\u201d, destacou o Cardeal.<\/p>\n<p>Ap\u00f3s a homilia, os candidatos ao sacerd\u00f3cio se apresentaram diante do Arcebispo e reafirmaram o prop\u00f3sito de viver conforme a pr\u00f3pria voca\u00e7\u00e3o, prometendo-lhe coopera\u00e7\u00e3o, ora\u00e7\u00e3o, fidelidade e zelo pela unidade na Palavra, na a\u00e7\u00e3o e na liturgia, caracter\u00edsticas do tr\u00edplice m\u00fanus de ensinar, governar e santificar. Em seguida, prostraram-se ao ch\u00e3o em sinal de entrega total da vida a Deus. Enquanto isso, os fi\u00e9is entoaram a Ladainha de Todos os Santos rogando a Deus, a Virgem Maria e aos santos que intercedam pelos rec\u00e9m-ordenados.<\/p>\n<p>Os jovens receberam a imposi\u00e7\u00e3o das m\u00e3os do Arcebispo, dos bispos e dos padres que, em sil\u00eancio, rogaram a Deus pelos neo-sacerdotes. Terminada a Prece de Ordena\u00e7\u00e3o, foram retiradas as vestes de di\u00e1conos e os novos padres&nbsp;foram revestidos com a estola sacerdotal (faixa colocada no ombro formando duas linhas horizontais) e a casula, como um sinal de acolhida no presbit\u00e9rio e na comunidade crist\u00e3, agora como sacerdotes.<\/p>\n<p>Seguindo o rito pr\u00f3prio da Ordena\u00e7\u00e3o Presbiteral, a Arcebispo ungiu as m\u00e3os de cada um e envolveu-as com uma faixa branca. Os familiares de cada rec\u00e9m-ordenado desamarraram as m\u00e3os e as beijaram. Os bispos e os padres presentes tamb\u00e9m beijaram as m\u00e3os dos novos padres. \u201cHoje \u00e9 um dia muito emocionante, pois se confirma a vontade de Deus em nossas vidas. Eu estou muito feliz\u201d, disse o neo-sacerdote, Rafael.<\/p>\n<p>A Celebra\u00e7\u00e3o Eucar\u00edstica, que foi transmitida, ao vivo, pelo canal oficial da Arquidiocese de Salvador [<a href=\"https:\/\/www.youtube.com\/watch?v=oLmEPcBfjBQ\">clique aqui<\/a>] foi marcada por emo\u00e7\u00e3o e, ao mesmo tempo, pelo sentimento de gratid\u00e3o a Deus pelas voca\u00e7\u00f5es. \u201cCelebrar este dia \u00e9 viver um momento de muita felicidade, de muita alegria. De fato, o meu cora\u00e7\u00e3o est\u00e1 transbordando, por que eu sinto que estou respondendo a vontade de Deus em minha vida. No meu cora\u00e7\u00e3o, eu s\u00f3 tenho uma \u00fanica palavra, chamada gratid\u00e3o a Deus por estar, no dia de hoje, me tornando sacerdote\u201d, disse o neo-sacerdote, Deivisson.<\/p>\n<p>Fotos: Sara Gomes\/Arquidiocese de Salvador (BA)<\/p>\n<p>\u00c1lbuns de fotos{&nbsp;<a href=\"https:\/\/arquidiocesesalvador.org.br\/sacerdotes-para-sempre-cardeal-dom-sergio-da-rocha-ordenou-dois-novos-padres\/\"><strong>AQUI}<\/strong><\/a><\/p>\n","protected":false},"excerpt":{"rendered":"<p>O dia 11 de dezembro ficou marcado na mem\u00f3ria e, sobretudo, nos cora\u00e7\u00f5es do Povo de Deus que pertence \u00e0 esta Igreja Particular de S\u00e3o Salvador da Bahia. Na Catedral Bas\u00edlica do Sant\u00edssimo Salvador \u2013 Igreja M\u00e3e de todas as par\u00f3quias da S\u00e9 Primacial \u2013 dois jovens tornaram-se sacerdotes para sempre: Deivisson Concei\u00e7\u00e3o Batista e&nbsp;<\/p>\n<p><a class=\"btn btn-style\" href=\"https:\/\/portalcatolico.net\/portal\/sacerdotes-para-sempre-cardeal-dom-sergio-da-rocha-ordenou-dois-novos-padres\/\">Continue Reading<\/a><\/p>\n","protected":false},"author":2,"featured_media":74336,"comment_status":"open","ping_status":"open","sticky":false,"template":"","format":"standard","meta":{"footnotes":""},"categories":[68],"tags":[],"class_list":["post-74334","post","type-post","status-publish","format-standard","has-post-thumbnail","hentry","category-homilias"],"_links":{"self":[{"href":"https:\/\/portalcatolico.net\/portal\/wp-json\/wp\/v2\/posts\/74334","targetHints":{"allow":["GET"]}}],"collection":[{"href":"https:\/\/portalcatolico.net\/portal\/wp-json\/wp\/v2\/posts"}],"about":[{"href":"https:\/\/portalcatolico.net\/portal\/wp-json\/wp\/v2\/types\/post"}],"author":[{"embeddable":true,"href":"https:\/\/portalcatolico.net\/portal\/wp-json\/wp\/v2\/users\/2"}],"replies":[{"embeddable":true,"href":"https:\/\/portalcatolico.net\/portal\/wp-json\/wp\/v2\/comments?post=74334"}],"version-history":[{"count":1,"href":"https:\/\/portalcatolico.net\/portal\/wp-json\/wp\/v2\/posts\/74334\/revisions"}],"predecessor-version":[{"id":74335,"href":"https:\/\/portalcatolico.net\/portal\/wp-json\/wp\/v2\/posts\/74334\/revisions\/74335"}],"wp:featuredmedia":[{"embeddable":true,"href":"https:\/\/portalcatolico.net\/portal\/wp-json\/wp\/v2\/media\/74336"}],"wp:attachment":[{"href":"https:\/\/portalcatolico.net\/portal\/wp-json\/wp\/v2\/media?parent=74334"}],"wp:term":[{"taxonomy":"category","embeddable":true,"href":"https:\/\/portalcatolico.net\/portal\/wp-json\/wp\/v2\/categories?post=74334"},{"taxonomy":"post_tag","embeddable":true,"href":"https:\/\/portalcatolico.net\/portal\/wp-json\/wp\/v2\/tags?post=74334"}],"curies":[{"name":"wp","href":"https:\/\/api.w.org\/{rel}","templated":true}]}}