{"id":74328,"date":"2021-12-14T19:38:48","date_gmt":"2021-12-14T22:38:48","guid":{"rendered":"http:\/\/portalcatolico.net\/portal\/?p=74328"},"modified":"2021-12-14T19:38:48","modified_gmt":"2021-12-14T22:38:48","slug":"dom-josafa-recebe-o-titulo-de-cidadao-conquistense","status":"publish","type":"post","link":"https:\/\/portalcatolico.net\/portal\/dom-josafa-recebe-o-titulo-de-cidadao-conquistense\/","title":{"rendered":"Dom Josaf\u00e1 recebe o t\u00edtulo de Cidad\u00e3o Conquistense"},"content":{"rendered":"<p>Em Sess\u00e3o Solene, a C\u00e2mara Municipal de Vit\u00f3ria da Conquista, entregou nessa ter\u00e7a-feira, 14 de dezembro o T\u00edtulo de Cidad\u00e3o Conquistense \u00e0 Dom Josaf\u00e1 Menezes da Silva, Arcebispo Metropolitano.<\/p>\n<p>Na entrega da honraria municipal estiveram presentes v\u00e1rias autoridades civis, militares e judici\u00e1rias. O T\u00edtulo de Cidad\u00e3o Conquistense \u00e9 uma honraria concedida pelo Legislativo \u00e0queles que n\u00e3o nasceram no munic\u00edpio, mas contribu\u00edram ou contribuem de alguma forma com a sua hist\u00f3ria e desenvolvimento.<\/p>\n<p>Em sua fala, Dom Josaf\u00e1 disse:&nbsp;<em>Agrade\u00e7o pela outorga desse T\u00edtulo. O t\u00edtulo de cidad\u00e3o \u00e9 uma esp\u00e9cie de ado\u00e7\u00e3o oficial que a cidade faz, tornando aquela pessoa um irm\u00e3o, um conterr\u00e2neo.<\/em><\/p>\n<p>Ap\u00f3s o recebimento do t\u00edtulo, o Metropolita celebrou uma Santa Missa concelebrada por uma consider\u00e1vel parte do presbit\u00e9rio da Arquidiocese que se fez presente em agradecimento pela homenagem recebida.<\/p>\n<p>Fonte: Arquidiocese de Vit\u00f3ria da Conquista(BA)<\/p>\n","protected":false},"excerpt":{"rendered":"<p>Em Sess\u00e3o Solene, a C\u00e2mara Municipal de Vit\u00f3ria da Conquista, entregou nessa ter\u00e7a-feira, 14 de dezembro o T\u00edtulo de Cidad\u00e3o Conquistense \u00e0 Dom Josaf\u00e1 Menezes da Silva, Arcebispo Metropolitano. Na entrega da honraria municipal estiveram presentes v\u00e1rias autoridades civis, militares e judici\u00e1rias. O T\u00edtulo de Cidad\u00e3o Conquistense \u00e9 uma honraria concedida pelo Legislativo \u00e0queles que&nbsp;<\/p>\n<p><a class=\"btn btn-style\" href=\"https:\/\/portalcatolico.net\/portal\/dom-josafa-recebe-o-titulo-de-cidadao-conquistense\/\">Continue Reading<\/a><\/p>\n","protected":false},"author":2,"featured_media":74329,"comment_status":"open","ping_status":"open","sticky":false,"template":"","format":"standard","meta":{"footnotes":""},"categories":[4],"tags":[],"class_list":["post-74328","post","type-post","status-publish","format-standard","has-post-thumbnail","hentry","category-destaques"],"_links":{"self":[{"href":"https:\/\/portalcatolico.net\/portal\/wp-json\/wp\/v2\/posts\/74328","targetHints":{"allow":["GET"]}}],"collection":[{"href":"https:\/\/portalcatolico.net\/portal\/wp-json\/wp\/v2\/posts"}],"about":[{"href":"https:\/\/portalcatolico.net\/portal\/wp-json\/wp\/v2\/types\/post"}],"author":[{"embeddable":true,"href":"https:\/\/portalcatolico.net\/portal\/wp-json\/wp\/v2\/users\/2"}],"replies":[{"embeddable":true,"href":"https:\/\/portalcatolico.net\/portal\/wp-json\/wp\/v2\/comments?post=74328"}],"version-history":[{"count":1,"href":"https:\/\/portalcatolico.net\/portal\/wp-json\/wp\/v2\/posts\/74328\/revisions"}],"predecessor-version":[{"id":74330,"href":"https:\/\/portalcatolico.net\/portal\/wp-json\/wp\/v2\/posts\/74328\/revisions\/74330"}],"wp:featuredmedia":[{"embeddable":true,"href":"https:\/\/portalcatolico.net\/portal\/wp-json\/wp\/v2\/media\/74329"}],"wp:attachment":[{"href":"https:\/\/portalcatolico.net\/portal\/wp-json\/wp\/v2\/media?parent=74328"}],"wp:term":[{"taxonomy":"category","embeddable":true,"href":"https:\/\/portalcatolico.net\/portal\/wp-json\/wp\/v2\/categories?post=74328"},{"taxonomy":"post_tag","embeddable":true,"href":"https:\/\/portalcatolico.net\/portal\/wp-json\/wp\/v2\/tags?post=74328"}],"curies":[{"name":"wp","href":"https:\/\/api.w.org\/{rel}","templated":true}]}}