{"id":74326,"date":"2021-12-15T00:34:10","date_gmt":"2021-12-15T03:34:10","guid":{"rendered":"http:\/\/portalcatolico.net\/portal\/?p=74326"},"modified":"2021-12-17T20:05:00","modified_gmt":"2021-12-17T23:05:00","slug":"celebracao-de-ordenacao-acontecera-em-vitoria-da-conquista","status":"publish","type":"post","link":"https:\/\/portalcatolico.net\/portal\/celebracao-de-ordenacao-acontecera-em-vitoria-da-conquista\/","title":{"rendered":"Celebra\u00e7\u00e3o de ordena\u00e7\u00e3o acontecer\u00e1 em Vit\u00f3ria da Conquista"},"content":{"rendered":"<p><img loading=\"lazy\" decoding=\"async\" class=\"alignnone  wp-image-74339\" src=\"http:\/\/portalcatolico.net\/portal\/wp-content\/uploads\/2021\/12\/IMAGEM_NOTICIA_0-2-2-300x169.jpg\" alt=\"\" width=\"822\" height=\"463\" srcset=\"https:\/\/portalcatolico.net\/portal\/wp-content\/uploads\/2021\/12\/IMAGEM_NOTICIA_0-2-2-300x169.jpg 300w, https:\/\/portalcatolico.net\/portal\/wp-content\/uploads\/2021\/12\/IMAGEM_NOTICIA_0-2-2-768x432.jpg 768w, https:\/\/portalcatolico.net\/portal\/wp-content\/uploads\/2021\/12\/IMAGEM_NOTICIA_0-2-2-1024x576.jpg 1024w, https:\/\/portalcatolico.net\/portal\/wp-content\/uploads\/2021\/12\/IMAGEM_NOTICIA_0-2-2.jpg 1280w\" sizes=\"auto, (max-width: 822px) 100vw, 822px\" \/>A prov\u00edncia Nossa Senhora da Piedade e a Ordem dos Frades Menores Capuchinhos de Bahia e Sergipe, tem alegria de ordenar mais dois sacerdotes para a Igreja de Jesus. Ser\u00e3o ordenados padres capuchinhos.<\/p>\n<p>A celebra\u00e7\u00e3o&nbsp;acontecer\u00e1 no s\u00e1bado, dia 18 de dezembro, \u00e0s 18h, na Par\u00f3quia Nossa Senhora de F\u00e1tima e Santo Ant\u00f4nio de Lisboa, na Cidade de Vit\u00f3ria da Conquista\/BA.<\/p>\n<p>O lema escolhido por frei \u00cdcaro&nbsp; foi: &#8220;O Zelo por tua casa me consome&#8221; (Jo 2,17) e &#8220;O Esp\u00edrito do Senhor est\u00e1 sobre mim , porque Ele me ungiu para pregar a boa-nova aos pobres&#8221; (Is 61,1), foi o lema escolhido por frei Rafael Fr\u00f3es.<\/p>\n<p>A celebra\u00e7\u00e3o ser\u00e1 presidida por Dom Josaf\u00e1 Menezes da Silva, Arcebispo Metropolitano da Arquidiocese de Vit\u00f3ria da Conquista, no Sudoeste da Bahia.<br \/>\nDevido a pandemia, a participa\u00e7\u00e3o na celebra\u00e7\u00e3o ser\u00e1 limitada aos familiares, alguns amigos e aos frades.<br \/>\nTodas as medidas de prote\u00e7\u00e3o contra a propaga\u00e7\u00e3o da Covid-19 ser\u00e3o tomadas.<\/p>\n<p>O evento ser\u00e1 transmitida ao vivo atrav\u00e9s do canal do youtube da Par\u00f3quia Nossa Senhora de F\u00e1tima e Santo Ant\u00f4nio de Lisboa (clique&nbsp;<a href=\"https:\/\/www.youtube.com\/channel\/UCF5UNaeqxlcAynYes3cJhFw\"><strong>aqu<\/strong>i<\/a>).<\/p>\n<p>&nbsp;<\/p>\n<p>Foto: Arquivo\/Portal Cat\u00f3lico<\/p>\n","protected":false},"excerpt":{"rendered":"<p>A prov\u00edncia Nossa Senhora da Piedade e a Ordem dos Frades Menores Capuchinhos de Bahia e Sergipe, tem alegria de ordenar mais dois sacerdotes para a Igreja de Jesus. Ser\u00e3o ordenados padres capuchinhos. A celebra\u00e7\u00e3o&nbsp;acontecer\u00e1 no s\u00e1bado, dia 18 de dezembro, \u00e0s 18h, na Par\u00f3quia Nossa Senhora de F\u00e1tima e Santo Ant\u00f4nio de Lisboa, na&nbsp;<\/p>\n<p><a class=\"btn btn-style\" href=\"https:\/\/portalcatolico.net\/portal\/celebracao-de-ordenacao-acontecera-em-vitoria-da-conquista\/\">Continue Reading<\/a><\/p>\n","protected":false},"author":2,"featured_media":74331,"comment_status":"open","ping_status":"open","sticky":false,"template":"","format":"standard","meta":{"footnotes":""},"categories":[1],"tags":[],"class_list":["post-74326","post","type-post","status-publish","format-standard","has-post-thumbnail","hentry","category-agenda"],"_links":{"self":[{"href":"https:\/\/portalcatolico.net\/portal\/wp-json\/wp\/v2\/posts\/74326","targetHints":{"allow":["GET"]}}],"collection":[{"href":"https:\/\/portalcatolico.net\/portal\/wp-json\/wp\/v2\/posts"}],"about":[{"href":"https:\/\/portalcatolico.net\/portal\/wp-json\/wp\/v2\/types\/post"}],"author":[{"embeddable":true,"href":"https:\/\/portalcatolico.net\/portal\/wp-json\/wp\/v2\/users\/2"}],"replies":[{"embeddable":true,"href":"https:\/\/portalcatolico.net\/portal\/wp-json\/wp\/v2\/comments?post=74326"}],"version-history":[{"count":5,"href":"https:\/\/portalcatolico.net\/portal\/wp-json\/wp\/v2\/posts\/74326\/revisions"}],"predecessor-version":[{"id":74340,"href":"https:\/\/portalcatolico.net\/portal\/wp-json\/wp\/v2\/posts\/74326\/revisions\/74340"}],"wp:featuredmedia":[{"embeddable":true,"href":"https:\/\/portalcatolico.net\/portal\/wp-json\/wp\/v2\/media\/74331"}],"wp:attachment":[{"href":"https:\/\/portalcatolico.net\/portal\/wp-json\/wp\/v2\/media?parent=74326"}],"wp:term":[{"taxonomy":"category","embeddable":true,"href":"https:\/\/portalcatolico.net\/portal\/wp-json\/wp\/v2\/categories?post=74326"},{"taxonomy":"post_tag","embeddable":true,"href":"https:\/\/portalcatolico.net\/portal\/wp-json\/wp\/v2\/tags?post=74326"}],"curies":[{"name":"wp","href":"https:\/\/api.w.org\/{rel}","templated":true}]}}