{"id":74270,"date":"2021-12-09T19:06:36","date_gmt":"2021-12-09T22:06:36","guid":{"rendered":"http:\/\/portalcatolico.net\/portal\/?p=74270"},"modified":"2021-12-09T19:09:23","modified_gmt":"2021-12-09T22:09:23","slug":"diocese-de-teixeira-de-freitas-caravelas-ba-emite-nota-de-solidariedade-aos-afetados-pelas-fortes-chuvas","status":"publish","type":"post","link":"https:\/\/portalcatolico.net\/portal\/diocese-de-teixeira-de-freitas-caravelas-ba-emite-nota-de-solidariedade-aos-afetados-pelas-fortes-chuvas\/","title":{"rendered":"Diocese de Teixeira de Freitas\/Caravelas (BA) emite Nota de Solidariedade aos afetados pelas fortes chuvas"},"content":{"rendered":"<p><img decoding=\"async\" src=\"https:\/\/fecatolica.com.br\/fotos\/fe_noticias\/12607\/mg\/WhatsApp%20Image%202021-12-09%20at%2015.58.02..jpg\" alt=\"\"><\/p>\n<h2><strong>Situa\u00e7\u00e3o de emerg\u00eancia \u2013 calamidade p\u00fablica<\/strong><\/h2>\n<p>A Diocese de Teixeira de Freitas\/Caravelas, assumindo sua identidade de ser promotora da vida e da esperan\u00e7a, externa seu sentimento de solidariedade mais profundo para com todos os que padecem as consequ\u00eancias das chuvas que est\u00e3o castigando nossa regi\u00e3o e causando s\u00e9rios problemas nas nossas cidades\u2026 muitos desabrigados, mortes e etc.<\/p>\n<p>Diante de toda esta calamidade p\u00fablica a Igreja se coloca do lado dos que est\u00e3o sofrendo para minorar a dor e ser&nbsp;<em>casa da acolhida<\/em>. Neste sentido, coloca todas as suas estruturas \u00e0 disposi\u00e7\u00e3o para acolher os necessitados. Ademais, convoca todos os diocesanos para que doem alimentos, cobertores, colch\u00f5es, produtos de higiene e limpeza, como tamb\u00e9m se coloquem, dentro de suas possibilidades, a servi\u00e7o destes irm\u00e3os como volunt\u00e1rios. A f\u00e9 precisa ser pr\u00e1tica; se assim n\u00e3o for \u00e9 uma f\u00e9 morta.<\/p>\n<p>As Foranias mais atingidas foram a&nbsp;<strong>S\u00e3o Pedro<\/strong>&nbsp;e&nbsp;<strong>Santo Ant\u00f4nio<\/strong>. Por isso, as doa\u00e7\u00f5es devem ser enviadas para:<\/p>\n<ol>\n<li><strong>Par\u00f3quia Santo Ant\u00f4nio: P\u00e1roco<\/strong>&nbsp;\u2013 Pe. Ricardo de Pinho Menezes. Rua Graciliano Viana, s\/n \u2013 Bairro Bela Vista \u2013 Teixeira de Freitas<\/li>\n<li><strong>Par\u00f3quia Nossa Senhora de F\u00e1tima<\/strong>: Pe. Gilson Ferreira Correia. A\u00e7\u00e3o conjunta da Par\u00f3quia Cosme e Dami\u00e3o, Nossa Senhora de Fatima e \u00c1rea Pastoral Cristo Rei. Pra\u00e7a da Bandeira, 91 \u2013 Itamaraju.<\/li>\n<li><strong>Par\u00f3quia S\u00e3o Sebasti\u00e3o<\/strong>: Pra\u00e7a Josino Eduardo Brito, s\/n \u2013 Jucuru\u00e7u.<\/li>\n<\/ol>\n<p>A fome n\u00e3o espera. Sejamos c\u00e9leres em doar e em fazer chegar a quem precisa. Todas as foranias s\u00e3o convidadas a estar ajudando.&nbsp;<em>\u201cQuando um membro sofre, todos os outros membros sofrem com ele\u201d (1 Cor 12,26).&nbsp;<\/em><strong>Sugiro que os que forem participar das missas neste final de semana levem g\u00eaneros aliment\u00edcios, de higiene e limpeza, como gesto concreto de solidariedade crist\u00e3 e que os padres fa\u00e7am chegar estas doa\u00e7\u00f5es nos endere\u00e7os acima para serem distribu\u00eddos.<\/strong><\/p>\n<p>De outro lado, cuidemos da \u201cnossa casa comum\u201d. O desmatamento, a falta de cuidado com os mananciais, os res\u00edduos jogados em qualquer lugar\u2026 levam a este descontrole. Temos que pensar no mundo que estamos criando\u2026 a natureza n\u00e3o perdoa.<\/p>\n<p>Sobre todos invoco as b\u00ean\u00e7\u00e3os de Deus!<\/p>\n<p>Dom Jailton de Oliveira Lino, psdp<br \/>\n<strong>Bispo Diocesano<\/strong><\/p>\n<div class=\"su-note\">\n<div class=\"su-note-inner su-u-clearfix su-u-trim\">Confira o documento:&nbsp;<strong><a href=\"https:\/\/dioceseteixeiradefreitas.com.br\/wp-content\/uploads\/2021\/12\/Nota-de-Solidariedade.pdf\">CLIQUE AQUI<\/a><\/strong><\/div>\n<div>&nbsp;<\/div>\n<\/div>\n<div class=\"post-bottom-meta\">\n<div class=\"post-bottom-meta-title\">Com informa\u00e7\u00f5es e Fotos: Diocese de Teixeira de Freitas\/Caravelas&nbsp;<\/div>\n<\/div>\n","protected":false},"excerpt":{"rendered":"<p>Situa\u00e7\u00e3o de emerg\u00eancia \u2013 calamidade p\u00fablica A Diocese de Teixeira de Freitas\/Caravelas, assumindo sua identidade de ser promotora da vida e da esperan\u00e7a, externa seu sentimento de solidariedade mais profundo para com todos os que padecem as consequ\u00eancias das chuvas que est\u00e3o castigando nossa regi\u00e3o e causando s\u00e9rios problemas nas nossas cidades\u2026 muitos desabrigados, mortes&nbsp;<\/p>\n<p><a class=\"btn btn-style\" href=\"https:\/\/portalcatolico.net\/portal\/diocese-de-teixeira-de-freitas-caravelas-ba-emite-nota-de-solidariedade-aos-afetados-pelas-fortes-chuvas\/\">Continue Reading<\/a><\/p>\n","protected":false},"author":2,"featured_media":74271,"comment_status":"open","ping_status":"open","sticky":false,"template":"","format":"standard","meta":{"footnotes":""},"categories":[4],"tags":[],"class_list":["post-74270","post","type-post","status-publish","format-standard","has-post-thumbnail","hentry","category-destaques"],"_links":{"self":[{"href":"https:\/\/portalcatolico.net\/portal\/wp-json\/wp\/v2\/posts\/74270","targetHints":{"allow":["GET"]}}],"collection":[{"href":"https:\/\/portalcatolico.net\/portal\/wp-json\/wp\/v2\/posts"}],"about":[{"href":"https:\/\/portalcatolico.net\/portal\/wp-json\/wp\/v2\/types\/post"}],"author":[{"embeddable":true,"href":"https:\/\/portalcatolico.net\/portal\/wp-json\/wp\/v2\/users\/2"}],"replies":[{"embeddable":true,"href":"https:\/\/portalcatolico.net\/portal\/wp-json\/wp\/v2\/comments?post=74270"}],"version-history":[{"count":1,"href":"https:\/\/portalcatolico.net\/portal\/wp-json\/wp\/v2\/posts\/74270\/revisions"}],"predecessor-version":[{"id":74272,"href":"https:\/\/portalcatolico.net\/portal\/wp-json\/wp\/v2\/posts\/74270\/revisions\/74272"}],"wp:featuredmedia":[{"embeddable":true,"href":"https:\/\/portalcatolico.net\/portal\/wp-json\/wp\/v2\/media\/74271"}],"wp:attachment":[{"href":"https:\/\/portalcatolico.net\/portal\/wp-json\/wp\/v2\/media?parent=74270"}],"wp:term":[{"taxonomy":"category","embeddable":true,"href":"https:\/\/portalcatolico.net\/portal\/wp-json\/wp\/v2\/categories?post=74270"},{"taxonomy":"post_tag","embeddable":true,"href":"https:\/\/portalcatolico.net\/portal\/wp-json\/wp\/v2\/tags?post=74270"}],"curies":[{"name":"wp","href":"https:\/\/api.w.org\/{rel}","templated":true}]}}