{"id":74264,"date":"2021-12-09T18:49:00","date_gmt":"2021-12-09T21:49:00","guid":{"rendered":"http:\/\/portalcatolico.net\/portal\/?p=74264"},"modified":"2021-12-09T18:51:01","modified_gmt":"2021-12-09T21:51:01","slug":"fieis-de-itabuna-celebraram-o-fim-das-homenagens-a-imaculada-conceicao-e-sao-jose","status":"publish","type":"post","link":"https:\/\/portalcatolico.net\/portal\/fieis-de-itabuna-celebraram-o-fim-das-homenagens-a-imaculada-conceicao-e-sao-jose\/","title":{"rendered":"Fieis de Itabuna celebraram o fim das homenagens \u00e0 Imaculada Concei\u00e7\u00e3o e S\u00e3o Jos\u00e9"},"content":{"rendered":"<p><img loading=\"lazy\" decoding=\"async\" class=\"alignnone  wp-image-74267\" src=\"http:\/\/portalcatolico.net\/portal\/wp-content\/uploads\/2021\/12\/f284ad7c-dae4-45cf-8fb9-77c3274c71d9-300x191.jpg\" alt=\"\" width=\"823\" height=\"524\" srcset=\"https:\/\/portalcatolico.net\/portal\/wp-content\/uploads\/2021\/12\/f284ad7c-dae4-45cf-8fb9-77c3274c71d9-300x191.jpg 300w, https:\/\/portalcatolico.net\/portal\/wp-content\/uploads\/2021\/12\/f284ad7c-dae4-45cf-8fb9-77c3274c71d9-768x488.jpg 768w, https:\/\/portalcatolico.net\/portal\/wp-content\/uploads\/2021\/12\/f284ad7c-dae4-45cf-8fb9-77c3274c71d9.jpg 1024w\" sizes=\"auto, (max-width: 823px) 100vw, 823px\" \/>A quarta-feira, 8 de dezembro, foi festiva em Itabuna (BA).&nbsp; Teve missa no in\u00edcio da manh\u00e3, na Par\u00f3quia e no bairro que t\u00eam o nome da santa padroeira. Em outro bairro da cidade, Ferradas, tamb\u00e9m teve homenagem \u00e0 Santa e padroeira daquele bairro.&nbsp;<\/p>\n<div dir=\"auto\">\u00c0s 18h, aconteceu missa seguida da solene prociss\u00e3o, seguindo todos os protocolos sanit\u00e1rios contra \u00e0 Covid-19.&nbsp;<\/div>\n<div dir=\"auto\">A presid\u00eancia foi do bispo da diocese de Itabuna, no sul da Bahia, Dom Carlos Alberto dos Santos e concelebra\u00e7\u00e3o do p\u00e1roco da igreja matriz de Nossa Senhora da Imaculada Concei\u00e7\u00e3o, o Pe. Adriano Fernandes, do vig\u00e1rio geral da diocese de Itabuna, o Pe. Nicolau Klak, e do Pe. Ubiratan Tib\u00farcio, entre outro religiosos.<\/div>\n<div dir=\"auto\">&nbsp;<\/div>\n<div dir=\"auto\">Na homilia, o bispo disse:&nbsp;&#8220;Chegamos ao t\u00e9rmino de mais uma festa de nossa querida M\u00e3e, Nossa Senhora Concei\u00e7\u00e3o. O interessante \u00e9 que Deus providencia tudo para o seu momento, para a sua hora. E nessa festa, Maria nos chama para que n\u00f3s sejamos homens e mulheres, do mesmo modo, santos. Somos chamados a vivermos a Palavra de Deus em nossas vidas, em nossa hist\u00f3ria.&#8221;<\/div>\n<div dir=\"auto\">&nbsp;<\/div>\n<div dir=\"auto\">Neste mesmo dia dia, foi encerrado o ano especial dedicado a S\u00e3o Jos\u00e9. Em 08 de dezembro de 2021 celebrava-se os 150 anos da declara\u00e7\u00e3o do Esposo de Maria como Padroeiro da Igreja Cat\u00f3lica. Foi convocado o &#8220;Ano de S\u00e3o Jos\u00e9&#8221;. O Papa Francisco proclamou o Ano de S\u00e3o Jos\u00e9 com a carta apost\u00f3lica &#8220;Patris corde&#8221; dedicada ao Santo Padroeiro da Igreja universal com o objetivo de ajudar as pessoas a redescobrir a &#8220;extraordin\u00e1ria figura&#8221; do pai putativo de Jesus, um &#8220;homem na sombra&#8221; mas constantemente pr\u00f3ximo da &#8220;condi\u00e7\u00e3o humana de cada um de n\u00f3s&#8221;. Por ocasi\u00e3o do 150\u00ba anivers\u00e1rio da declara\u00e7\u00e3o de reconhecimento de S\u00e3o Jos\u00e9 como Padroeiro da Igreja Universal, presente no decreto de Pio IX Quemadmodum Deus em 8 de dezembro de 1870. Ontem, esse per\u00edodo chegou ao fim, em todo o mundo.<\/div>\n<div dir=\"auto\">Nos links a seguir, voc\u00ea confere na \u00edntegra, como foram as celebra\u00e7\u00f5es deste dia marcante:<\/div>\n<div dir=\"auto\">&nbsp;<\/div>\n<div dir=\"auto\">Par\u00f3quia Nossa Senhora da Concei\u00e7\u00e3o padroeira do bairro Concei\u00e7\u00e3o:<\/div>\n<div dir=\"auto\"><a href=\"https:\/\/www.youtube.com\/watchv=1BiCorEE0d8\">https:\/\/www.youtube.com\/watchv=1BiCorEE0d8<\/a><\/div>\n<div dir=\"auto\">&nbsp;<\/div>\n<div dir=\"auto\">Par\u00f3quia Nossa Senhora da Concei\u00e7\u00e3o, padroeira do bairro Ferradas:&nbsp;<a href=\"https:\/\/www.youtube.com\/watchv=mM0yY4mwJ4E\" target=\"_blank\" rel=\"noopener noreferrer\">https:\/\/www.youtube.com\/watchv=mM0yY4mwJ4E<\/a><\/div>\n<div dir=\"auto\">&nbsp;<\/div>\n<div dir=\"auto\">A par\u00f3quia Santa Rita de C\u00e1ssia situada no bairro S\u00e3o Caetano em Itabuna, tamb\u00e9m&nbsp; homenageou a m\u00e3e de Jesus, com a santa missa \u00e0s 19h. Confira: <a href=\"https:\/\/www.youtube.com\/watchv=VzB4ojBqbg\">https:\/\/www.youtube.com\/watchv=VzB4ojBqbg<\/a><\/div>\n<div dir=\"auto\">Fotos cedidas por: Tiago Sousa\/Diocese de Itabuna(BA)<\/div>\n","protected":false},"excerpt":{"rendered":"<p>A quarta-feira, 8 de dezembro, foi festiva em Itabuna (BA).&nbsp; Teve missa no in\u00edcio da manh\u00e3, na Par\u00f3quia e no bairro que t\u00eam o nome da santa padroeira. Em outro bairro da cidade, Ferradas, tamb\u00e9m teve homenagem \u00e0 Santa e padroeira daquele bairro.&nbsp; \u00c0s 18h, aconteceu missa seguida da solene prociss\u00e3o, seguindo todos os protocolos&nbsp;<\/p>\n<p><a class=\"btn btn-style\" href=\"https:\/\/portalcatolico.net\/portal\/fieis-de-itabuna-celebraram-o-fim-das-homenagens-a-imaculada-conceicao-e-sao-jose\/\">Continue Reading<\/a><\/p>\n","protected":false},"author":2,"featured_media":74265,"comment_status":"open","ping_status":"open","sticky":false,"template":"","format":"standard","meta":{"footnotes":""},"categories":[68],"tags":[],"class_list":["post-74264","post","type-post","status-publish","format-standard","has-post-thumbnail","hentry","category-homilias"],"_links":{"self":[{"href":"https:\/\/portalcatolico.net\/portal\/wp-json\/wp\/v2\/posts\/74264","targetHints":{"allow":["GET"]}}],"collection":[{"href":"https:\/\/portalcatolico.net\/portal\/wp-json\/wp\/v2\/posts"}],"about":[{"href":"https:\/\/portalcatolico.net\/portal\/wp-json\/wp\/v2\/types\/post"}],"author":[{"embeddable":true,"href":"https:\/\/portalcatolico.net\/portal\/wp-json\/wp\/v2\/users\/2"}],"replies":[{"embeddable":true,"href":"https:\/\/portalcatolico.net\/portal\/wp-json\/wp\/v2\/comments?post=74264"}],"version-history":[{"count":3,"href":"https:\/\/portalcatolico.net\/portal\/wp-json\/wp\/v2\/posts\/74264\/revisions"}],"predecessor-version":[{"id":74269,"href":"https:\/\/portalcatolico.net\/portal\/wp-json\/wp\/v2\/posts\/74264\/revisions\/74269"}],"wp:featuredmedia":[{"embeddable":true,"href":"https:\/\/portalcatolico.net\/portal\/wp-json\/wp\/v2\/media\/74265"}],"wp:attachment":[{"href":"https:\/\/portalcatolico.net\/portal\/wp-json\/wp\/v2\/media?parent=74264"}],"wp:term":[{"taxonomy":"category","embeddable":true,"href":"https:\/\/portalcatolico.net\/portal\/wp-json\/wp\/v2\/categories?post=74264"},{"taxonomy":"post_tag","embeddable":true,"href":"https:\/\/portalcatolico.net\/portal\/wp-json\/wp\/v2\/tags?post=74264"}],"curies":[{"name":"wp","href":"https:\/\/api.w.org\/{rel}","templated":true}]}}