{"id":74262,"date":"2021-12-09T18:43:24","date_gmt":"2021-12-09T21:43:24","guid":{"rendered":"http:\/\/portalcatolico.net\/portal\/?p=74262"},"modified":"2021-12-09T18:44:14","modified_gmt":"2021-12-09T21:44:14","slug":"devotos-participam-das-homenagens-a-santa-luzia-padroeira-dos-oftalmologistas-e-protetora-da-visao","status":"publish","type":"post","link":"https:\/\/portalcatolico.net\/portal\/devotos-participam-das-homenagens-a-santa-luzia-padroeira-dos-oftalmologistas-e-protetora-da-visao\/","title":{"rendered":"Devotos participam das homenagens \u00e0 Santa Luzia, padroeira dos oftalmologistas e protetora da vis\u00e3o"},"content":{"rendered":"<p><em>Em Salvador, no templo que tem Santa Luzia como co-padroeira, h\u00e1 uma fonte milagrosa de onde mina \u00e1gua desde o s\u00e9culo 17<\/em><\/p>\n<p><strong>&nbsp;<\/strong>Santa Luzia, invocada como intercessora das pessoas que possuem problemas na vis\u00e3o, ser\u00e1 homenageada no dia 13 de dezembro, na Igreja Sant\u00edssimo Sacramento, Nossa Senhora do Pilar e Santa Luzia, localizada no bairro Com\u00e9rcio, em Salvador. Antes, entre os dias 10 e 12, acontece o tr\u00edduo com celebra\u00e7\u00f5es \u00e0s 9h e \u00e0s 18h, \u00e0 luz do tema central \u201cAcolher bem \u00e9 evangelizar\u201d. \u00c9 importante destacar que, na primeira noite (10), haver\u00e1 o Te Deum (A Ti, Deus) &#8211; hino da Liturgia das Horas rezado aos domingos e dias solenes.<\/p>\n<p>No dia dedicado a ela (13), os festejos ter\u00e3o in\u00edcio com a alvorada \u00e0s 5h, seguida de Celebra\u00e7\u00f5es Eucar\u00edsticas \u00e0s 6h, \u00e0s 8h, \u00e0s 15h, \u00e0s 17h e \u00e0s 19h. O ponto alto das homenagens \u00e0 Santa luzia ser\u00e1 a Missa Solene, presidida pelo Arcebispo de Salvador e Primaz do Brasil, Cardeal Dom Sergio da Rocha, \u00e0s 10h. Como parte da programa\u00e7\u00e3o, haver\u00e1, ainda, uma carreta que sair\u00e1 da Igreja e far\u00e1 o seguinte trajeto: Avenida da Fran\u00e7a, Mercado Modelo, 2\u00ba Distrito Naval, Bas\u00edlica Santu\u00e1rio Nossa Senhora da Concei\u00e7\u00e3o da Praia, Capela S\u00e3o Jos\u00e9 do Corpo Santo, Pra\u00e7a da Inglaterra, Ladeira da Montanha, Rua Carlos Gomes, Largo do Campo Grande, Avenida Sete de Setembro, Pra\u00e7a da Piedade, Avenida Joana Ang\u00e9lica, Largo de Nazar\u00e9, Barbalho, Soledade, Lapinha, Avenida Lima e Silva (Liberdade), Ladeira de S\u00e3o Crist\u00f3v\u00e3o, Largo do Tanque, Baixa do Fiscal, Mares, Cal\u00e7ada, Avenida da Fran\u00e7a, retornando para a Igreja, no Com\u00e9rcio.<\/p>\n<p>Para o padre Renato Minho, a f\u00e9, a fidelidade e a coragem de Santa Luzia devem ser imitados. &#8220;Os santos e as santas s\u00e3o exemplos de amigos de Deus, pois se esfor\u00e7aram no cumprimento da miss\u00e3o que a eles foi confiada. Com Santa Luzia n\u00e3o \u00e9 diferente. Que, a exemplo dela, possamos cumprir a vontade de Deus, resistindo contra todo o mal&#8221;, afirma.<\/p>\n<p><strong>&nbsp;<\/strong><strong>A fonte milagrosa<\/strong><\/p>\n<p>Em Salvador, no templo que tem Santa Luzia como co-padroeira, h\u00e1 uma fonte de onde mina \u00e1gua desde o s\u00e9culo 17 e que, diariamente, \u00e9 procurada por in\u00fameros fi\u00e9is. Foi nela que, no in\u00edcio do s\u00e9culo passado, um homem cego lavou os olhos e voltou a enxergar, sendo este milagre atribu\u00eddo \u00e0 santa, que tamb\u00e9m \u00e9 padroeira dos oftalmologistas, cuja imagem havia acabado de ser colocada em um nicho, na Igreja. &#8220;Logo ap\u00f3s a chegada da imagem, em 1902, houve um primeiro milagre: um senhor cego, que bebeu a \u00e1gua e lavou os olhos, voltou a enxergar. Eu acredito que ele n\u00e3o veio com o prop\u00f3sito de ser curado, pois a \u00e1gua que brota aqui da fonte abastecia os navios e o com\u00e9rcio, ent\u00e3o, para mim, ele deve ter vindo aqui para pegar a \u00e1gua e voltou a enxergar. Assim, atribuiu-se a cura \u00e0 intercess\u00e3o de Santa Luzia. Ainda hoje, muitos outros tantos milagres t\u00eam acontecido\u201d, diz o padre Renato.<\/p>\n<p><strong>Santa Luzia<\/strong><\/p>\n<p>Nascida em uma fam\u00edlia rica e crist\u00e3, na cidade de Siracusa \u2013 It\u00e1lia, no ano de 283, Luzia era considerada como uma das jovens mais belas do local. Aos cinco anos perdeu o pai e cresceu sob os cuidados da m\u00e3e, que sofria de graves hemorragias. Certo dia, ao peregrinar na cidade de Cat\u00e2nia, Luzia e a m\u00e3e acompanharam o Evangelho pregado durante a Missa, o qual falava sobre a cura da mulher que padecia de hemorragias. A jovem, ent\u00e3o, pediu ao Senhor que a m\u00e3e ficasse curada e foi rezar junto \u00e0 imagem de Santa \u00c1gueda. No mesmo instante, a cura aconteceu.<\/p>\n<p>Ao chegarem a casa onde elas moravam come\u00e7aram a distribuir todos os bens aos pobres. Percebendo que Luzia e a m\u00e3e eram crist\u00e3s, um jovem que vivia no local denunciou-as ao prefeito de Siracusa, que as enviou ao Imperador Diocleciano. Como Luzia se mostrou firme diante da f\u00e9 que carregava, acabou sofrendo in\u00fameras crueldades.<\/p>\n<p>Vendo que n\u00e3o seria poss\u00edvel convert\u00ea-la, Diocleciano mandou jog\u00e1-la numa casa de prostitui\u00e7\u00e3o, mas ningu\u00e9m conseguia tirar Luzia do local onde ela se encontrava, os p\u00e9s ficaram firmes no ch\u00e3o. Em seguida, tentaram queim\u00e1-la viva, mas as chamas nada fizeram contra ela. Por fim, os soldados arrancaram-lhe os olhos e os entregou em um prato \u00e0 jovem. No mesmo instante, na face de Luzia, brotaram outros olhos. Vendo que nada a fazia renegar a f\u00e9 em Jesus Cristo, mandaram degolar a menina.<\/p>\n<p>Era 13 de dezembro de 304. A partir deste dia teve in\u00edcio a devo\u00e7\u00e3o \u00e0 Santa Luzia, primeiro na It\u00e1lia e depois por toda a Europa. Atualmente ela \u00e9 conhecida como a \u201cSanta da Vis\u00e3o\u201d.<\/p>\n<p><strong><u>SERVI\u00c7O:<\/u><\/strong><\/p>\n<p><strong>O QU\u00ca:<\/strong> Festa de Santa Luzia<\/p>\n<p><strong>QUEM:<\/strong> Devotos<\/p>\n<p><strong>QUANDO:<\/strong> Tr\u00edduo: de 10 a 12 de dezembro \/ Dia Festivo: 13 de dezembro<\/p>\n<p><strong>ONDE:<\/strong> Igreja Sant\u00edssimo Sacramento, Nossa Senhora do Pilar e Santa Luzia (Com\u00e9rcio)<\/p>\n","protected":false},"excerpt":{"rendered":"<p>Em Salvador, no templo que tem Santa Luzia como co-padroeira, h\u00e1 uma fonte milagrosa de onde mina \u00e1gua desde o s\u00e9culo 17 &nbsp;Santa Luzia, invocada como intercessora das pessoas que possuem problemas na vis\u00e3o, ser\u00e1 homenageada no dia 13 de dezembro, na Igreja Sant\u00edssimo Sacramento, Nossa Senhora do Pilar e Santa Luzia, localizada no bairro&nbsp;<\/p>\n<p><a class=\"btn btn-style\" href=\"https:\/\/portalcatolico.net\/portal\/devotos-participam-das-homenagens-a-santa-luzia-padroeira-dos-oftalmologistas-e-protetora-da-visao\/\">Continue Reading<\/a><\/p>\n","protected":false},"author":2,"featured_media":70789,"comment_status":"open","ping_status":"open","sticky":false,"template":"","format":"standard","meta":{"footnotes":""},"categories":[4],"tags":[],"class_list":["post-74262","post","type-post","status-publish","format-standard","has-post-thumbnail","hentry","category-destaques"],"_links":{"self":[{"href":"https:\/\/portalcatolico.net\/portal\/wp-json\/wp\/v2\/posts\/74262","targetHints":{"allow":["GET"]}}],"collection":[{"href":"https:\/\/portalcatolico.net\/portal\/wp-json\/wp\/v2\/posts"}],"about":[{"href":"https:\/\/portalcatolico.net\/portal\/wp-json\/wp\/v2\/types\/post"}],"author":[{"embeddable":true,"href":"https:\/\/portalcatolico.net\/portal\/wp-json\/wp\/v2\/users\/2"}],"replies":[{"embeddable":true,"href":"https:\/\/portalcatolico.net\/portal\/wp-json\/wp\/v2\/comments?post=74262"}],"version-history":[{"count":1,"href":"https:\/\/portalcatolico.net\/portal\/wp-json\/wp\/v2\/posts\/74262\/revisions"}],"predecessor-version":[{"id":74263,"href":"https:\/\/portalcatolico.net\/portal\/wp-json\/wp\/v2\/posts\/74262\/revisions\/74263"}],"wp:featuredmedia":[{"embeddable":true,"href":"https:\/\/portalcatolico.net\/portal\/wp-json\/wp\/v2\/media\/70789"}],"wp:attachment":[{"href":"https:\/\/portalcatolico.net\/portal\/wp-json\/wp\/v2\/media?parent=74262"}],"wp:term":[{"taxonomy":"category","embeddable":true,"href":"https:\/\/portalcatolico.net\/portal\/wp-json\/wp\/v2\/categories?post=74262"},{"taxonomy":"post_tag","embeddable":true,"href":"https:\/\/portalcatolico.net\/portal\/wp-json\/wp\/v2\/tags?post=74262"}],"curies":[{"name":"wp","href":"https:\/\/api.w.org\/{rel}","templated":true}]}}