{"id":74257,"date":"2021-12-10T00:15:11","date_gmt":"2021-12-10T03:15:11","guid":{"rendered":"http:\/\/portalcatolico.net\/portal\/?p=74257"},"modified":"2021-12-09T09:15:46","modified_gmt":"2021-12-09T12:15:46","slug":"fieis-celebram-nossa-senhora-de-guadalupe","status":"publish","type":"post","link":"https:\/\/portalcatolico.net\/portal\/fieis-celebram-nossa-senhora-de-guadalupe\/","title":{"rendered":"Fieis celebram Nossa Senhora de Guadalupe!"},"content":{"rendered":"<div class=\"v1OutlineElement v1Ltr v1BCX0 v1SCXW22734944\">\n<p class=\"v1Paragraph v1SCXW22734944 v1BCX0\" lang=\"PT-BR\"><span class=\"v1TextRun v1SCXW22734944 v1BCX0\" lang=\"PT-BR\"><span class=\"v1NormalTextRun v1SCXW22734944 v1BCX0\">A Diocese de<\/span><span class=\"v1NormalTextRun v1SCXW22734944 v1BCX0\">&nbsp;<\/span><span class=\"v1NormalTextRun v1SCXW22734944 v1BCX0\">Ilh\u00e9us&nbsp;<\/span><span class=\"v1NormalTextRun v1SCXW22734944 v1BCX0\">est\u00e1 festejando<\/span><span class=\"v1NormalTextRun v1SCXW22734944 v1BCX0\">&nbsp;<\/span><span class=\"v1NormalTextRun v1SCXW22734944 v1BCX0\">N<\/span><span class=\"v1NormalTextRun v1SCXW22734944 v1BCX0\">ossa Senhora de Guadalupe, na cidade de Ilh\u00e9us<\/span><span class=\"v1NormalTextRun v1SCXW22734944 v1BCX0\">&nbsp;(BA).<\/span><span class=\"v1NormalTextRun v1SCXW22734944 v1BCX0\">&nbsp;<\/span><span class=\"v1NormalTextRun v1SCXW22734944 v1BCX0\">O Noven\u00e1rio teve in\u00edcio no dia 3 deste m\u00eas e segue at\u00e9 o dia 11. O grande dia festivo acontece no dia 12.<\/span><span class=\"v1NormalTextRun v1SCXW22734944 v1BCX0\">&nbsp;A&nbsp;<\/span><span class=\"v1NormalTextRun v1SCXW22734944 v1BCX0\">par\u00f3quia fica situada no&nbsp;<\/span><span class=\"v1NormalTextRun v1ContextualSpellingAndGrammarErrorV2 v1SCXW22734944 v1BCX0\">bairro&nbsp;&nbsp;<\/span><span class=\"v1NormalTextRun v1ContextualSpellingAndGrammarErrorV2 v1SCXW22734944 v1BCX0\">A<\/span><span class=\"v1NormalTextRun v1ContextualSpellingAndGrammarErrorV2 v1SCXW22734944 v1BCX0\">lto<\/span><span class=\"v1NormalTextRun v1SCXW22734944 v1BCX0\">&nbsp;da<\/span><span class=\"v1NormalTextRun v1SCXW22734944 v1BCX0\">&nbsp;Boa Vista.<\/span><\/span><span class=\"v1LineBreakBlob v1BlobObject v1DragDrop v1SCXW22734944 v1BCX0\"><span class=\"v1SCXW22734944 v1BCX0\">&nbsp;Na diocese de Itabuna, tamb\u00e9m festeja&nbsp; a Santa, no bairro Parque Boa Vista.<\/span><br class=\"v1SCXW22734944 v1BCX0\"><\/span><span class=\"v1TextRun v1SCXW22734944 v1BCX0\" lang=\"PT-BR\"><span class=\"v1NormalTextRun v1SCXW22734944 v1BCX0\">O Dia de Nossa Senhora de Guadalupe comemora<\/span><span class=\"v1NormalTextRun v1SCXW22734944 v1BCX0\">-se<\/span><span class=\"v1NormalTextRun v1SCXW22734944 v1BCX0\">&nbsp;anualmente em 12 de<\/span><\/span><span class=\"v1LineBreakBlob v1BlobObject v1DragDrop v1SCXW22734944 v1BCX0\"><span class=\"v1SCXW22734944 v1BCX0\">&nbsp;<\/span><\/span><span class=\"v1TextRun v1SCXW22734944 v1BCX0\" lang=\"PT-BR\"><span class=\"v1NormalTextRun v1SCXW22734944 v1BCX0\">dezembro. Neste dia, se festeja o milagre a impress\u00e3o da imagem de Nossa<\/span><\/span><span class=\"v1LineBreakBlob v1BlobObject v1DragDrop v1SCXW22734944 v1BCX0\"><span class=\"v1SCXW22734944 v1BCX0\">&nbsp;<\/span><\/span><span class=\"v1TextRun v1SCXW22734944 v1BCX0\" lang=\"PT-BR\"><span class=\"v1NormalTextRun v1SCXW22734944 v1BCX0\">Senhora no manto do ind\u00edgena Juan Diego. Nossa Senhora de Guadalupe \u00e9<\/span><\/span><span class=\"v1LineBreakBlob v1BlobObject v1DragDrop v1SCXW22734944 v1BCX0\"><span class=\"v1SCXW22734944 v1BCX0\">&nbsp;<\/span><\/span><span class=\"v1TextRun v1SCXW22734944 v1BCX0\" lang=\"PT-BR\"><span class=\"v1NormalTextRun v1SCXW22734944 v1BCX0\">padroeira do M\u00e9xico, Filipinas, de todo continente americano. A festa de<\/span><\/span><span class=\"v1LineBreakBlob v1BlobObject v1DragDrop v1SCXW22734944 v1BCX0\"><span class=\"v1SCXW22734944 v1BCX0\">&nbsp;<\/span><\/span><span class=\"v1TextRun v1SCXW22734944 v1BCX0\" lang=\"PT-BR\"><span class=\"v1NormalTextRun v1SCXW22734944 v1BCX0\">Guadalupe foi institu\u00edda em 1754.<\/span><\/span><span class=\"v1LineBreakBlob v1BlobObject v1DragDrop v1SCXW22734944 v1BCX0\"><span class=\"v1SCXW22734944 v1BCX0\">&nbsp;<\/span><br class=\"v1SCXW22734944 v1BCX0\"><\/span><span class=\"v1LineBreakBlob v1BlobObject v1DragDrop v1SCXW22734944 v1BCX0\"><span class=\"v1SCXW22734944 v1BCX0\">&nbsp;<\/span><br class=\"v1SCXW22734944 v1BCX0\"><\/span><span class=\"v1TextRun v1SCXW22734944 v1BCX0\" lang=\"PT-BR\"><span class=\"v1NormalTextRun v1SCXW22734944 v1BCX0\">Conhe\u00e7a um pouco a hist\u00f3ria da Santa:<\/span><\/span><span class=\"v1LineBreakBlob v1BlobObject v1DragDrop v1SCXW22734944 v1BCX0\"><span class=\"v1SCXW22734944 v1BCX0\">&nbsp;<\/span><br class=\"v1SCXW22734944 v1BCX0\"><\/span><span class=\"v1TextRun v1SCXW22734944 v1BCX0\" lang=\"PT-BR\"><span class=\"v1NormalTextRun v1SCXW22734944 v1BCX0\">Num s\u00e1bado, no ano de 1531, a Virgem Sant\u00edssima apareceu a um ind\u00edgena<\/span><\/span><span class=\"v1LineBreakBlob v1BlobObject v1DragDrop v1SCXW22734944 v1BCX0\"><span class=\"v1SCXW22734944 v1BCX0\">&nbsp;<\/span><\/span><span class=\"v1TextRun v1SCXW22734944 v1BCX0\" lang=\"PT-BR\"><span class=\"v1NormalTextRun v1SCXW22734944 v1BCX0\">que, de seu lugarejo, caminhava para a cidade do M\u00e9xico, a fim de<\/span><\/span><span class=\"v1LineBreakBlob v1BlobObject v1DragDrop v1SCXW22734944 v1BCX0\"><span class=\"v1SCXW22734944 v1BCX0\">&nbsp;<\/span><\/span><span class=\"v1TextRun v1SCXW22734944 v1BCX0\" lang=\"PT-BR\"><span class=\"v1NormalTextRun v1SCXW22734944 v1BCX0\">participar da catequese e da Santa Missa, enquanto estava na colina de<\/span><\/span><span class=\"v1LineBreakBlob v1BlobObject v1DragDrop v1SCXW22734944 v1BCX0\"><span class=\"v1SCXW22734944 v1BCX0\">&nbsp;<\/span><\/span><span class=\"v1TextRun v1SCXW22734944 v1BCX0\" lang=\"PT-BR\"><span class=\"v1NormalTextRun v1SpellingErrorV2 v1SCXW22734944 v1BCX0\">Tepeyac<\/span><span class=\"v1NormalTextRun v1SCXW22734944 v1BCX0\">, perto da capital. Esse \u00edndio convertido chamava-se Juan Diego<\/span><\/span><span class=\"v1LineBreakBlob v1BlobObject v1DragDrop v1SCXW22734944 v1BCX0\"><span class=\"v1SCXW22734944 v1BCX0\">&nbsp;<\/span><\/span><span class=\"v1TextRun v1SCXW22734944 v1BCX0\" lang=\"PT-BR\"><span class=\"v1NormalTextRun v1SCXW22734944 v1BCX0\">(canonizado pelo Papa Jo\u00e3o Paulo II em 2002).<\/span><\/span><span class=\"v1LineBreakBlob v1BlobObject v1DragDrop v1SCXW22734944 v1BCX0\"><span class=\"v1SCXW22734944 v1BCX0\">&nbsp;<\/span><br class=\"v1SCXW22734944 v1BCX0\"><\/span><span class=\"v1TextRun v1SCXW22734944 v1BCX0\" lang=\"PT-BR\"><span class=\"v1NormalTextRun v1SCXW22734944 v1BCX0\">Ent\u00e3o, Nossa Senhora disse ao Juan Diego que ele fosse at\u00e9 o bispo e lhe<\/span><\/span><span class=\"v1LineBreakBlob v1BlobObject v1DragDrop v1SCXW22734944 v1BCX0\"><span class=\"v1SCXW22734944 v1BCX0\">&nbsp;<\/span><\/span><span class=\"v1TextRun v1SCXW22734944 v1BCX0\" lang=\"PT-BR\"><span class=\"v1NormalTextRun v1SCXW22734944 v1BCX0\">pedisse que, naquele lugar, fosse constru\u00eddo um santu\u00e1rio para a honra e<\/span><\/span><span class=\"v1LineBreakBlob v1BlobObject v1DragDrop v1SCXW22734944 v1BCX0\"><span class=\"v1SCXW22734944 v1BCX0\">&nbsp;<\/span><\/span><span class=\"v1TextRun v1SCXW22734944 v1BCX0\" lang=\"PT-BR\"><span class=\"v1NormalTextRun v1SCXW22734944 v1BCX0\">gl\u00f3ria de Deus.<\/span><\/span><span class=\"v1LineBreakBlob v1BlobObject v1DragDrop v1SCXW22734944 v1BCX0\"><span class=\"v1SCXW22734944 v1BCX0\">&nbsp;<\/span><\/span><\/p>\n<p class=\"v1Paragraph v1SCXW22734944 v1BCX0\" lang=\"PT-BR\"><span class=\"v1LineBreakBlob v1BlobObject v1DragDrop v1SCXW22734944 v1BCX0\"><br class=\"v1SCXW22734944 v1BCX0\"><\/span><span class=\"v1TextRun v1SCXW22734944 v1BCX0\" lang=\"PT-BR\"><span class=\"v1NormalTextRun v1SCXW22734944 v1BCX0\">O bispo local, usando de prud\u00eancia, pediu um sinal da Virgem ao ind\u00edgena<\/span><\/span><span class=\"v1LineBreakBlob v1BlobObject v1DragDrop v1SCXW22734944 v1BCX0\"><span class=\"v1SCXW22734944 v1BCX0\">&nbsp;<\/span><\/span><span class=\"v1TextRun v1SCXW22734944 v1BCX0\" lang=\"PT-BR\"><span class=\"v1NormalTextRun v1SCXW22734944 v1BCX0\">que, somente na terceira apari\u00e7\u00e3o, foi concedido. Isso ocorreu quando<\/span><\/span><span class=\"v1LineBreakBlob v1BlobObject v1DragDrop v1SCXW22734944 v1BCX0\"><span class=\"v1SCXW22734944 v1BCX0\">&nbsp;<\/span><\/span><span class=\"v1TextRun v1SCXW22734944 v1BCX0\" lang=\"PT-BR\"><span class=\"v1NormalTextRun v1SCXW22734944 v1BCX0\">Juan Diego buscava um sacerdote para o tio doente: &#8220;Escute, meu filho,<\/span><\/span><span class=\"v1LineBreakBlob v1BlobObject v1DragDrop v1SCXW22734944 v1BCX0\"><span class=\"v1SCXW22734944 v1BCX0\">&nbsp;<\/span><\/span><span class=\"v1TextRun v1SCXW22734944 v1BCX0\" lang=\"PT-BR\"><span class=\"v1NormalTextRun v1SCXW22734944 v1BCX0\">n\u00e3o h\u00e1 nada o que temer, n\u00e3o fique preocupado nem assustado; n\u00e3o tema<\/span><\/span><span class=\"v1LineBreakBlob v1BlobObject v1DragDrop v1SCXW22734944 v1BCX0\"><span class=\"v1SCXW22734944 v1BCX0\">&nbsp;&nbsp;<\/span><\/span><span class=\"v1TextRun v1SCXW22734944 v1BCX0\" lang=\"PT-BR\"><span class=\"v1NormalTextRun v1SCXW22734944 v1BCX0\">esta doen\u00e7a, nem outro qualquer dissabor ou afli\u00e7\u00e3o. N\u00e3o estou eu aqui,<\/span><\/span><span class=\"v1LineBreakBlob v1BlobObject v1DragDrop v1SCXW22734944 v1BCX0\"><span class=\"v1SCXW22734944 v1BCX0\">&nbsp;<\/span><\/span><span class=\"v1TextRun v1SCXW22734944 v1BCX0\" lang=\"PT-BR\"><span class=\"v1NormalTextRun v1SCXW22734944 v1BCX0\">a seu lado? Eu sou a sua M\u00e3e dadivosa. Acaso n\u00e3o o escolhi para mim e o<\/span><\/span><span class=\"v1LineBreakBlob v1BlobObject v1DragDrop v1SCXW22734944 v1BCX0\"><span class=\"v1SCXW22734944 v1BCX0\">&nbsp;&nbsp;<\/span><\/span><span class=\"v1TextRun v1SCXW22734944 v1BCX0\" lang=\"PT-BR\"><span class=\"v1NormalTextRun v1SCXW22734944 v1BCX0\">tomei aos meus cuidados? Que deseja mais do que isto? N\u00e3o permita que<\/span><\/span><span class=\"v1LineBreakBlob v1BlobObject v1DragDrop v1SCXW22734944 v1BCX0\"><span class=\"v1SCXW22734944 v1BCX0\">&nbsp;<\/span><\/span><span class=\"v1TextRun v1SCXW22734944 v1BCX0\" lang=\"PT-BR\"><span class=\"v1NormalTextRun v1SCXW22734944 v1BCX0\">nada o aflija e o perturbe. Quanto \u00e0 doen\u00e7a do seu tio, ela n\u00e3o \u00e9<\/span><\/span><span class=\"v1LineBreakBlob v1BlobObject v1DragDrop v1SCXW22734944 v1BCX0\"><span class=\"v1SCXW22734944 v1BCX0\">&nbsp;&nbsp;<\/span><\/span><span class=\"v1TextRun v1SCXW22734944 v1BCX0\" lang=\"PT-BR\"><span class=\"v1NormalTextRun v1SCXW22734944 v1BCX0\">mortal. Eu lhe pe\u00e7o, acredite agora mesmo, porque ele j\u00e1 est\u00e1 curado.<\/span><\/span><span class=\"v1LineBreakBlob v1BlobObject v1DragDrop v1SCXW22734944 v1BCX0\"><span class=\"v1SCXW22734944 v1BCX0\">&nbsp;<\/span><\/span><span class=\"v1TextRun v1SCXW22734944 v1BCX0\" lang=\"PT-BR\"><span class=\"v1NormalTextRun v1SCXW22734944 v1BCX0\">Filho querido, essas rosas s\u00e3o o sinal que voc\u00ea vai levar ao Bispo.<\/span><\/span><span class=\"v1LineBreakBlob v1BlobObject v1DragDrop v1SCXW22734944 v1BCX0\"><span class=\"v1SCXW22734944 v1BCX0\">&nbsp;<\/span><\/span><span class=\"v1TextRun v1SCXW22734944 v1BCX0\" lang=\"PT-BR\"><span class=\"v1NormalTextRun v1SCXW22734944 v1BCX0\">Diga-lhe em meu nome que, nessas rosas, ele ver\u00e1 minha vontade e a<\/span><\/span><span class=\"v1LineBreakBlob v1BlobObject v1DragDrop v1SCXW22734944 v1BCX0\"><span class=\"v1SCXW22734944 v1BCX0\">&nbsp;<\/span><\/span><span class=\"v1TextRun v1SCXW22734944 v1BCX0\" lang=\"PT-BR\"><span class=\"v1NormalTextRun v1SCXW22734944 v1BCX0\">cumprir\u00e1. Voc\u00ea \u00e9 meu embaixador e merece a minha confian\u00e7a. Quando<\/span><\/span><span class=\"v1LineBreakBlob v1BlobObject v1DragDrop v1SCXW22734944 v1BCX0\"><span class=\"v1SCXW22734944 v1BCX0\">&nbsp;<\/span><\/span><span class=\"v1TextRun v1SCXW22734944 v1BCX0\" lang=\"PT-BR\"><span class=\"v1NormalTextRun v1SCXW22734944 v1BCX0\">chegar diante dele, desdobre a sua &#8220;<\/span><span class=\"v1NormalTextRun v1SpellingErrorV2 v1SCXW22734944 v1BCX0\">tilma<\/span><span class=\"v1NormalTextRun v1SCXW22734944 v1BCX0\">&#8221; (manto) e mostre-lhe o que<\/span><\/span><span class=\"v1LineBreakBlob v1BlobObject v1DragDrop v1SCXW22734944 v1BCX0\"><span class=\"v1SCXW22734944 v1BCX0\">&nbsp;<\/span><\/span><span class=\"v1TextRun v1SCXW22734944 v1BCX0\" lang=\"PT-BR\"><span class=\"v1NormalTextRun v1SCXW22734944 v1BCX0\">carrega, por\u00e9m, s\u00f3 em sua presen\u00e7a. Diga-lhe tudo o que viu e ouviu,<\/span><\/span><span class=\"v1LineBreakBlob v1BlobObject v1DragDrop v1SCXW22734944 v1BCX0\"><span class=\"v1SCXW22734944 v1BCX0\">&nbsp;&nbsp;<\/span><\/span><span class=\"v1TextRun v1SCXW22734944 v1BCX0\" lang=\"PT-BR\"><span class=\"v1NormalTextRun v1SCXW22734944 v1BCX0\">nada omita&#8221;.<\/span><\/span><\/p>\n<p class=\"v1Paragraph v1SCXW22734944 v1BCX0\" lang=\"PT-BR\"><span class=\"v1LineBreakBlob v1BlobObject v1DragDrop v1SCXW22734944 v1BCX0\"><span class=\"v1SCXW22734944 v1BCX0\">&nbsp;<\/span><br class=\"v1SCXW22734944 v1BCX0\"><\/span><span class=\"v1TextRun v1SCXW22734944 v1BCX0\" lang=\"PT-BR\"><span class=\"v1NormalTextRun v1SCXW22734944 v1BCX0\">O prelado viu n\u00e3o somente as rosas, mas o milagre da imagem de Nossa<\/span><\/span><span class=\"v1LineBreakBlob v1BlobObject v1DragDrop v1SCXW22734944 v1BCX0\"><span class=\"v1SCXW22734944 v1BCX0\">&nbsp;<\/span><\/span><span class=\"v1TextRun v1SCXW22734944 v1BCX0\" lang=\"PT-BR\"><span class=\"v1NormalTextRun v1SCXW22734944 v1BCX0\">Senhora de Guadalupe, pintada prodigiosamente no manto do humilde<\/span><\/span><span class=\"v1LineBreakBlob v1BlobObject v1DragDrop v1SCXW22734944 v1BCX0\"><span class=\"v1SCXW22734944 v1BCX0\">&nbsp;<\/span><\/span><span class=\"v1TextRun v1SCXW22734944 v1BCX0\" lang=\"PT-BR\"><span class=\"v1NormalTextRun v1SCXW22734944 v1BCX0\">ind\u00edgena. Ele levou o manto com a imagem da Sant\u00edssima Virgem para a<\/span><\/span><span class=\"v1LineBreakBlob v1BlobObject v1DragDrop v1SCXW22734944 v1BCX0\"><span class=\"v1SCXW22734944 v1BCX0\">&nbsp;<\/span><\/span><span class=\"v1TextRun v1SCXW22734944 v1BCX0\" lang=\"PT-BR\"><span class=\"v1NormalTextRun v1SCXW22734944 v1BCX0\">capela e, ali, em meio \u00e0s l\u00e1grimas, pediu perd\u00e3o a Nossa Senhora. Era o<\/span><\/span><span class=\"v1LineBreakBlob v1BlobObject v1DragDrop v1SCXW22734944 v1BCX0\"><span class=\"v1SCXW22734944 v1BCX0\">&nbsp;<\/span><\/span><span class=\"v1TextRun v1SCXW22734944 v1BCX0\" lang=\"PT-BR\"><span class=\"v1NormalTextRun v1SCXW22734944 v1BCX0\">dia 12 de dezembro de 1531.<\/span><\/span><span class=\"v1LineBreakBlob v1BlobObject v1DragDrop v1SCXW22734944 v1BCX0\"><span class=\"v1SCXW22734944 v1BCX0\">&nbsp;<\/span><br class=\"v1SCXW22734944 v1BCX0\"><\/span><span class=\"v1TextRun v1SCXW22734944 v1BCX0\" lang=\"PT-BR\"><span class=\"v1NormalTextRun v1SCXW22734944 v1BCX0\">Uma linda confirma\u00e7\u00e3o deu-se quando Juan Diego fora visitar o seu tio,<\/span><\/span><span class=\"v1LineBreakBlob v1BlobObject v1DragDrop v1SCXW22734944 v1BCX0\"><span class=\"v1SCXW22734944 v1BCX0\">&nbsp;<\/span><\/span><span class=\"v1TextRun v1SCXW22734944 v1BCX0\" lang=\"PT-BR\"><span class=\"v1NormalTextRun v1SCXW22734944 v1BCX0\">que sadio narrou: &#8220;Eu tamb\u00e9m a vi. Ela veio a esta casa e falou a mim.<\/span><\/span><span class=\"v1LineBreakBlob v1BlobObject v1DragDrop v1SCXW22734944 v1BCX0\"><span class=\"v1SCXW22734944 v1BCX0\">&nbsp;<\/span><br class=\"v1SCXW22734944 v1BCX0\"><\/span><span class=\"v1TextRun v1SCXW22734944 v1BCX0\" lang=\"PT-BR\"><span class=\"v1NormalTextRun v1SCXW22734944 v1BCX0\">Disse-me tamb\u00e9m que desejava a constru\u00e7\u00e3o de um templo na colina de<\/span><\/span><span class=\"v1LineBreakBlob v1BlobObject v1DragDrop v1SCXW22734944 v1BCX0\"><span class=\"v1SCXW22734944 v1BCX0\">&nbsp;<\/span><\/span><span class=\"v1TextRun v1SCXW22734944 v1BCX0\" lang=\"PT-BR\"><span class=\"v1NormalTextRun v1SpellingErrorV2 v1SCXW22734944 v1BCX0\">Tepeyac<\/span><span class=\"v1NormalTextRun v1SCXW22734944 v1BCX0\">&nbsp;e que sua imagem seria chamada de &#8216;Santa Maria de Guadalupe&#8217;,<\/span><\/span><span class=\"v1LineBreakBlob v1BlobObject v1DragDrop v1SCXW22734944 v1BCX0\"><span class=\"v1SCXW22734944 v1BCX0\">&nbsp;<\/span><\/span><span class=\"v1TextRun v1SCXW22734944 v1BCX0\" lang=\"PT-BR\"><span class=\"v1NormalTextRun v1SCXW22734944 v1BCX0\">embora n\u00e3o tenha explicado o porqu\u00ea&#8221;. Diante de tudo isso, muitos se<\/span><\/span><span class=\"v1LineBreakBlob v1BlobObject v1DragDrop v1SCXW22734944 v1BCX0\"><span class=\"v1SCXW22734944 v1BCX0\">&nbsp;<\/span><\/span><span class=\"v1TextRun v1SCXW22734944 v1BCX0\" lang=\"PT-BR\"><span class=\"v1NormalTextRun v1SCXW22734944 v1BCX0\">converteram e o santu\u00e1rio foi constru\u00eddo.<\/span><\/span><span class=\"v1LineBreakBlob v1BlobObject v1DragDrop v1SCXW22734944 v1BCX0\"><span class=\"v1SCXW22734944 v1BCX0\">&nbsp;<\/span><\/span><\/p>\n<p class=\"v1Paragraph v1SCXW22734944 v1BCX0\" lang=\"PT-BR\"><span class=\"v1TextRun v1SCXW22734944 v1BCX0\" lang=\"PT-BR\"><span class=\"v1NormalTextRun v1SCXW22734944 v1BCX0\">O grande milagre de Nossa Senhora de Guadalupe \u00e9 a sua pr\u00f3pria imagem. O<\/span><\/span><span class=\"v1LineBreakBlob v1BlobObject v1DragDrop v1SCXW22734944 v1BCX0\"><span class=\"v1SCXW22734944 v1BCX0\">&nbsp;<\/span><\/span><span class=\"v1TextRun v1SCXW22734944 v1BCX0\" lang=\"PT-BR\"><span class=\"v1NormalTextRun v1SCXW22734944 v1BCX0\">tecido, feito de cacto, n\u00e3o dura mais do que 20 anos e esse j\u00e1 existe h\u00e1<\/span><\/span><span class=\"v1LineBreakBlob v1BlobObject v1DragDrop v1SCXW22734944 v1BCX0\"><span class=\"v1SCXW22734944 v1BCX0\">&nbsp;<\/span><\/span><span class=\"v1TextRun v1SCXW22734944 v1BCX0\" lang=\"PT-BR\"><span class=\"v1NormalTextRun v1SCXW22734944 v1BCX0\">mais de quatro s\u00e9culos e meio. Durante 16 anos, a tela esteve totalmente<\/span><\/span><span class=\"v1LineBreakBlob v1BlobObject v1DragDrop v1SCXW22734944 v1BCX0\"><span class=\"v1SCXW22734944 v1BCX0\">&nbsp;<\/span><\/span><span class=\"v1TextRun v1SCXW22734944 v1BCX0\" lang=\"PT-BR\"><span class=\"v1NormalTextRun v1SCXW22734944 v1BCX0\">desprotegida, sendo que a imagem nunca foi retocada e, at\u00e9 hoje, os<\/span><\/span><span class=\"v1LineBreakBlob v1BlobObject v1DragDrop v1SCXW22734944 v1BCX0\"><span class=\"v1SCXW22734944 v1BCX0\">&nbsp;<\/span><\/span><span class=\"v1TextRun v1SCXW22734944 v1BCX0\" lang=\"PT-BR\"><span class=\"v1NormalTextRun v1SCXW22734944 v1BCX0\">peritos em pintura e qu\u00edmica n\u00e3o encontraram na tela nenhum sinal de<\/span><\/span><span class=\"v1LineBreakBlob v1BlobObject v1DragDrop v1SCXW22734944 v1BCX0\"><span class=\"v1SCXW22734944 v1BCX0\">&nbsp;<\/span><\/span><span class=\"v1TextRun v1SCXW22734944 v1BCX0\" lang=\"PT-BR\"><span class=\"v1NormalTextRun v1SCXW22734944 v1BCX0\">corrup\u00e7\u00e3o.<\/span><\/span><span class=\"v1LineBreakBlob v1BlobObject v1DragDrop v1SCXW22734944 v1BCX0\"><span class=\"v1SCXW22734944 v1BCX0\">&nbsp;<\/span><\/span><\/p>\n<p class=\"v1Paragraph v1SCXW22734944 v1BCX0\" lang=\"PT-BR\"><span class=\"v1TextRun v1SCXW22734944 v1BCX0\" lang=\"PT-BR\"><span class=\"v1NormalTextRun v1SCXW22734944 v1BCX0\">No ano de 1971, alguns peritos inadvertidamente deixaram cair \u00e1cido<\/span><\/span><span class=\"v1LineBreakBlob v1BlobObject v1DragDrop v1SCXW22734944 v1BCX0\"><span class=\"v1SCXW22734944 v1BCX0\">&nbsp;<\/span><\/span><span class=\"v1TextRun v1SCXW22734944 v1BCX0\" lang=\"PT-BR\"><span class=\"v1NormalTextRun v1SCXW22734944 v1BCX0\">n\u00edtrico sobre toda a pintura. E nem a for\u00e7a de um \u00e1cido t\u00e3o corrosivo<\/span><\/span><span class=\"v1LineBreakBlob v1BlobObject v1DragDrop v1SCXW22734944 v1BCX0\"><span class=\"v1SCXW22734944 v1BCX0\">&nbsp;<\/span><\/span><span class=\"v1TextRun v1SCXW22734944 v1BCX0\" lang=\"PT-BR\"><span class=\"v1NormalTextRun v1SCXW22734944 v1BCX0\">estragou ou manchou a imagem. Com a inven\u00e7\u00e3o e amplia\u00e7\u00e3o da fotografia,<\/span><\/span><span class=\"v1LineBreakBlob v1BlobObject v1DragDrop v1SCXW22734944 v1BCX0\"><span class=\"v1SCXW22734944 v1BCX0\">&nbsp;<\/span><\/span><span class=\"v1TextRun v1SCXW22734944 v1BCX0\" lang=\"PT-BR\"><span class=\"v1NormalTextRun v1SCXW22734944 v1BCX0\">descobriu-se que, assim como a figura das pessoas com as quais falamos<\/span><\/span><span class=\"v1LineBreakBlob v1BlobObject v1DragDrop v1SCXW22734944 v1BCX0\"><span class=\"v1SCXW22734944 v1BCX0\">&nbsp;<\/span><\/span><span class=\"v1TextRun v1SCXW22734944 v1BCX0\" lang=\"PT-BR\"><span class=\"v1NormalTextRun v1SCXW22734944 v1BCX0\">se reflete em nossos olhos, da mesma forma, a figura de Juan Diego, do<\/span><\/span><span class=\"v1LineBreakBlob v1BlobObject v1DragDrop v1SCXW22734944 v1BCX0\"><span class=\"v1SCXW22734944 v1BCX0\">&nbsp;<\/span><\/span><span class=\"v1TextRun v1SCXW22734944 v1BCX0\" lang=\"PT-BR\"><span class=\"v1NormalTextRun v1SCXW22734944 v1BCX0\">referido bispo e do int\u00e9rprete se refletiu e ficou gravada nos olhos do<\/span><\/span><span class=\"v1LineBreakBlob v1BlobObject v1DragDrop v1SCXW22734944 v1BCX0\"><span class=\"v1SCXW22734944 v1BCX0\">&nbsp;<\/span><\/span><span class=\"v1TextRun v1SCXW22734944 v1BCX0\" lang=\"PT-BR\"><span class=\"v1NormalTextRun v1SCXW22734944 v1BCX0\">quadro de Nossa Senhora. Cientistas americanos chegaram \u00e0 conclus\u00e3o de<\/span><\/span><span class=\"v1LineBreakBlob v1BlobObject v1DragDrop v1SCXW22734944 v1BCX0\"><span class=\"v1SCXW22734944 v1BCX0\">&nbsp;<\/span><\/span><span class=\"v1TextRun v1SCXW22734944 v1BCX0\" lang=\"PT-BR\"><span class=\"v1NormalTextRun v1SCXW22734944 v1BCX0\">que essas tr\u00eas figuras estampadas nos olhos de Nossa Senhora n\u00e3o s\u00e3o<\/span><\/span><span class=\"v1LineBreakBlob v1BlobObject v1DragDrop v1SCXW22734944 v1BCX0\"><span class=\"v1SCXW22734944 v1BCX0\">&nbsp;<\/span><\/span><span class=\"v1TextRun v1SCXW22734944 v1BCX0\" lang=\"PT-BR\"><span class=\"v1NormalTextRun v1SCXW22734944 v1BCX0\">pinturas, mas imagens gravadas nos olhos de uma pessoa viva.<\/span><\/span><span class=\"v1LineBreakBlob v1BlobObject v1DragDrop v1SCXW22734944 v1BCX0\"><span class=\"v1SCXW22734944 v1BCX0\">&nbsp;<\/span><\/span><\/p>\n<p class=\"v1Paragraph v1SCXW22734944 v1BCX0\" lang=\"PT-BR\"><span class=\"v1TextRun v1SCXW22734944 v1BCX0\" lang=\"PT-BR\"><span class=\"v1NormalTextRun v1SCXW22734944 v1BCX0\">Declarou o Papa Bento XIV, em 1754: &#8220;Nela tudo \u00e9 milagroso: uma Imagem<\/span><\/span><span class=\"v1LineBreakBlob v1BlobObject v1DragDrop v1SCXW22734944 v1BCX0\"><span class=\"v1SCXW22734944 v1BCX0\">&nbsp;<\/span><\/span><span class=\"v1TextRun v1SCXW22734944 v1BCX0\" lang=\"PT-BR\"><span class=\"v1NormalTextRun v1SCXW22734944 v1BCX0\">que prov\u00e9m de flores colhidas num terreno totalmente est\u00e9ril, no qual s\u00f3<\/span><\/span><span class=\"v1LineBreakBlob v1BlobObject v1DragDrop v1SCXW22734944 v1BCX0\"><span class=\"v1SCXW22734944 v1BCX0\">&nbsp;<\/span><\/span><span class=\"v1TextRun v1SCXW22734944 v1BCX0\" lang=\"PT-BR\"><span class=\"v1NormalTextRun v1SCXW22734944 v1BCX0\">podem crescer espinheiros&#8230; Uma Imagem estampada numa tela t\u00e3o rala que<\/span><\/span><span class=\"v1LineBreakBlob v1BlobObject v1DragDrop v1SCXW22734944 v1BCX0\"><span class=\"v1SCXW22734944 v1BCX0\">&nbsp;<\/span><\/span><span class=\"v1TextRun v1SCXW22734944 v1BCX0\" lang=\"PT-BR\"><span class=\"v1NormalTextRun v1SCXW22734944 v1BCX0\">atrav\u00e9s dela pode se enxergar o povo e a nave da Igreja&#8230; Deus n\u00e3o agiu<\/span><\/span><span class=\"v1LineBreakBlob v1BlobObject v1DragDrop v1SCXW22734944 v1BCX0\"><span class=\"v1SCXW22734944 v1BCX0\">&nbsp;<\/span><\/span><span class=\"v1TextRun v1SCXW22734944 v1BCX0\" lang=\"PT-BR\"><span class=\"v1NormalTextRun v1SCXW22734944 v1BCX0\">assim com nenhuma outra na\u00e7\u00e3o&#8221;.<\/span><\/span><span class=\"v1LineBreakBlob v1BlobObject v1DragDrop v1SCXW22734944 v1BCX0\"><span class=\"v1SCXW22734944 v1BCX0\">&nbsp;<\/span><br class=\"v1SCXW22734944 v1BCX0\"><\/span><span class=\"v1TextRun v1SCXW22734944 v1BCX0\" lang=\"PT-BR\"><span class=\"v1NormalTextRun v1SCXW22734944 v1BCX0\">Coroada em 1875 durante o Pontificado de Le\u00e3o XIII, Nossa Senhora de<\/span><\/span><span class=\"v1LineBreakBlob v1BlobObject v1DragDrop v1SCXW22734944 v1BCX0\"><span class=\"v1SCXW22734944 v1BCX0\">&nbsp;<\/span><\/span><span class=\"v1TextRun v1SCXW22734944 v1BCX0\" lang=\"PT-BR\"><span class=\"v1NormalTextRun v1SCXW22734944 v1BCX0\">Guadalupe foi declarada &#8220;Padroeira de toda a Am\u00e9rica&#8221;, pelo Papa Pio XII<\/span><\/span><span class=\"v1LineBreakBlob v1BlobObject v1DragDrop v1SCXW22734944 v1BCX0\"><span class=\"v1SCXW22734944 v1BCX0\">&nbsp;<\/span><\/span><span class=\"v1TextRun v1SCXW22734944 v1BCX0\" lang=\"PT-BR\"><span class=\"v1NormalTextRun v1SCXW22734944 v1BCX0\">no dia 12 de outubro de 1945.<\/span><\/span><span class=\"v1LineBreakBlob v1BlobObject v1DragDrop v1SCXW22734944 v1BCX0\"><span class=\"v1SCXW22734944 v1BCX0\">&nbsp;<\/span><br class=\"v1SCXW22734944 v1BCX0\"><\/span><span class=\"v1TextRun v1SCXW22734944 v1BCX0\" lang=\"PT-BR\"><span class=\"v1NormalTextRun v1SCXW22734944 v1BCX0\">No dia 27 de janeiro de 1979, durante sua viagem apost\u00f3lica ao M\u00e9xico, o<\/span><\/span><span class=\"v1LineBreakBlob v1BlobObject v1DragDrop v1SCXW22734944 v1BCX0\"><span class=\"v1SCXW22734944 v1BCX0\">&nbsp;<\/span><\/span><span class=\"v1TextRun v1SCXW22734944 v1BCX0\" lang=\"PT-BR\"><span class=\"v1NormalTextRun v1SCXW22734944 v1BCX0\">Papa Jo\u00e3o Paulo II visitou o Santu\u00e1rio de Nossa Senhora de Guadalupe e<\/span><\/span><span class=\"v1LineBreakBlob v1BlobObject v1DragDrop v1SCXW22734944 v1BCX0\"><span class=\"v1SCXW22734944 v1BCX0\">&nbsp;<\/span><\/span><span class=\"v1TextRun v1SCXW22734944 v1BCX0\" lang=\"PT-BR\"><span class=\"v1NormalTextRun v1SCXW22734944 v1BCX0\">consagrou a M\u00e3e Sant\u00edssima toda a Am\u00e9rica Latina, da qual a Virgem de<\/span><\/span><span class=\"v1LineBreakBlob v1BlobObject v1DragDrop v1SCXW22734944 v1BCX0\"><span class=\"v1SCXW22734944 v1BCX0\">&nbsp;<\/span><\/span><span class=\"v1TextRun v1SCXW22734944 v1BCX0\" lang=\"PT-BR\"><span class=\"v1NormalTextRun v1SCXW22734944 v1BCX0\">Guadalupe&nbsp;<\/span><span class=\"v1NormalTextRun v1ContextualSpellingAndGrammarErrorV2 v1SCXW22734944 v1BCX0\">\u00e9 Padroeira<\/span><span class=\"v1NormalTextRun v1SCXW22734944 v1BCX0\">.<\/span><\/span><span class=\"v1EOP v1SCXW22734944 v1BCX0\">&nbsp;<\/span><\/p>\n<\/div>\n<div class=\"v1OutlineElement v1Ltr v1BCX0 v1SCXW22734944\">\n<p class=\"v1Paragraph v1SCXW22734944 v1BCX0\"><span class=\"v1EOP v1SCXW22734944 v1BCX0\">&nbsp;<\/span><\/p>\n<\/div>\n","protected":false},"excerpt":{"rendered":"<p>A Diocese de&nbsp;Ilh\u00e9us&nbsp;est\u00e1 festejando&nbsp;Nossa Senhora de Guadalupe, na cidade de Ilh\u00e9us&nbsp;(BA).&nbsp;O Noven\u00e1rio teve in\u00edcio no dia 3 deste m\u00eas e segue at\u00e9 o dia 11. O grande dia festivo acontece no dia 12.&nbsp;A&nbsp;par\u00f3quia fica situada no&nbsp;bairro&nbsp;&nbsp;Alto&nbsp;da&nbsp;Boa Vista.&nbsp;Na diocese de Itabuna, tamb\u00e9m festeja&nbsp; a Santa, no bairro Parque Boa Vista.O Dia de Nossa Senhora de Guadalupe&nbsp;<\/p>\n<p><a class=\"btn btn-style\" href=\"https:\/\/portalcatolico.net\/portal\/fieis-celebram-nossa-senhora-de-guadalupe\/\">Continue Reading<\/a><\/p>\n","protected":false},"author":2,"featured_media":62348,"comment_status":"open","ping_status":"open","sticky":false,"template":"","format":"standard","meta":{"footnotes":""},"categories":[3],"tags":[],"class_list":["post-74257","post","type-post","status-publish","format-standard","has-post-thumbnail","hentry","category-noticias_regionais"],"_links":{"self":[{"href":"https:\/\/portalcatolico.net\/portal\/wp-json\/wp\/v2\/posts\/74257","targetHints":{"allow":["GET"]}}],"collection":[{"href":"https:\/\/portalcatolico.net\/portal\/wp-json\/wp\/v2\/posts"}],"about":[{"href":"https:\/\/portalcatolico.net\/portal\/wp-json\/wp\/v2\/types\/post"}],"author":[{"embeddable":true,"href":"https:\/\/portalcatolico.net\/portal\/wp-json\/wp\/v2\/users\/2"}],"replies":[{"embeddable":true,"href":"https:\/\/portalcatolico.net\/portal\/wp-json\/wp\/v2\/comments?post=74257"}],"version-history":[{"count":1,"href":"https:\/\/portalcatolico.net\/portal\/wp-json\/wp\/v2\/posts\/74257\/revisions"}],"predecessor-version":[{"id":74258,"href":"https:\/\/portalcatolico.net\/portal\/wp-json\/wp\/v2\/posts\/74257\/revisions\/74258"}],"wp:featuredmedia":[{"embeddable":true,"href":"https:\/\/portalcatolico.net\/portal\/wp-json\/wp\/v2\/media\/62348"}],"wp:attachment":[{"href":"https:\/\/portalcatolico.net\/portal\/wp-json\/wp\/v2\/media?parent=74257"}],"wp:term":[{"taxonomy":"category","embeddable":true,"href":"https:\/\/portalcatolico.net\/portal\/wp-json\/wp\/v2\/categories?post=74257"},{"taxonomy":"post_tag","embeddable":true,"href":"https:\/\/portalcatolico.net\/portal\/wp-json\/wp\/v2\/tags?post=74257"}],"curies":[{"name":"wp","href":"https:\/\/api.w.org\/{rel}","templated":true}]}}