{"id":74213,"date":"2021-12-01T19:38:23","date_gmt":"2021-12-01T22:38:23","guid":{"rendered":"http:\/\/portalcatolico.net\/portal\/?p=74213"},"modified":"2021-12-01T19:38:23","modified_gmt":"2021-12-01T22:38:23","slug":"missa-com-parlamentares-na-sede-da-cnbb-sera-nesta-quinta-feira-2-uma-manifestacao-de-fe","status":"publish","type":"post","link":"https:\/\/portalcatolico.net\/portal\/missa-com-parlamentares-na-sede-da-cnbb-sera-nesta-quinta-feira-2-uma-manifestacao-de-fe\/","title":{"rendered":"MISSA COM PARLAMENTARES NA SEDE DA CNBB SER\u00c1 NESTA QUINTA-FEIRA, 2: \u201cUMA MANIFESTA\u00c7\u00c3O DE F\u00c9\u201d"},"content":{"rendered":"<p>A tradicional Missa com Parlamentares na sede da Confer\u00eancia Nacional dos Bispos do Brasil (CNBB) ser\u00e1 celebrada na pr\u00f3xima quinta-feira, 2 de dezembro, \u00e0s 8h. Com a participa\u00e7\u00e3o de deputados e senadores cat\u00f3licos, ser\u00e1 presidida pelo bispo auxiliar da arquidiocese do Rio de Janeiro e secret\u00e1rio-geral da Confer\u00eancia, dom Joel Portella Amado. A iniciativa \u00e9 organizada pela Assessoria Pol\u00edtica da CNBB.<\/p>\n<blockquote><p>\u201cMais do que um evento formal, \u00e9 uma manifesta\u00e7\u00e3o de f\u00e9. Seguindo toda as normas de seguran\u00e7a, ser\u00e1 uma ocasi\u00e3o agrad\u00e1vel de, ao redor p\u00e3o consagrado e da Palavra proclamada, reencontrar aqueles que j\u00e1 frequentavam as missas mensais, para uma celebra\u00e7\u00e3o de final de ano. Vamos rezar por aqueles que perderam suas vidas nesse per\u00edodo, agradecer pelos curados e renovar nossa esperan\u00e7a em Deus para o pr\u00f3ximo ano\u201d, motiva o assessor pol\u00edtico da CNBB, padre Paulo Renato Campos.<\/p><\/blockquote>\n<p>A tradicional Missa dos Parlamentares \u00e9 um costume antigo na CNBB. A celebra\u00e7\u00e3o eucar\u00edstica que ocorre sempre na terceira quinta-feira de cada m\u00eas, \u00e0s 8h, ser\u00e1 retomada a partir de dezembro depois da suspens\u00e3o devido \u00e0 pandemia da Covid-19.<\/p>\n<p>A Missa com os Parlamentares havia sido retomada no dia 19 de setembro de 2019 e teve como presidente da celebra\u00e7\u00e3o o arcebispo de Belo Horizonte (MG) e presidente da entidade, dom Walmor Oliveira de Azevedo.(CNBB)<\/p>\n","protected":false},"excerpt":{"rendered":"<p>A tradicional Missa com Parlamentares na sede da Confer\u00eancia Nacional dos Bispos do Brasil (CNBB) ser\u00e1 celebrada na pr\u00f3xima quinta-feira, 2 de dezembro, \u00e0s 8h. Com a participa\u00e7\u00e3o de deputados e senadores cat\u00f3licos, ser\u00e1 presidida pelo bispo auxiliar da arquidiocese do Rio de Janeiro e secret\u00e1rio-geral da Confer\u00eancia, dom Joel Portella Amado. A iniciativa \u00e9&nbsp;<\/p>\n<p><a class=\"btn btn-style\" href=\"https:\/\/portalcatolico.net\/portal\/missa-com-parlamentares-na-sede-da-cnbb-sera-nesta-quinta-feira-2-uma-manifestacao-de-fe\/\">Continue Reading<\/a><\/p>\n","protected":false},"author":2,"featured_media":74214,"comment_status":"open","ping_status":"open","sticky":false,"template":"","format":"standard","meta":{"footnotes":""},"categories":[4],"tags":[],"class_list":["post-74213","post","type-post","status-publish","format-standard","has-post-thumbnail","hentry","category-destaques"],"_links":{"self":[{"href":"https:\/\/portalcatolico.net\/portal\/wp-json\/wp\/v2\/posts\/74213","targetHints":{"allow":["GET"]}}],"collection":[{"href":"https:\/\/portalcatolico.net\/portal\/wp-json\/wp\/v2\/posts"}],"about":[{"href":"https:\/\/portalcatolico.net\/portal\/wp-json\/wp\/v2\/types\/post"}],"author":[{"embeddable":true,"href":"https:\/\/portalcatolico.net\/portal\/wp-json\/wp\/v2\/users\/2"}],"replies":[{"embeddable":true,"href":"https:\/\/portalcatolico.net\/portal\/wp-json\/wp\/v2\/comments?post=74213"}],"version-history":[{"count":1,"href":"https:\/\/portalcatolico.net\/portal\/wp-json\/wp\/v2\/posts\/74213\/revisions"}],"predecessor-version":[{"id":74215,"href":"https:\/\/portalcatolico.net\/portal\/wp-json\/wp\/v2\/posts\/74213\/revisions\/74215"}],"wp:featuredmedia":[{"embeddable":true,"href":"https:\/\/portalcatolico.net\/portal\/wp-json\/wp\/v2\/media\/74214"}],"wp:attachment":[{"href":"https:\/\/portalcatolico.net\/portal\/wp-json\/wp\/v2\/media?parent=74213"}],"wp:term":[{"taxonomy":"category","embeddable":true,"href":"https:\/\/portalcatolico.net\/portal\/wp-json\/wp\/v2\/categories?post=74213"},{"taxonomy":"post_tag","embeddable":true,"href":"https:\/\/portalcatolico.net\/portal\/wp-json\/wp\/v2\/tags?post=74213"}],"curies":[{"name":"wp","href":"https:\/\/api.w.org\/{rel}","templated":true}]}}