{"id":74098,"date":"2021-11-17T19:48:38","date_gmt":"2021-11-17T22:48:38","guid":{"rendered":"http:\/\/portalcatolico.net\/portal\/?p=74098"},"modified":"2021-11-17T19:48:38","modified_gmt":"2021-11-17T22:48:38","slug":"nossa-senhora-da-conceicao-da-praia-padroeira-do-estado-da-bahia-sera-homenageada-por-fieis-em-salvador","status":"publish","type":"post","link":"https:\/\/portalcatolico.net\/portal\/nossa-senhora-da-conceicao-da-praia-padroeira-do-estado-da-bahia-sera-homenageada-por-fieis-em-salvador\/","title":{"rendered":"Nossa Senhora da Concei\u00e7\u00e3o da Praia, Padroeira do Estado da Bahia, ser\u00e1 homenageada por fi\u00e9is em Salvador"},"content":{"rendered":"<p><strong><em>A abertura dos festejos acontecer\u00e1 no pr\u00f3ximo dia 21, e o noven\u00e1rio seguir\u00e1 de 29 de novembro a 7 de dezembro<\/em><\/strong><\/p>\n<p>A Padroeira do Estado da Bahia, Nossa Senhora da Concei\u00e7\u00e3o da Praia, ser\u00e1 homenageada na Bas\u00edlica Santu\u00e1rio dedicada a ela, localizada em Salvador, por devotos de diferentes cidades, como acontece anualmente. O noven\u00e1rio, que ter\u00e1 in\u00edcio no dia 29 de novembro e seguir\u00e1 at\u00e9 o dia 7 de dezembro, ter\u00e1 como tema central \u201cNossa Senhora da Concei\u00e7\u00e3o da Praia, mulher eucar\u00edstica, nos ensina a urg\u00eancia da primazia da ora\u00e7\u00e3o, da Palavra, da caridade e da miss\u00e3o\u201d.<\/p>\n<p>Antes do noven\u00e1rio, mas tamb\u00e9m como parte da programa\u00e7\u00e3o, na Solenidade de Cristo Rei do Universo \u2013 celebrada no dia 21 de novembro \u2013 acontecer\u00e1 a abertura da festa, com Missa \u00e0s 7h30, presidida pelo bispo auxiliar da Arquidiocese de Salvador, Dom Marco Eug\u00eanio Galr\u00e3o Leite de Almeida. Em seguida, haver\u00e1 o hasteamento das bandeiras e, logo ap\u00f3s, ter\u00e1 in\u00edcio a carreata, que sair\u00e1 da Bas\u00edlica e passar\u00e1 pelo Com\u00e9rcio, Avenida Carlos Gomes, Corredor da Vit\u00f3ria, Barra, Ondina, Rio Vermelho, Amaralina, Pituba, retornando para a Bas\u00edlica.<\/p>\n<p>J\u00e1 de 29 de novembro a 7 de dezembro os devotos poder\u00e3o participar da novena, que acontecer\u00e1 sempre \u00e0s 19h, mediante agendamento pr\u00e9vio atrav\u00e9s do telefone (71) 3038-6250. A programa\u00e7\u00e3o durante os nove dias conta, ainda, com momentos de ora\u00e7\u00e3o, chamados de Jornada, com in\u00edcio \u00e0s 14h30, reunindo membros de grupos, movimentos, pastorais e novas comunidades, al\u00e9m da Missa da Novena, celebrada diariamente \u00e0s 16h30. Na v\u00e9spera do Dia Solene, 7 de dezembro, al\u00e9m da Jornada, \u00e0s 14h30; da Celebra\u00e7\u00e3o Eucar\u00edstica, \u00e0s 16h30 e da novena, \u00e0s 19h, os fi\u00e9is s\u00e3o conclamados a participarem das Missas da Vig\u00edlia da Imaculada, \u00e0s 12h e \u00e0s 15h.<\/p>\n<p>No dia dedicado \u00e0 Imaculada Concei\u00e7\u00e3o, 8 de dezembro, haver\u00e1 Missas \u00e0s 4h, 5h, 6h, 7h30, 12h, 14h e 17h (esta \u00e9 a Missa da Amizade, por todos os fi\u00e9is que colaboram para a realiza\u00e7\u00e3o da festa). O \u00e1pice dos festejos ser\u00e1 a Missa Solene, presidida pelo Arcebispo de Salvador e Primaz do Brasil, Cardeal Dom Sergio da Rocha, \u00e0s 9h30, seguida de Coroa\u00e7\u00e3o Can\u00f4nica.<\/p>\n<p>Por volta das 11h acontecer\u00e1 uma carreata, que passar\u00e1 em frente aos locais onde tem sido desenvolvida a miss\u00e3o da Pastoral do Turismo Religioso: Bas\u00edlica Nossa Senhora da Concei\u00e7\u00e3o da Praia, Igreja Nossa Senhora do Pilar e Santa Luzia, Matriz da Par\u00f3quia Nossa Senhora dos Mares, Memorial Santa Dulce dos Pobres, Bas\u00edlica Santu\u00e1rio Senhor Bom Jesus do Bonfim, Santu\u00e1rio S\u00e3o Jos\u00e9, Matriz da Par\u00f3quia Nossa Senhora da Boa Viagem, retornando at\u00e9 a Bas\u00edlica da Concei\u00e7\u00e3o da Praia.<\/p>\n<p>Enquanto a carreata estiver passando pelas ruas da Cidade Baixa, os fi\u00e9is que estiverem dentro da Bas\u00edlica poder\u00e3o participar da adora\u00e7\u00e3o ao Sant\u00edssimo Sacramento, que ter\u00e1 in\u00edcio \u00e0s 11h30. Toda a programa\u00e7\u00e3o ser\u00e1 transmitida, ao vivo, pelo Youtube [para localizar, o internauta deve inserir \u201cBas\u00edlica Santu\u00e1rio Nossa Senhora da Concei\u00e7\u00e3o da Praia\u201d na caixa de busca].<\/p>\n<p>Por: Sara Gomes<\/p>\n","protected":false},"excerpt":{"rendered":"<p>A abertura dos festejos acontecer\u00e1 no pr\u00f3ximo dia 21, e o noven\u00e1rio seguir\u00e1 de 29 de novembro a 7 de dezembro A Padroeira do Estado da Bahia, Nossa Senhora da Concei\u00e7\u00e3o da Praia, ser\u00e1 homenageada na Bas\u00edlica Santu\u00e1rio dedicada a ela, localizada em Salvador, por devotos de diferentes cidades, como acontece anualmente. O noven\u00e1rio, que&nbsp;<\/p>\n<p><a class=\"btn btn-style\" href=\"https:\/\/portalcatolico.net\/portal\/nossa-senhora-da-conceicao-da-praia-padroeira-do-estado-da-bahia-sera-homenageada-por-fieis-em-salvador\/\">Continue Reading<\/a><\/p>\n","protected":false},"author":2,"featured_media":74099,"comment_status":"open","ping_status":"open","sticky":false,"template":"","format":"standard","meta":{"footnotes":""},"categories":[3],"tags":[],"class_list":["post-74098","post","type-post","status-publish","format-standard","has-post-thumbnail","hentry","category-noticias_regionais"],"_links":{"self":[{"href":"https:\/\/portalcatolico.net\/portal\/wp-json\/wp\/v2\/posts\/74098","targetHints":{"allow":["GET"]}}],"collection":[{"href":"https:\/\/portalcatolico.net\/portal\/wp-json\/wp\/v2\/posts"}],"about":[{"href":"https:\/\/portalcatolico.net\/portal\/wp-json\/wp\/v2\/types\/post"}],"author":[{"embeddable":true,"href":"https:\/\/portalcatolico.net\/portal\/wp-json\/wp\/v2\/users\/2"}],"replies":[{"embeddable":true,"href":"https:\/\/portalcatolico.net\/portal\/wp-json\/wp\/v2\/comments?post=74098"}],"version-history":[{"count":1,"href":"https:\/\/portalcatolico.net\/portal\/wp-json\/wp\/v2\/posts\/74098\/revisions"}],"predecessor-version":[{"id":74100,"href":"https:\/\/portalcatolico.net\/portal\/wp-json\/wp\/v2\/posts\/74098\/revisions\/74100"}],"wp:featuredmedia":[{"embeddable":true,"href":"https:\/\/portalcatolico.net\/portal\/wp-json\/wp\/v2\/media\/74099"}],"wp:attachment":[{"href":"https:\/\/portalcatolico.net\/portal\/wp-json\/wp\/v2\/media?parent=74098"}],"wp:term":[{"taxonomy":"category","embeddable":true,"href":"https:\/\/portalcatolico.net\/portal\/wp-json\/wp\/v2\/categories?post=74098"},{"taxonomy":"post_tag","embeddable":true,"href":"https:\/\/portalcatolico.net\/portal\/wp-json\/wp\/v2\/tags?post=74098"}],"curies":[{"name":"wp","href":"https:\/\/api.w.org\/{rel}","templated":true}]}}