{"id":74095,"date":"2021-11-16T19:27:02","date_gmt":"2021-11-16T22:27:02","guid":{"rendered":"http:\/\/portalcatolico.net\/portal\/?p=74095"},"modified":"2021-11-16T19:27:02","modified_gmt":"2021-11-16T22:27:02","slug":"a-missao-da-igreja-do-concilio-vaticano-ii-a-conferencia-de-aparecida","status":"publish","type":"post","link":"https:\/\/portalcatolico.net\/portal\/a-missao-da-igreja-do-concilio-vaticano-ii-a-conferencia-de-aparecida\/","title":{"rendered":"A miss\u00e3o da Igreja: do Conc\u00edlio Vaticano II \u00e0 Confer\u00eancia de Aparecida"},"content":{"rendered":"<p>O&nbsp;<b>Conc\u00edlio Vaticano II<\/b>, realizado entre os anos de&nbsp;<b>1962 e 1965<\/b>, provocou muitas&nbsp;<b>mudan\u00e7as na Igreja<\/b>, com o objetivo de&nbsp;<b>inseri-la na realidade do mundo moderno.<\/b><\/p>\n<p>Uma Igreja&nbsp;<b>fechada em seus dogmas<\/b>&nbsp;estava, cada vez mais,<b>&nbsp;distante da realidade das pessoas<\/b>. A&nbsp;<b>necess\u00e1ria renova\u00e7\u00e3o<\/b>&nbsp;come\u00e7ou nesse Conc\u00edlio, que abordou temas relevantes que&nbsp;<b>mudaram a compreens\u00e3o da Igreja sobre sua presen\u00e7a na sociedade.<\/b>&nbsp;Foram repensados v\u00e1rios temas e posturas que&nbsp;<b>reconduziram a Igreja a cumprir o seu papel: anunciar e testemunhar a presen\u00e7a de Jesus Cristo no mundo contempor\u00e2neo.<\/b><\/p>\n<p>O&nbsp;<b>leigo<\/b>, nesse Conc\u00edlio, de coadjuvante,<b>&nbsp;tornou-se protagonista na miss\u00e3o da Igreja<\/b>, ou seja, merecidamente, o leigo teve o seu trabalho reconhecido. A Constitui\u00e7\u00e3o Dogm\u00e1tica&nbsp;<i>Lumen Gentium<\/i>&nbsp;afirma:<\/p>\n<p><i>\u201cOs sagrados pastores conhecem, com efeito, perfeitamente quanto os leigos contribuem para o bem de toda a Igreja\u201d (LG30).<\/i><\/p>\n<p>A<b>&nbsp;miss\u00e3o da Igreja na Am\u00e9rica Latina<\/b>, impulsionada pelo<b>&nbsp;Conc\u00edlio Vaticano II<\/b>, foi renovada na&nbsp;<b>Confer\u00eancia de Aparecida<\/b>. Nessa Confer\u00eancia<b>, a Igreja renovou a sua op\u00e7\u00e3o de estar presente no meio do povo para ser fiel \u00e0 sua miss\u00e3o de levar o Evangelho a todos os povos<\/b>&nbsp;(Mt 28,19).<\/p>\n<p>O&nbsp;<b>protagonismo do leigo<\/b>, conquistado no Conc\u00edlio Vaticano II,&nbsp;<b>ganhou um novo impulso a partir dessa Confer\u00eancia<\/b>. A miss\u00e3o da Igreja em anunciar Jesus Cristo&nbsp;<b>n\u00e3o \u00e9 mais restrita ao clero e aos consagrados, mas&nbsp;<u>se estende a todos os batizados.<\/u><\/b><\/p>\n<p>O&nbsp;<b>Documento de Aparecida<\/b>&nbsp;afirma:<\/p>\n<p><i>\u201cA evangeliza\u00e7\u00e3o do Continente, dizia-nos o Papa Jo\u00e3o Paulo II, n\u00e3o pode realizar-se hoje sem a colabora\u00e7\u00e3o dos fi\u00e9is leigos\u201d (DAp 213).<\/i><\/p>\n<p>A miss\u00e3o da Igreja &#8211; que somos n\u00f3s &#8211; \u00e9&nbsp;<b>ser sinal da Gra\u00e7a de Deus no mundo e para o mundo.<\/b><\/p>\n<p>Foto:Vera de Souza (Arquivo Jornal Santu\u00e1rio)<\/p>\n<p>Por :<b>Pe. Luiz Almir Gon\u00e7alves, C.Ss.R.\/A12<\/b><\/p>\n<p>&nbsp;<\/p>\n","protected":false},"excerpt":{"rendered":"<p>O&nbsp;Conc\u00edlio Vaticano II, realizado entre os anos de&nbsp;1962 e 1965, provocou muitas&nbsp;mudan\u00e7as na Igreja, com o objetivo de&nbsp;inseri-la na realidade do mundo moderno. Uma Igreja&nbsp;fechada em seus dogmas&nbsp;estava, cada vez mais,&nbsp;distante da realidade das pessoas. A&nbsp;necess\u00e1ria renova\u00e7\u00e3o&nbsp;come\u00e7ou nesse Conc\u00edlio, que abordou temas relevantes que&nbsp;mudaram a compreens\u00e3o da Igreja sobre sua presen\u00e7a na sociedade.&nbsp;Foram repensados v\u00e1rios&nbsp;<\/p>\n<p><a class=\"btn btn-style\" href=\"https:\/\/portalcatolico.net\/portal\/a-missao-da-igreja-do-concilio-vaticano-ii-a-conferencia-de-aparecida\/\">Continue Reading<\/a><\/p>\n","protected":false},"author":2,"featured_media":74096,"comment_status":"open","ping_status":"open","sticky":false,"template":"","format":"standard","meta":{"footnotes":""},"categories":[3],"tags":[],"class_list":["post-74095","post","type-post","status-publish","format-standard","has-post-thumbnail","hentry","category-noticias_regionais"],"_links":{"self":[{"href":"https:\/\/portalcatolico.net\/portal\/wp-json\/wp\/v2\/posts\/74095","targetHints":{"allow":["GET"]}}],"collection":[{"href":"https:\/\/portalcatolico.net\/portal\/wp-json\/wp\/v2\/posts"}],"about":[{"href":"https:\/\/portalcatolico.net\/portal\/wp-json\/wp\/v2\/types\/post"}],"author":[{"embeddable":true,"href":"https:\/\/portalcatolico.net\/portal\/wp-json\/wp\/v2\/users\/2"}],"replies":[{"embeddable":true,"href":"https:\/\/portalcatolico.net\/portal\/wp-json\/wp\/v2\/comments?post=74095"}],"version-history":[{"count":1,"href":"https:\/\/portalcatolico.net\/portal\/wp-json\/wp\/v2\/posts\/74095\/revisions"}],"predecessor-version":[{"id":74097,"href":"https:\/\/portalcatolico.net\/portal\/wp-json\/wp\/v2\/posts\/74095\/revisions\/74097"}],"wp:featuredmedia":[{"embeddable":true,"href":"https:\/\/portalcatolico.net\/portal\/wp-json\/wp\/v2\/media\/74096"}],"wp:attachment":[{"href":"https:\/\/portalcatolico.net\/portal\/wp-json\/wp\/v2\/media?parent=74095"}],"wp:term":[{"taxonomy":"category","embeddable":true,"href":"https:\/\/portalcatolico.net\/portal\/wp-json\/wp\/v2\/categories?post=74095"},{"taxonomy":"post_tag","embeddable":true,"href":"https:\/\/portalcatolico.net\/portal\/wp-json\/wp\/v2\/tags?post=74095"}],"curies":[{"name":"wp","href":"https:\/\/api.w.org\/{rel}","templated":true}]}}