{"id":74037,"date":"2021-11-09T19:39:18","date_gmt":"2021-11-09T22:39:18","guid":{"rendered":"http:\/\/portalcatolico.net\/portal\/?p=74037"},"modified":"2021-11-09T19:39:18","modified_gmt":"2021-11-09T22:39:18","slug":"estao-abertas-as-inscricoes-para-o-2o-encontro-nacional-da-economia-de-francisco-e-clara","status":"publish","type":"post","link":"https:\/\/portalcatolico.net\/portal\/estao-abertas-as-inscricoes-para-o-2o-encontro-nacional-da-economia-de-francisco-e-clara\/","title":{"rendered":"EST\u00c3O ABERTAS AS INSCRI\u00c7\u00d5ES PARA O 2\u00ba ENCONTRO NACIONAL DA ECONOMIA DE FRANCISCO E CLARA"},"content":{"rendered":"<p>Est\u00e3o abertas as inscri\u00e7\u00f5es para o 2\u00ba Encontro Nacional da Economia de Francisco e Clara, realizado pela Articula\u00e7\u00e3o Brasileira pela Economia de Francisco e Clara em parceria com a PUC Minas, que acontece nos dias 19 e 20 de novembro.<\/p>\n<p>O evento ter\u00e1 como tema&nbsp;<strong>\u2018Territ\u00f3rios, coletividade e pr\u00e1ticas econ\u00f4micas alternativas\u2019<\/strong>. A proposta \u00e9 que o evento seja um ponto convergente de for\u00e7as a fim de avaliar os avan\u00e7os da proposta de constru\u00e7\u00e3o da Economia de Francisco e Clara no Brasil. As inscri\u00e7\u00f5es s\u00e3o gratuitas e podem ser feitas no site:&nbsp;<strong><a href=\"http:\/\/economiadefranciscoeclara.com.br\/ii-encontro-nacional\/\" target=\"_blank\" rel=\"noopener\">&nbsp;economiadefranciscoeclara.com.br<\/a><\/strong><\/p>\n<p>O Semin\u00e1rio, que ser\u00e1 totalmente virtual, ter\u00e1 no s\u00e1bado, 20, um encontro por grandes regi\u00f5es, al\u00e9m de uma feira de boas pr\u00e1ticas em que ser\u00e3o apresentadas diversas experi\u00eancias como os Bancos Comunit\u00e1rios (Rede Brasileira de Bancos Comunit\u00e1rios) e Moedas Sociais e Agroecologia e Soberania Alimentar (ANA \u2013 economia agrourbana).<\/p>\n<p>Durante o 2\u00ba Encontro Nacional a inten\u00e7\u00e3o \u00e9 de firmar uma carta-compromisso que envolva as entidades nacionais e seus interesses de articula\u00e7\u00e3o em torno de economias transformadoras. O evento \u00e9 uma realiza\u00e7\u00e3o da Articula\u00e7\u00e3o Brasileira para a Economia de Francisco e Clara (ABEFC) em parceria com o Grupo de Trabalho e Reflex\u00e3o para a Economia de Francisco e Clara da PUC Minas.<\/p>\n<h3><strong>O que \u00e9 a Economia de Francisco e Clara<\/strong><\/h3>\n<p>Em maio de 2019, em carta endere\u00e7ada aos jovens, o Papa Francisco o Papa Francisco destacou a urg\u00eancia de \u201cuma economia diferente, que faz viver e n\u00e3o mata, inclui e n\u00e3o exclui, humaniza e n\u00e3o desumaniza, cuida da cria\u00e7\u00e3o e n\u00e3o a depreda\u201d, simbolicamente chamada de Economia de Francisco. No Brasil, a proposta ganhou corpo a partir de diversas frentes de a\u00e7\u00e3o em todo o pa\u00eds por uma economia que venha fortalecer as experi\u00eancias de colabora\u00e7\u00e3o, cooperativismo, renda e finan\u00e7as solid\u00e1rias a fim de ser para todos.<\/p>\n<pre><strong><em>Informa\u00e7\u00f5es: Semana Social Brasileira e CNBB<\/em><\/strong><\/pre>\n","protected":false},"excerpt":{"rendered":"<p>Est\u00e3o abertas as inscri\u00e7\u00f5es para o 2\u00ba Encontro Nacional da Economia de Francisco e Clara, realizado pela Articula\u00e7\u00e3o Brasileira pela Economia de Francisco e Clara em parceria com a PUC Minas, que acontece nos dias 19 e 20 de novembro. O evento ter\u00e1 como tema&nbsp;\u2018Territ\u00f3rios, coletividade e pr\u00e1ticas econ\u00f4micas alternativas\u2019. A proposta \u00e9 que o&nbsp;<\/p>\n<p><a class=\"btn btn-style\" href=\"https:\/\/portalcatolico.net\/portal\/estao-abertas-as-inscricoes-para-o-2o-encontro-nacional-da-economia-de-francisco-e-clara\/\">Continue Reading<\/a><\/p>\n","protected":false},"author":2,"featured_media":74038,"comment_status":"open","ping_status":"open","sticky":false,"template":"","format":"standard","meta":{"footnotes":""},"categories":[4],"tags":[],"class_list":["post-74037","post","type-post","status-publish","format-standard","has-post-thumbnail","hentry","category-destaques"],"_links":{"self":[{"href":"https:\/\/portalcatolico.net\/portal\/wp-json\/wp\/v2\/posts\/74037","targetHints":{"allow":["GET"]}}],"collection":[{"href":"https:\/\/portalcatolico.net\/portal\/wp-json\/wp\/v2\/posts"}],"about":[{"href":"https:\/\/portalcatolico.net\/portal\/wp-json\/wp\/v2\/types\/post"}],"author":[{"embeddable":true,"href":"https:\/\/portalcatolico.net\/portal\/wp-json\/wp\/v2\/users\/2"}],"replies":[{"embeddable":true,"href":"https:\/\/portalcatolico.net\/portal\/wp-json\/wp\/v2\/comments?post=74037"}],"version-history":[{"count":1,"href":"https:\/\/portalcatolico.net\/portal\/wp-json\/wp\/v2\/posts\/74037\/revisions"}],"predecessor-version":[{"id":74039,"href":"https:\/\/portalcatolico.net\/portal\/wp-json\/wp\/v2\/posts\/74037\/revisions\/74039"}],"wp:featuredmedia":[{"embeddable":true,"href":"https:\/\/portalcatolico.net\/portal\/wp-json\/wp\/v2\/media\/74038"}],"wp:attachment":[{"href":"https:\/\/portalcatolico.net\/portal\/wp-json\/wp\/v2\/media?parent=74037"}],"wp:term":[{"taxonomy":"category","embeddable":true,"href":"https:\/\/portalcatolico.net\/portal\/wp-json\/wp\/v2\/categories?post=74037"},{"taxonomy":"post_tag","embeddable":true,"href":"https:\/\/portalcatolico.net\/portal\/wp-json\/wp\/v2\/tags?post=74037"}],"curies":[{"name":"wp","href":"https:\/\/api.w.org\/{rel}","templated":true}]}}