{"id":73282,"date":"2021-08-13T00:13:56","date_gmt":"2021-08-13T03:13:56","guid":{"rendered":"http:\/\/portalcatolico.net\/portal\/?p=73282"},"modified":"2021-08-12T19:14:13","modified_gmt":"2021-08-12T22:14:13","slug":"a-igreja-celebra-irma-dulce-dos-podres-o-anjo-bom-da-bahia-e-a-primeira-brasileira-proclamada-santa","status":"publish","type":"post","link":"https:\/\/portalcatolico.net\/portal\/a-igreja-celebra-irma-dulce-dos-podres-o-anjo-bom-da-bahia-e-a-primeira-brasileira-proclamada-santa\/","title":{"rendered":"A igreja celebra Irm\u00e3 Dulce dos Podres, o anjo bom da Bahia, e a primeira brasileira  proclamada Santa!"},"content":{"rendered":"<div class=\"v1OutlineElement v1Ltr v1BCX0 v1SCXW268337643\">\n<p class=\"v1Paragraph v1SCXW268337643 v1BCX0\" lang=\"PT-BR\"><span class=\"v1TextRun v1SCXW268337643 v1BCX0\" lang=\"PT-BR\"><span class=\"v1NormalTextRun v1SCXW268337643 v1BCX0\">Segunda filha do dentista Augusto Lopes Pontes, professor da Faculdade<\/span><\/span><span class=\"v1LineBreakBlob v1BlobObject v1DragDrop v1SCXW268337643 v1BCX0\"><span class=\"v1SCXW268337643 v1BCX0\">&nbsp;&nbsp;<\/span><\/span><span class=\"v1TextRun v1SCXW268337643 v1BCX0\" lang=\"PT-BR\"><span class=\"v1NormalTextRun v1SCXW268337643 v1BCX0\">de Odontologia, e de Dulce Maria de Souza Brito Lopes Pontes, ao nascer<\/span><\/span><span class=\"v1LineBreakBlob v1BlobObject v1DragDrop v1SCXW268337643 v1BCX0\"><span class=\"v1SCXW268337643 v1BCX0\">&nbsp;<\/span><\/span><span class=\"v1TextRun v1SCXW268337643 v1BCX0\" lang=\"PT-BR\"><span class=\"v1NormalTextRun v1SCXW268337643 v1BCX0\">em 26 de maio de 1914, em Salvador, Irm\u00e3 Dulce recebeu o nome de Maria<\/span><\/span><span class=\"v1LineBreakBlob v1BlobObject v1DragDrop v1SCXW268337643 v1BCX0\"><span class=\"v1SCXW268337643 v1BCX0\">&nbsp;<\/span><\/span><span class=\"v1TextRun v1SCXW268337643 v1BCX0\" lang=\"PT-BR\"><span class=\"v1NormalTextRun v1SCXW268337643 v1BCX0\">Rita de Souza Brito Lopes Pontes. O beb\u00ea veio ao mundo na Rua S\u00e3o Jos\u00e9<\/span><\/span><span class=\"v1LineBreakBlob v1BlobObject v1DragDrop v1SCXW268337643 v1BCX0\"><span class=\"v1SCXW268337643 v1BCX0\">&nbsp;&nbsp;<\/span><\/span><span class=\"v1TextRun v1SCXW268337643 v1BCX0\" lang=\"PT-BR\"><span class=\"v1NormalTextRun v1SCXW268337643 v1BCX0\">de Baixo, 36, no bairro do Barbalho, na freguesia de Santo Ant\u00f4nio Al\u00e9m<\/span><\/span><span class=\"v1LineBreakBlob v1BlobObject v1DragDrop v1SCXW268337643 v1BCX0\"><span class=\"v1SCXW268337643 v1BCX0\">&nbsp;<\/span><\/span><span class=\"v1TextRun v1SCXW268337643 v1BCX0\" lang=\"PT-BR\"><span class=\"v1NormalTextRun v1SCXW268337643 v1BCX0\">do Carmo. A menina Maria Rita foi uma crian\u00e7a cheia de alegria, adorava<\/span><\/span><span class=\"v1LineBreakBlob v1BlobObject v1DragDrop v1SCXW268337643 v1BCX0\"><span class=\"v1SCXW268337643 v1BCX0\">&nbsp;<\/span><\/span><span class=\"v1TextRun v1SCXW268337643 v1BCX0\" lang=\"PT-BR\"><span class=\"v1NormalTextRun v1SCXW268337643 v1BCX0\">brincar de boneca, empinar arraia e tinha especial predile\u00e7\u00e3o pelo<\/span><\/span><span class=\"v1LineBreakBlob v1BlobObject v1DragDrop v1SCXW268337643 v1BCX0\"><span class=\"v1SCXW268337643 v1BCX0\">&nbsp;<\/span><\/span><span class=\"v1TextRun v1SCXW268337643 v1BCX0\" lang=\"PT-BR\"><span class=\"v1NormalTextRun v1SCXW268337643 v1BCX0\">futebol &#8211; era torcedora do Esporte Clube Ypiranga, time formado pela<\/span><\/span><span class=\"v1LineBreakBlob v1BlobObject v1DragDrop v1SCXW268337643 v1BCX0\"><span class=\"v1SCXW268337643 v1BCX0\">&nbsp;<\/span><\/span><span class=\"v1TextRun v1SCXW268337643 v1BCX0\" lang=\"PT-BR\"><span class=\"v1NormalTextRun v1SCXW268337643 v1BCX0\">classe trabalhadora e os exclu\u00eddos sociais.<\/span><\/span><span class=\"v1LineBreakBlob v1BlobObject v1DragDrop v1SCXW268337643 v1BCX0\"><span class=\"v1SCXW268337643 v1BCX0\">&nbsp;<\/span><\/span><\/p>\n<p class=\"v1Paragraph v1SCXW268337643 v1BCX0\" lang=\"PT-BR\"><span class=\"v1TextRun v1SCXW268337643 v1BCX0\" lang=\"PT-BR\"><span class=\"v1NormalTextRun v1SCXW268337643 v1BCX0\">Aos sete anos, em 1921, perde sua m\u00e3e Dulce, que tinha apenas 26 anos.<\/span><\/span><span class=\"v1LineBreakBlob v1BlobObject v1DragDrop v1SCXW268337643 v1BCX0\"><span class=\"v1SCXW268337643 v1BCX0\">&nbsp;<\/span><\/span><span class=\"v1TextRun v1SCXW268337643 v1BCX0\" lang=\"PT-BR\"><span class=\"v1NormalTextRun v1SCXW268337643 v1BCX0\">No ano seguinte, junto com seus irm\u00e3os Augusto e Dulce (a querida<\/span><\/span><span class=\"v1LineBreakBlob v1BlobObject v1DragDrop v1SCXW268337643 v1BCX0\"><span class=\"v1SCXW268337643 v1BCX0\">&nbsp;&nbsp;<\/span><\/span><span class=\"v1TextRun v1SCXW268337643 v1BCX0\" lang=\"PT-BR\"><span class=\"v1NormalTextRun v1SpellingErrorV2 v1SCXW268337643 v1BCX0\">Dulcinha<\/span><span class=\"v1NormalTextRun v1SCXW268337643 v1BCX0\">), faz a primeira comunh\u00e3o na Igreja de Santo Ant\u00f4nio Al\u00e9m do<\/span><\/span><span class=\"v1LineBreakBlob v1BlobObject v1DragDrop v1SCXW268337643 v1BCX0\"><span class=\"v1SCXW268337643 v1BCX0\">&nbsp;<\/span><\/span><span class=\"v1TextRun v1SCXW268337643 v1BCX0\" lang=\"PT-BR\"><span class=\"v1NormalTextRun v1SCXW268337643 v1BCX0\">Carmo.<\/span><\/span><span class=\"v1LineBreakBlob v1BlobObject v1DragDrop v1SCXW268337643 v1BCX0\"><span class=\"v1SCXW268337643 v1BCX0\">&nbsp;<\/span><br class=\"v1SCXW268337643 v1BCX0\"><\/span><span class=\"v1TextRun v1SCXW268337643 v1BCX0\" lang=\"PT-BR\"><span class=\"v1NormalTextRun v1SCXW268337643 v1BCX0\">A voca\u00e7\u00e3o para trabalhar em benef\u00edcio da popula\u00e7\u00e3o carente teve a<\/span><\/span><span class=\"v1LineBreakBlob v1BlobObject v1DragDrop v1SCXW268337643 v1BCX0\"><span class=\"v1SCXW268337643 v1BCX0\">&nbsp;<\/span><\/span><span class=\"v1TextRun v1SCXW268337643 v1BCX0\" lang=\"PT-BR\"><span class=\"v1NormalTextRun v1SCXW268337643 v1BCX0\">influ\u00eancia direta da fam\u00edlia, uma heran\u00e7a do pai que ela levou adiante,<\/span><\/span><span class=\"v1LineBreakBlob v1BlobObject v1DragDrop v1SCXW268337643 v1BCX0\"><span class=\"v1SCXW268337643 v1BCX0\">&nbsp;<\/span><\/span><span class=\"v1TextRun v1SCXW268337643 v1BCX0\" lang=\"PT-BR\"><span class=\"v1NormalTextRun v1SCXW268337643 v1BCX0\">com o apoio decisivo da irm\u00e3,&nbsp;<\/span><span class=\"v1NormalTextRun v1SpellingErrorV2 v1SCXW268337643 v1BCX0\">Dulcinha<\/span><span class=\"v1NormalTextRun v1SCXW268337643 v1BCX0\">. Aos 13 anos, gra\u00e7as a seu<\/span><\/span><span class=\"v1LineBreakBlob v1BlobObject v1DragDrop v1SCXW268337643 v1BCX0\"><span class=\"v1SCXW268337643 v1BCX0\">&nbsp;<\/span><\/span><span class=\"v1TextRun v1SCXW268337643 v1BCX0\" lang=\"PT-BR\"><span class=\"v1NormalTextRun v1SCXW268337643 v1BCX0\">destemor e senso de justi\u00e7a, tra\u00e7os marcantes revelados quando ainda era<\/span><\/span><span class=\"v1LineBreakBlob v1BlobObject v1DragDrop v1SCXW268337643 v1BCX0\"><span class=\"v1SCXW268337643 v1BCX0\">&nbsp;<\/span><\/span><span class=\"v1TextRun v1SCXW268337643 v1BCX0\" lang=\"PT-BR\"><span class=\"v1NormalTextRun v1SCXW268337643 v1BCX0\">muito novinha, Irm\u00e3 Dulce passou a acolher mendigos e doentes em sua<\/span><\/span><span class=\"v1LineBreakBlob v1BlobObject v1DragDrop v1SCXW268337643 v1BCX0\"><span class=\"v1SCXW268337643 v1BCX0\">&nbsp;<\/span><\/span><span class=\"v1TextRun v1SCXW268337643 v1BCX0\" lang=\"PT-BR\"><span class=\"v1NormalTextRun v1SCXW268337643 v1BCX0\">casa, transformando a resid\u00eancia da fam\u00edlia \u2013 na Rua da Independ\u00eancia,<\/span><\/span><span class=\"v1LineBreakBlob v1BlobObject v1DragDrop v1SCXW268337643 v1BCX0\"><span class=\"v1SCXW268337643 v1BCX0\">&nbsp;<\/span><\/span><span class=\"v1TextRun v1SCXW268337643 v1BCX0\" lang=\"PT-BR\"><span class=\"v1NormalTextRun v1SCXW268337643 v1BCX0\">61, no bairro de Nazar\u00e9, num centro de atendimento. A casa ficou<\/span><\/span><span class=\"v1LineBreakBlob v1BlobObject v1DragDrop v1SCXW268337643 v1BCX0\"><span class=\"v1SCXW268337643 v1BCX0\">&nbsp;<\/span><\/span><span class=\"v1TextRun v1SCXW268337643 v1BCX0\" lang=\"PT-BR\"><span class=\"v1NormalTextRun v1SCXW268337643 v1BCX0\">conhecida como &#8216;A Portaria de S\u00e3o Francisco&#8217;, tal o n\u00famero de carentes<\/span><\/span><span class=\"v1LineBreakBlob v1BlobObject v1DragDrop v1SCXW268337643 v1BCX0\"><span class=\"v1SCXW268337643 v1BCX0\">&nbsp;<\/span><\/span><span class=\"v1TextRun v1SCXW268337643 v1BCX0\" lang=\"PT-BR\"><span class=\"v1NormalTextRun v1SCXW268337643 v1BCX0\">que se aglomeravam a sua porta. Tamb\u00e9m \u00e9 nessa \u00e9poca que ela manifesta<\/span><\/span><span class=\"v1LineBreakBlob v1BlobObject v1DragDrop v1SCXW268337643 v1BCX0\"><span class=\"v1SCXW268337643 v1BCX0\">&nbsp;<\/span><\/span><span class=\"v1TextRun v1SCXW268337643 v1BCX0\" lang=\"PT-BR\"><span class=\"v1NormalTextRun v1SCXW268337643 v1BCX0\">pela primeira vez, ap\u00f3s visitar com uma tia \u00e1reas onde habitavam pessoas<\/span><\/span><span class=\"v1LineBreakBlob v1BlobObject v1DragDrop v1SCXW268337643 v1BCX0\"><span class=\"v1SCXW268337643 v1BCX0\">&nbsp;<\/span><\/span><span class=\"v1TextRun v1SCXW268337643 v1BCX0\" lang=\"PT-BR\"><span class=\"v1NormalTextRun v1SCXW268337643 v1BCX0\">pobres, o desejo de se dedicar \u00e0 vida religiosa.<\/span><\/span><span class=\"v1LineBreakBlob v1BlobObject v1DragDrop v1SCXW268337643 v1BCX0\"><span class=\"v1SCXW268337643 v1BCX0\">&nbsp;<\/span><\/span><\/p>\n<p class=\"v1Paragraph v1SCXW268337643 v1BCX0\" lang=\"PT-BR\"><span class=\"v1TextRun v1SCXW268337643 v1BCX0\" lang=\"PT-BR\"><span class=\"v1NormalTextRun v1SCXW268337643 v1BCX0\">Em 08 de fevereiro de 1933, logo ap\u00f3s a sua formatura como professora,<\/span><\/span><span class=\"v1LineBreakBlob v1BlobObject v1DragDrop v1SCXW268337643 v1BCX0\"><span class=\"v1SCXW268337643 v1BCX0\">&nbsp;<\/span><\/span><span class=\"v1TextRun v1SCXW268337643 v1BCX0\" lang=\"PT-BR\"><span class=\"v1NormalTextRun v1SCXW268337643 v1BCX0\">Maria Rita entra ent\u00e3o para a Congrega\u00e7\u00e3o das Irm\u00e3s Mission\u00e1rias da<\/span><\/span><span class=\"v1LineBreakBlob v1BlobObject v1DragDrop v1SCXW268337643 v1BCX0\"><span class=\"v1SCXW268337643 v1BCX0\">&nbsp;<\/span><\/span><span class=\"v1TextRun v1SCXW268337643 v1BCX0\" lang=\"PT-BR\"><span class=\"v1NormalTextRun v1SCXW268337643 v1BCX0\">Imaculada Concei\u00e7\u00e3o da M\u00e3e de Deus, na cidade de S\u00e3o Crist\u00f3v\u00e3o, em<\/span><\/span><span class=\"v1LineBreakBlob v1BlobObject v1DragDrop v1SCXW268337643 v1BCX0\"><span class=\"v1SCXW268337643 v1BCX0\">&nbsp;<\/span><\/span><span class=\"v1TextRun v1SCXW268337643 v1BCX0\" lang=\"PT-BR\"><span class=\"v1NormalTextRun v1SCXW268337643 v1BCX0\">Sergipe. Em 13 de agosto de 1933, recebe o h\u00e1bito de freira das Irm\u00e3s<\/span><\/span><span class=\"v1LineBreakBlob v1BlobObject v1DragDrop v1SCXW268337643 v1BCX0\"><span class=\"v1SCXW268337643 v1BCX0\">&nbsp;<\/span><\/span><span class=\"v1TextRun v1SCXW268337643 v1BCX0\" lang=\"PT-BR\"><span class=\"v1NormalTextRun v1SCXW268337643 v1BCX0\">Mission\u00e1rias e adota, em homenagem a sua m\u00e3e, o nome de Irm\u00e3 Dulce.<\/span><\/span><span class=\"v1LineBreakBlob v1BlobObject v1DragDrop v1SCXW268337643 v1BCX0\"><span class=\"v1SCXW268337643 v1BCX0\">&nbsp;<\/span><br class=\"v1SCXW268337643 v1BCX0\"><\/span><span class=\"v1LineBreakBlob v1BlobObject v1DragDrop v1SCXW268337643 v1BCX0\"><span class=\"v1SCXW268337643 v1BCX0\">&nbsp;<\/span><br class=\"v1SCXW268337643 v1BCX0\"><\/span><span class=\"v1TextRun v1SCXW268337643 v1BCX0\" lang=\"PT-BR\"><span class=\"v1NormalTextRun v1SCXW268337643 v1BCX0\">A primeira miss\u00e3o de Irm\u00e3 Dulce como freira foi ensinar em um col\u00e9gio<\/span><\/span><span class=\"v1LineBreakBlob v1BlobObject v1DragDrop v1SCXW268337643 v1BCX0\"><span class=\"v1SCXW268337643 v1BCX0\">&nbsp;<\/span><\/span><span class=\"v1TextRun v1SCXW268337643 v1BCX0\" lang=\"PT-BR\"><span class=\"v1NormalTextRun v1SCXW268337643 v1BCX0\">mantido pela sua congrega\u00e7\u00e3o, no bairro da Massaranduba, na Cidade<\/span><\/span><span class=\"v1LineBreakBlob v1BlobObject v1DragDrop v1SCXW268337643 v1BCX0\"><span class=\"v1SCXW268337643 v1BCX0\">&nbsp;<\/span><\/span><span class=\"v1TextRun v1SCXW268337643 v1BCX0\" lang=\"PT-BR\"><span class=\"v1NormalTextRun v1SCXW268337643 v1BCX0\">Baixa, em Salvador. Mas, o seu pensamento estava voltado mesmo para o<\/span><\/span><span class=\"v1LineBreakBlob v1BlobObject v1DragDrop v1SCXW268337643 v1BCX0\"><span class=\"v1SCXW268337643 v1BCX0\">&nbsp;<\/span><\/span><span class=\"v1TextRun v1SCXW268337643 v1BCX0\" lang=\"PT-BR\"><span class=\"v1NormalTextRun v1SCXW268337643 v1BCX0\">trabalho com os pobres. J\u00e1 em 1935, dava assist\u00eancia \u00e0 comunidade pobre<\/span><\/span><span class=\"v1LineBreakBlob v1BlobObject v1DragDrop v1SCXW268337643 v1BCX0\"><span class=\"v1SCXW268337643 v1BCX0\">&nbsp;<\/span><\/span><span class=\"v1TextRun v1SCXW268337643 v1BCX0\" lang=\"PT-BR\"><span class=\"v1NormalTextRun v1SCXW268337643 v1BCX0\">de Alagados, conjunto de palafitas que se consolidara na parte interna<\/span><\/span><span class=\"v1LineBreakBlob v1BlobObject v1DragDrop v1SCXW268337643 v1BCX0\"><span class=\"v1SCXW268337643 v1BCX0\">&nbsp;<\/span><\/span><span class=\"v1TextRun v1SCXW268337643 v1BCX0\" lang=\"PT-BR\"><span class=\"v1NormalTextRun v1SCXW268337643 v1BCX0\">do bairro de&nbsp;<\/span><span class=\"v1NormalTextRun v1SpellingErrorV2 v1SCXW268337643 v1BCX0\">Itapagipe<\/span><span class=\"v1NormalTextRun v1SCXW268337643 v1BCX0\">. Nessa mesma \u00e9poca, come\u00e7a a atender tamb\u00e9m os<\/span><\/span><span class=\"v1LineBreakBlob v1BlobObject v1DragDrop v1SCXW268337643 v1BCX0\"><span class=\"v1SCXW268337643 v1BCX0\">&nbsp;<\/span><\/span><span class=\"v1TextRun v1SCXW268337643 v1BCX0\" lang=\"PT-BR\"><span class=\"v1NormalTextRun v1SCXW268337643 v1BCX0\">oper\u00e1rios que eram numerosos naquele bairro, criando um posto m\u00e9dico e<\/span><\/span><span class=\"v1LineBreakBlob v1BlobObject v1DragDrop v1SCXW268337643 v1BCX0\"><span class=\"v1SCXW268337643 v1BCX0\">&nbsp;<\/span><\/span><span class=\"v1TextRun v1SCXW268337643 v1BCX0\" lang=\"PT-BR\"><span class=\"v1NormalTextRun v1SCXW268337643 v1BCX0\">fundando, em 1936, a Uni\u00e3o Oper\u00e1ria S\u00e3o Francisco \u2013 primeira organiza\u00e7\u00e3o<\/span><\/span><span class=\"v1LineBreakBlob v1BlobObject v1DragDrop v1SCXW268337643 v1BCX0\"><span class=\"v1SCXW268337643 v1BCX0\">&nbsp;<\/span><\/span><span class=\"v1TextRun v1SCXW268337643 v1BCX0\" lang=\"PT-BR\"><span class=\"v1NormalTextRun v1SCXW268337643 v1BCX0\">oper\u00e1ria cat\u00f3lica do estado, que depois deu origem ao C\u00edrculo Oper\u00e1rio<\/span><\/span><span class=\"v1LineBreakBlob v1BlobObject v1DragDrop v1SCXW268337643 v1BCX0\"><span class=\"v1SCXW268337643 v1BCX0\">&nbsp;<\/span><\/span><span class=\"v1TextRun v1SCXW268337643 v1BCX0\" lang=\"PT-BR\"><span class=\"v1NormalTextRun v1SCXW268337643 v1BCX0\">da Bahia. Em 1937, funda, juntamente com Frei Hildebrando&nbsp;<\/span><span class=\"v1NormalTextRun v1SpellingErrorV2 v1SCXW268337643 v1BCX0\">Kruthaup<\/span><span class=\"v1NormalTextRun v1SCXW268337643 v1BCX0\">, o<\/span><\/span><span class=\"v1LineBreakBlob v1BlobObject v1DragDrop v1SCXW268337643 v1BCX0\"><span class=\"v1SCXW268337643 v1BCX0\">&nbsp;<\/span><\/span><span class=\"v1TextRun v1SCXW268337643 v1BCX0\" lang=\"PT-BR\"><span class=\"v1NormalTextRun v1SCXW268337643 v1BCX0\">C\u00edrculo Oper\u00e1rio da Bahia, mantido com a arrecada\u00e7\u00e3o de tr\u00eas cinemas que<\/span><\/span><span class=\"v1LineBreakBlob v1BlobObject v1DragDrop v1SCXW268337643 v1BCX0\"><span class=\"v1SCXW268337643 v1BCX0\">&nbsp;<\/span><\/span><span class=\"v1TextRun v1SCXW268337643 v1BCX0\" lang=\"PT-BR\"><span class=\"v1NormalTextRun v1SCXW268337643 v1BCX0\">ambos haviam constru\u00eddo atrav\u00e9s de doa\u00e7\u00f5es \u2013 o Cine Roma, o Cine<\/span><\/span><span class=\"v1LineBreakBlob v1BlobObject v1DragDrop v1SCXW268337643 v1BCX0\"><span class=\"v1SCXW268337643 v1BCX0\">&nbsp;<\/span><\/span><span class=\"v1TextRun v1SCXW268337643 v1BCX0\" lang=\"PT-BR\"><span class=\"v1NormalTextRun v1SCXW268337643 v1BCX0\">Plataforma e o Cine S\u00e3o Caetano. Em maio de 1939, Irm\u00e3 Dulce inaugura o<\/span><\/span><span class=\"v1LineBreakBlob v1BlobObject v1DragDrop v1SCXW268337643 v1BCX0\"><span class=\"v1SCXW268337643 v1BCX0\">&nbsp;&nbsp;<\/span><\/span><span class=\"v1TextRun v1SCXW268337643 v1BCX0\" lang=\"PT-BR\"><span class=\"v1NormalTextRun v1SCXW268337643 v1BCX0\">Col\u00e9gio Santo Ant\u00f4nio, escola p\u00fablica voltada para oper\u00e1rios e filhos de<\/span><\/span><span class=\"v1LineBreakBlob v1BlobObject v1DragDrop v1SCXW268337643 v1BCX0\"><span class=\"v1SCXW268337643 v1BCX0\">&nbsp;<\/span><\/span><span class=\"v1TextRun v1SCXW268337643 v1BCX0\" lang=\"PT-BR\"><span class=\"v1NormalTextRun v1SCXW268337643 v1BCX0\">oper\u00e1rios, no bairro da Massaranduba.<\/span><\/span><span class=\"v1LineBreakBlob v1BlobObject v1DragDrop v1SCXW268337643 v1BCX0\"><span class=\"v1SCXW268337643 v1BCX0\">&nbsp;<\/span><br class=\"v1SCXW268337643 v1BCX0\"><\/span><span class=\"v1LineBreakBlob v1BlobObject v1DragDrop v1SCXW268337643 v1BCX0\"><span class=\"v1SCXW268337643 v1BCX0\">&nbsp;<\/span><br class=\"v1SCXW268337643 v1BCX0\"><\/span><span class=\"v1TextRun v1SCXW268337643 v1BCX0\" lang=\"PT-BR\"><span class=\"v1NormalTextRun v1SCXW268337643 v1BCX0\">Irm\u00e3 Dulce (1914-1992) foi uma religiosa cat\u00f3lica brasileira que dedicou<\/span><\/span><span class=\"v1LineBreakBlob v1BlobObject v1DragDrop v1SCXW268337643 v1BCX0\"><span class=\"v1SCXW268337643 v1BCX0\">&nbsp;<\/span><\/span><span class=\"v1TextRun v1SCXW268337643 v1BCX0\" lang=\"PT-BR\"><span class=\"v1NormalTextRun v1SCXW268337643 v1BCX0\">a sua vida a ajudar os doentes e os mais necessitados. Foi beatificada<\/span><\/span><span class=\"v1LineBreakBlob v1BlobObject v1DragDrop v1SCXW268337643 v1BCX0\"><span class=\"v1SCXW268337643 v1BCX0\">&nbsp;<\/span><\/span><span class=\"v1TextRun v1SCXW268337643 v1BCX0\" lang=\"PT-BR\"><span class=\"v1NormalTextRun v1SCXW268337643 v1BCX0\">pelo Papa Bento XVI, no dia 10 de dezembro de 2010, passando a ser<\/span><\/span><span class=\"v1LineBreakBlob v1BlobObject v1DragDrop v1SCXW268337643 v1BCX0\"><span class=\"v1SCXW268337643 v1BCX0\">&nbsp;<\/span><\/span><span class=\"v1TextRun v1SCXW268337643 v1BCX0\" lang=\"PT-BR\"><span class=\"v1NormalTextRun v1SCXW268337643 v1BCX0\">reconhecida com o t\u00edtulo de &#8220;Bem-aventurada Dulce dos Pobres&#8221;. Foi<\/span><\/span><span class=\"v1LineBreakBlob v1BlobObject v1DragDrop v1SCXW268337643 v1BCX0\"><span class=\"v1SCXW268337643 v1BCX0\">&nbsp;<\/span><\/span><span class=\"v1TextRun v1SCXW268337643 v1BCX0\" lang=\"PT-BR\"><span class=\"v1NormalTextRun v1SCXW268337643 v1BCX0\">declarada santa pelo Papa Francisco em uma celebra\u00e7\u00e3o no Vaticano no dia<\/span><\/span><span class=\"v1LineBreakBlob v1BlobObject v1DragDrop v1SCXW268337643 v1BCX0\"><span class=\"v1SCXW268337643 v1BCX0\">&nbsp;<\/span><\/span><span class=\"v1TextRun v1SCXW268337643 v1BCX0\" lang=\"PT-BR\"><span class=\"v1NormalTextRun v1SCXW268337643 v1BCX0\">13 de outubro de 2019.<\/span><\/span><span class=\"v1LineBreakBlob v1BlobObject v1DragDrop v1SCXW268337643 v1BCX0\"><span class=\"v1SCXW268337643 v1BCX0\">&nbsp;<\/span><br class=\"v1SCXW268337643 v1BCX0\"><\/span><span class=\"v1TextRun v1SCXW268337643 v1BCX0\" lang=\"PT-BR\"><span class=\"v1NormalTextRun v1SCXW268337643 v1BCX0\">Maria Rita de Souza Brito Lopes Pontes nasceu em Salvador, Bahia, no dia<\/span><\/span><span class=\"v1LineBreakBlob v1BlobObject v1DragDrop v1SCXW268337643 v1BCX0\"><span class=\"v1SCXW268337643 v1BCX0\">&nbsp;<\/span><\/span><span class=\"v1TextRun v1SCXW268337643 v1BCX0\" lang=\"PT-BR\"><span class=\"v1NormalTextRun v1SCXW268337643 v1BCX0\">26 de maio de 1914. Filha de Augusto Lopes Pontes, dentista e professor<\/span><\/span><span class=\"v1LineBreakBlob v1BlobObject v1DragDrop v1SCXW268337643 v1BCX0\"><span class=\"v1SCXW268337643 v1BCX0\">&nbsp;<\/span><\/span><span class=\"v1TextRun v1SCXW268337643 v1BCX0\" lang=\"PT-BR\"><span class=\"v1NormalTextRun v1SCXW268337643 v1BCX0\">da Universidade Federal da Bahia, e de Dulce Maria de Souza Brito Lopes<\/span><\/span><span class=\"v1LineBreakBlob v1BlobObject v1DragDrop v1SCXW268337643 v1BCX0\"><span class=\"v1SCXW268337643 v1BCX0\">&nbsp;<\/span><\/span><span class=\"v1TextRun v1SCXW268337643 v1BCX0\" lang=\"PT-BR\"><span class=\"v1NormalTextRun v1SCXW268337643 v1BCX0\">Pontes.<\/span><\/span><span class=\"v1LineBreakBlob v1BlobObject v1DragDrop v1SCXW268337643 v1BCX0\"><span class=\"v1SCXW268337643 v1BCX0\">&nbsp;<\/span><br class=\"v1SCXW268337643 v1BCX0\"><\/span><span class=\"v1TextRun v1SCXW268337643 v1BCX0\" lang=\"PT-BR\"><span class=\"v1NormalTextRun v1SCXW268337643 v1BCX0\">Desde crian\u00e7a, Irm\u00e3 Dulce desejava seguir a vida religiosa e rezava<\/span><\/span><span class=\"v1LineBreakBlob v1BlobObject v1DragDrop v1SCXW268337643 v1BCX0\"><span class=\"v1SCXW268337643 v1BCX0\">&nbsp;<\/span><\/span><span class=\"v1TextRun v1SCXW268337643 v1BCX0\" lang=\"PT-BR\"><span class=\"v1NormalTextRun v1SCXW268337643 v1BCX0\">muito, pedindo algum sinal que mostrasse se deveria ou n\u00e3o seguir esse<\/span><\/span><span class=\"v1LineBreakBlob v1BlobObject v1DragDrop v1SCXW268337643 v1BCX0\"><span class=\"v1SCXW268337643 v1BCX0\">&nbsp;<\/span><\/span><span class=\"v1TextRun v1SCXW268337643 v1BCX0\" lang=\"PT-BR\"><span class=\"v1NormalTextRun v1SCXW268337643 v1BCX0\">caminho.<\/span><\/span><span class=\"v1LineBreakBlob v1BlobObject v1DragDrop v1SCXW268337643 v1BCX0\"><span class=\"v1SCXW268337643 v1BCX0\">&nbsp;<\/span><br class=\"v1SCXW268337643 v1BCX0\"><\/span><span class=\"v1TextRun v1SCXW268337643 v1BCX0\" lang=\"PT-BR\"><span class=\"v1NormalTextRun v1SCXW268337643 v1BCX0\">Ainda na adolesc\u00eancia, come\u00e7ou a desenvolver a sua miss\u00e3o de ajudar os<\/span><\/span><span class=\"v1LineBreakBlob v1BlobObject v1DragDrop v1SCXW268337643 v1BCX0\"><span class=\"v1SCXW268337643 v1BCX0\">&nbsp;<\/span><\/span><span class=\"v1TextRun v1SCXW268337643 v1BCX0\" lang=\"PT-BR\"><span class=\"v1NormalTextRun v1SCXW268337643 v1BCX0\">mendigos, carentes e enfermos.<\/span><\/span><span class=\"v1EOP v1SCXW268337643 v1BCX0\">&nbsp;<\/span><\/p>\n<\/div>\n<div class=\"v1OutlineElement v1Ltr v1BCX0 v1SCXW268337643\">\n<p class=\"v1Paragraph v1SCXW268337643 v1BCX0\" lang=\"PT-BR\"><span class=\"v1LineBreakBlob v1BlobObject v1DragDrop v1SCXW268337643 v1BCX0\"><span class=\"v1SCXW268337643 v1BCX0\">&nbsp;<\/span><\/span><strong><span class=\"v1TextRun v1SCXW268337643 v1BCX0\" lang=\"PT-BR\"><span class=\"v1NormalTextRun v1SCXW268337643 v1BCX0\">Forma\u00e7\u00e3o Religiosa<\/span><\/span><span class=\"v1EOP v1SCXW268337643 v1BCX0\">&nbsp;<\/span><\/strong><\/p>\n<\/div>\n<div class=\"v1OutlineElement v1Ltr v1BCX0 v1SCXW268337643\">\n<p class=\"v1Paragraph v1SCXW268337643 v1BCX0\" lang=\"PT-BR\"><span class=\"v1LineBreakBlob v1BlobObject v1DragDrop v1SCXW268337643 v1BCX0\"><span class=\"v1SCXW268337643 v1BCX0\">&nbsp;<\/span><\/span><span class=\"v1TextRun v1SCXW268337643 v1BCX0\" lang=\"PT-BR\"><span class=\"v1NormalTextRun v1SCXW268337643 v1BCX0\">Aos 13 anos foi recusada pelo convento de Santa Clara por ser muito<\/span><\/span><span class=\"v1LineBreakBlob v1BlobObject v1DragDrop v1SCXW268337643 v1BCX0\"><span class=\"v1SCXW268337643 v1BCX0\">&nbsp;<\/span><\/span><span class=\"v1TextRun v1SCXW268337643 v1BCX0\" lang=\"PT-BR\"><span class=\"v1NormalTextRun v1SCXW268337643 v1BCX0\">jovem. Em 8 de fevereiro de 1932, formou-se professora prim\u00e1ria e no ano<\/span><\/span><span class=\"v1LineBreakBlob v1BlobObject v1DragDrop v1SCXW268337643 v1BCX0\"><span class=\"v1SCXW268337643 v1BCX0\">&nbsp;<\/span><\/span><span class=\"v1TextRun v1SCXW268337643 v1BCX0\" lang=\"PT-BR\"><span class=\"v1NormalTextRun v1SCXW268337643 v1BCX0\">seguinte entrou para a Congrega\u00e7\u00e3o das Irm\u00e3s Mission\u00e1rias da Imaculada<\/span><\/span><span class=\"v1LineBreakBlob v1BlobObject v1DragDrop v1SCXW268337643 v1BCX0\"><span class=\"v1SCXW268337643 v1BCX0\">&nbsp;<\/span><\/span><span class=\"v1TextRun v1SCXW268337643 v1BCX0\" lang=\"PT-BR\"><span class=\"v1NormalTextRun v1SCXW268337643 v1BCX0\">Concei\u00e7\u00e3o da M\u00e3e de Deus, em S\u00e3o Crist\u00f3v\u00e3o, Sergipe.<\/span><\/span><span class=\"v1LineBreakBlob v1BlobObject v1DragDrop v1SCXW268337643 v1BCX0\"><span class=\"v1SCXW268337643 v1BCX0\">&nbsp;<\/span><br class=\"v1SCXW268337643 v1BCX0\"><\/span><span class=\"v1TextRun v1SCXW268337643 v1BCX0\" lang=\"PT-BR\"><span class=\"v1NormalTextRun v1SCXW268337643 v1BCX0\">Em 1934, Irm\u00e3 Dulce fez votos de f\u00e9, tornando-se freira e recebendo o<\/span><\/span><span class=\"v1LineBreakBlob v1BlobObject v1DragDrop v1SCXW268337643 v1BCX0\"><span class=\"v1SCXW268337643 v1BCX0\">&nbsp;<\/span><\/span><span class=\"v1TextRun v1SCXW268337643 v1BCX0\" lang=\"PT-BR\"><span class=\"v1NormalTextRun v1SCXW268337643 v1BCX0\">nome de Irm\u00e3 Dulce em homenagem \u00e0 sua m\u00e3e. De volta a Salvador, j\u00e1 como<\/span><\/span><span class=\"v1LineBreakBlob v1BlobObject v1DragDrop v1SCXW268337643 v1BCX0\"><span class=\"v1SCXW268337643 v1BCX0\">&nbsp;<\/span><\/span><span class=\"v1TextRun v1SCXW268337643 v1BCX0\" lang=\"PT-BR\"><span class=\"v1NormalTextRun v1SCXW268337643 v1BCX0\">freira, sua primeira miss\u00e3o foi ensinar em um col\u00e9gio mantido pela sua<\/span><\/span><span class=\"v1LineBreakBlob v1BlobObject v1DragDrop v1SCXW268337643 v1BCX0\"><span class=\"v1SCXW268337643 v1BCX0\">&nbsp;<\/span><\/span><span class=\"v1TextRun v1SCXW268337643 v1BCX0\" lang=\"PT-BR\"><span class=\"v1NormalTextRun v1SCXW268337643 v1BCX0\">congrega\u00e7\u00e3o religiosa.<\/span><\/span><span class=\"v1EOP v1SCXW268337643 v1BCX0\">&nbsp;<\/span><\/p>\n<\/div>\n<div class=\"v1OutlineElement v1Ltr v1BCX0 v1SCXW268337643\">\n<p class=\"v1Paragraph v1SCXW268337643 v1BCX0\" lang=\"PT-BR\"><span class=\"v1LineBreakBlob v1BlobObject v1DragDrop v1SCXW268337643 v1BCX0\"><span class=\"v1SCXW268337643 v1BCX0\">&nbsp;<\/span><\/span><strong><span class=\"v1TextRun v1SCXW268337643 v1BCX0\" lang=\"PT-BR\"><span class=\"v1NormalTextRun v1SCXW268337643 v1BCX0\">Realiza\u00e7\u00f5es de Irm\u00e3 Dulce<\/span><\/span><span class=\"v1EOP v1SCXW268337643 v1BCX0\">&nbsp;<\/span><\/strong><\/p>\n<\/div>\n<div class=\"v1OutlineElement v1Ltr v1BCX0 v1SCXW268337643\">\n<p class=\"v1Paragraph v1SCXW268337643 v1BCX0\" lang=\"PT-BR\"><span class=\"v1LineBreakBlob v1BlobObject v1DragDrop v1SCXW268337643 v1BCX0\"><span class=\"v1SCXW268337643 v1BCX0\">&nbsp;<\/span><\/span><span class=\"v1TextRun v1SCXW268337643 v1BCX0\" lang=\"PT-BR\"><span class=\"v1NormalTextRun v1SCXW268337643 v1BCX0\">Em 1936, com 22 anos, Irm\u00e3 Dulce fundou a Uni\u00e3o Oper\u00e1ria S\u00e3o Francisco<\/span><\/span><span class=\"v1LineBreakBlob v1BlobObject v1DragDrop v1SCXW268337643 v1BCX0\"><span class=\"v1SCXW268337643 v1BCX0\">&nbsp;<\/span><\/span><span class=\"v1TextRun v1SCXW268337643 v1BCX0\" lang=\"PT-BR\"><span class=\"v1NormalTextRun v1SCXW268337643 v1BCX0\">juntamente com frei Hildebrando&nbsp;<\/span><span class=\"v1NormalTextRun v1SpellingErrorV2 v1SCXW268337643 v1BCX0\">Kruthaup<\/span><span class=\"v1NormalTextRun v1SCXW268337643 v1BCX0\">. Deve-se tamb\u00e9m \u00e0 Irm\u00e3 Dulce a<\/span><\/span><span class=\"v1LineBreakBlob v1BlobObject v1DragDrop v1SCXW268337643 v1BCX0\"><span class=\"v1SCXW268337643 v1BCX0\">&nbsp;<\/span><\/span><span class=\"v1TextRun v1SCXW268337643 v1BCX0\" lang=\"PT-BR\"><span class=\"v1NormalTextRun v1SCXW268337643 v1BCX0\">cria\u00e7\u00e3o do Col\u00e9gio Santo Ant\u00f4nio, voltado para os oper\u00e1rios e suas<\/span><\/span><span class=\"v1LineBreakBlob v1BlobObject v1DragDrop v1SCXW268337643 v1BCX0\"><span class=\"v1SCXW268337643 v1BCX0\">&nbsp;<\/span><\/span><span class=\"v1TextRun v1SCXW268337643 v1BCX0\" lang=\"PT-BR\"><span class=\"v1NormalTextRun v1SCXW268337643 v1BCX0\">fam\u00edlias.<\/span><\/span><span class=\"v1LineBreakBlob v1BlobObject v1DragDrop v1SCXW268337643 v1BCX0\"><span class=\"v1SCXW268337643 v1BCX0\">&nbsp;<\/span><br class=\"v1SCXW268337643 v1BCX0\"><\/span><span class=\"v1TextRun v1SCXW268337643 v1BCX0\" lang=\"PT-BR\"><span class=\"v1NormalTextRun v1SCXW268337643 v1BCX0\">Importante tamb\u00e9m foi a sua participa\u00e7\u00e3o na cria\u00e7\u00e3o de um albergue para<\/span><\/span><span class=\"v1LineBreakBlob v1BlobObject v1DragDrop v1SCXW268337643 v1BCX0\"><span class=\"v1SCXW268337643 v1BCX0\">&nbsp;<\/span><\/span><span class=\"v1TextRun v1SCXW268337643 v1BCX0\" lang=\"PT-BR\"><span class=\"v1NormalTextRun v1SCXW268337643 v1BCX0\">doentes, localizado no convento de Santo Ant\u00f4nio. O espa\u00e7o depois viria<\/span><\/span><span class=\"v1LineBreakBlob v1BlobObject v1DragDrop v1SCXW268337643 v1BCX0\"><span class=\"v1SCXW268337643 v1BCX0\">&nbsp;<\/span><\/span><span class=\"v1TextRun v1SCXW268337643 v1BCX0\" lang=\"PT-BR\"><span class=\"v1NormalTextRun v1SCXW268337643 v1BCX0\">a se transformar no Hospital Santo Ant\u00f4nio.<\/span><\/span><span class=\"v1EOP v1SCXW268337643 v1BCX0\">&nbsp;<\/span><\/p>\n<\/div>\n<div class=\"v1OutlineElement v1Ltr v1BCX0 v1SCXW268337643\">\n<p class=\"v1Paragraph v1SCXW268337643 v1BCX0\" lang=\"PT-BR\"><span class=\"v1LineBreakBlob v1BlobObject v1DragDrop v1SCXW268337643 v1BCX0\"><span class=\"v1SCXW268337643 v1BCX0\">&nbsp;<\/span><\/span><strong><span class=\"v1TextRun v1SCXW268337643 v1BCX0\" lang=\"PT-BR\"><span class=\"v1NormalTextRun v1SCXW268337643 v1BCX0\">Reconhecimento<\/span><\/span><span class=\"v1EOP v1SCXW268337643 v1BCX0\">&nbsp;<\/span><\/strong><\/p>\n<\/div>\n<div class=\"v1OutlineElement v1Ltr v1BCX0 v1SCXW268337643\">\n<p class=\"v1Paragraph v1SCXW268337643 v1BCX0\" lang=\"PT-BR\"><span class=\"v1LineBreakBlob v1BlobObject v1DragDrop v1SCXW268337643 v1BCX0\"><span class=\"v1SCXW268337643 v1BCX0\">&nbsp;<\/span><\/span><span class=\"v1TextRun v1SCXW268337643 v1BCX0\" lang=\"PT-BR\"><span class=\"v1NormalTextRun v1SCXW268337643 v1BCX0\">Em 1980, durante a primeira visita do Papa Jo\u00e3o Paulo II no Brasil, Irm\u00e3<\/span><\/span><span class=\"v1LineBreakBlob v1BlobObject v1DragDrop v1SCXW268337643 v1BCX0\"><span class=\"v1SCXW268337643 v1BCX0\">&nbsp;<\/span><\/span><span class=\"v1TextRun v1SCXW268337643 v1BCX0\" lang=\"PT-BR\"><span class=\"v1NormalTextRun v1SCXW268337643 v1BCX0\">Dulce foi convidada a subir no altar e recebeu do Papa um ter\u00e7o. Ela<\/span><\/span><span class=\"v1LineBreakBlob v1BlobObject v1DragDrop v1SCXW268337643 v1BCX0\"><span class=\"v1SCXW268337643 v1BCX0\">&nbsp;<\/span><\/span><span class=\"v1TextRun v1SCXW268337643 v1BCX0\" lang=\"PT-BR\"><span class=\"v1NormalTextRun v1SCXW268337643 v1BCX0\">tamb\u00e9m ouviu as seguintes palavras: &#8220;Continue, Irm\u00e3 Dulce, continue&#8221;.<\/span><\/span><span class=\"v1LineBreakBlob v1BlobObject v1DragDrop v1SCXW268337643 v1BCX0\"><span class=\"v1SCXW268337643 v1BCX0\">&nbsp;<\/span><\/span><span class=\"v1TextRun v1SCXW268337643 v1BCX0\" lang=\"PT-BR\"><span class=\"v1NormalTextRun v1SCXW268337643 v1BCX0\">Em 1988, foi indicada ao Pr\u00eamio Nobel da Paz pelo ent\u00e3o Presidente do<\/span><\/span><span class=\"v1LineBreakBlob v1BlobObject v1DragDrop v1SCXW268337643 v1BCX0\"><span class=\"v1SCXW268337643 v1BCX0\">&nbsp;<\/span><\/span><span class=\"v1TextRun v1SCXW268337643 v1BCX0\" lang=\"PT-BR\"><span class=\"v1NormalTextRun v1SCXW268337643 v1BCX0\">Brasil Jos\u00e9 Sarney, com o apoio da rainha da Su\u00e9cia.<\/span><\/span><span class=\"v1LineBreakBlob v1BlobObject v1DragDrop v1SCXW268337643 v1BCX0\"><span class=\"v1SCXW268337643 v1BCX0\">&nbsp;<\/span><\/span><span class=\"v1TextRun v1SCXW268337643 v1BCX0\" lang=\"PT-BR\"><span class=\"v1NormalTextRun v1SCXW268337643 v1BCX0\">Em 2000 recebeu do Papa Jo\u00e3o Paulo II o t\u00edtulo de &#8220;Serva de Deus&#8221;. Foram<\/span><\/span><span class=\"v1LineBreakBlob v1BlobObject v1DragDrop v1SCXW268337643 v1BCX0\"><span class=\"v1SCXW268337643 v1BCX0\">&nbsp;<\/span><\/span><span class=\"v1TextRun v1SCXW268337643 v1BCX0\" lang=\"PT-BR\"><span class=\"v1NormalTextRun v1SCXW268337643 v1BCX0\">mais de 50 anos dedicados a dar assist\u00eancia aos doentes, pobres e<\/span><\/span><span class=\"v1LineBreakBlob v1BlobObject v1DragDrop v1SCXW268337643 v1BCX0\"><span class=\"v1SCXW268337643 v1BCX0\">&nbsp;<\/span><\/span><span class=\"v1TextRun v1SCXW268337643 v1BCX0\" lang=\"PT-BR\"><span class=\"v1NormalTextRun v1SCXW268337643 v1BCX0\">necessitados.<\/span><\/span><span class=\"v1EOP v1SCXW268337643 v1BCX0\">&nbsp;<\/span><\/p>\n<p class=\"v1Paragraph v1SCXW268337643 v1BCX0\" lang=\"PT-BR\"><strong><span class=\"v1TextRun v1SCXW268337643 v1BCX0\" lang=\"PT-BR\"><span class=\"v1NormalTextRun v1SCXW268337643 v1BCX0\">Morte<\/span><\/span><\/strong><span class=\"v1LineBreakBlob v1BlobObject v1DragDrop v1SCXW268337643 v1BCX0\"><strong><span class=\"v1SCXW268337643 v1BCX0\">&nbsp;<\/span><\/strong><\/span><\/p>\n<\/div>\n<div class=\"v1OutlineElement v1Ltr v1BCX0 v1SCXW268337643\">\n<p class=\"v1Paragraph v1SCXW268337643 v1BCX0\" lang=\"PT-BR\"><span class=\"v1TextRun v1SCXW268337643 v1BCX0\" lang=\"PT-BR\"><span class=\"v1NormalTextRun v1SCXW268337643 v1BCX0\">Irm\u00e3 Dulce come\u00e7ou a apresentar problemas respirat\u00f3rios e, apesar de ter<\/span><\/span><span class=\"v1LineBreakBlob v1BlobObject v1DragDrop v1SCXW268337643 v1BCX0\"><span class=\"v1SCXW268337643 v1BCX0\">&nbsp;<\/span><\/span><span class=\"v1TextRun v1SCXW268337643 v1BCX0\" lang=\"PT-BR\"><span class=\"v1NormalTextRun v1SCXW268337643 v1BCX0\">uma sa\u00fade fr\u00e1gil, n\u00e3o interrompeu o seu trabalho. J\u00e1 debilitada, foi<\/span><\/span><span class=\"v1LineBreakBlob v1BlobObject v1DragDrop v1SCXW268337643 v1BCX0\"><span class=\"v1SCXW268337643 v1BCX0\">&nbsp;<\/span><\/span><span class=\"v1TextRun v1SCXW268337643 v1BCX0\" lang=\"PT-BR\"><span class=\"v1NormalTextRun v1SCXW268337643 v1BCX0\">internada no HospitalPortugu\u00eas da Bahia, depois transferida para a UTI<\/span><\/span><span class=\"v1LineBreakBlob v1BlobObject v1DragDrop v1SCXW268337643 v1BCX0\"><span class=\"v1SCXW268337643 v1BCX0\">&nbsp;<\/span><\/span><span class=\"v1TextRun v1SCXW268337643 v1BCX0\" lang=\"PT-BR\"><span class=\"v1NormalTextRun v1SCXW268337643 v1BCX0\">do Hospital Alian\u00e7a e finalmente para o Hospital Santo Ant\u00f4nio.<\/span><\/span><span class=\"v1LineBreakBlob v1BlobObject v1DragDrop v1SCXW268337643 v1BCX0\"><span class=\"v1SCXW268337643 v1BCX0\">&nbsp;<\/span><\/span><span class=\"v1TextRun v1SCXW268337643 v1BCX0\" lang=\"PT-BR\"><span class=\"v1NormalTextRun v1SCXW268337643 v1BCX0\">No dia 20 de outubro de 1991, Irm\u00e3 Dulce recebeu a visita do Papa Jo\u00e3o<\/span><\/span><span class=\"v1LineBreakBlob v1BlobObject v1DragDrop v1SCXW268337643 v1BCX0\"><span class=\"v1SCXW268337643 v1BCX0\">&nbsp;<\/span><\/span><span class=\"v1TextRun v1SCXW268337643 v1BCX0\" lang=\"PT-BR\"><span class=\"v1NormalTextRun v1SCXW268337643 v1BCX0\">Paulo II para receber a ben\u00e7\u00e3o e a extrema-un\u00e7\u00e3o.<\/span><\/span><span class=\"v1LineBreakBlob v1BlobObject v1DragDrop v1SCXW268337643 v1BCX0\"><span class=\"v1SCXW268337643 v1BCX0\">&nbsp;<\/span><br class=\"v1SCXW268337643 v1BCX0\"><\/span><span class=\"v1TextRun v1SCXW268337643 v1BCX0\" lang=\"PT-BR\"><span class=\"v1NormalTextRun v1SCXW268337643 v1BCX0\">Irm\u00e3 Dulce faleceu em Salvador, no dia 13 de mar\u00e7o de 1992. Seus restos<\/span><\/span><span class=\"v1LineBreakBlob v1BlobObject v1DragDrop v1SCXW268337643 v1BCX0\"><span class=\"v1SCXW268337643 v1BCX0\">&nbsp;<\/span><\/span><span class=\"v1TextRun v1SCXW268337643 v1BCX0\" lang=\"PT-BR\"><span class=\"v1NormalTextRun v1SCXW268337643 v1BCX0\">mortais est\u00e3o enterrados na Capela do Hospital Santo Ant\u00f4nio.<\/span><\/span><span class=\"v1LineBreakBlob v1BlobObject v1DragDrop v1SCXW268337643 v1BCX0\"><span class=\"v1SCXW268337643 v1BCX0\">&nbsp;<\/span><\/span><\/p>\n<p class=\"v1Paragraph v1SCXW268337643 v1BCX0\" lang=\"PT-BR\"><span class=\"v1EOP v1SCXW268337643 v1BCX0\">&nbsp;<\/span><strong><span class=\"v1TextRun v1SCXW268337643 v1BCX0\" lang=\"PT-BR\"><span class=\"v1NormalTextRun v1SCXW268337643 v1BCX0\">Beatifica\u00e7\u00e3o<\/span><\/span><span class=\"v1EOP v1SCXW268337643 v1BCX0\">&nbsp;<\/span><\/strong><\/p>\n<\/div>\n<div class=\"v1OutlineElement v1Ltr v1BCX0 v1SCXW268337643\">\n<p class=\"v1Paragraph v1SCXW268337643 v1BCX0\" lang=\"PT-BR\"><span class=\"v1TextRun v1SCXW268337643 v1BCX0\" lang=\"PT-BR\"><span class=\"v1NormalTextRun v1SCXW268337643 v1BCX0\">Em outubro de 2010, o Vaticano confirmou um milagre atribu\u00eddo \u00e0<\/span><\/span><span class=\"v1LineBreakBlob v1BlobObject v1DragDrop v1SCXW268337643 v1BCX0\"><span class=\"v1SCXW268337643 v1BCX0\">&nbsp;<\/span><\/span><span class=\"v1TextRun v1SCXW268337643 v1BCX0\" lang=\"PT-BR\"><span class=\"v1NormalTextRun v1SCXW268337643 v1BCX0\">religiosa baiana: a recupera\u00e7\u00e3o de uma mulher desenganada depois do<\/span><\/span><span class=\"v1LineBreakBlob v1BlobObject v1DragDrop v1SCXW268337643 v1BCX0\"><span class=\"v1SCXW268337643 v1BCX0\">&nbsp;<\/span><br class=\"v1SCXW268337643 v1BCX0\"><\/span><span class=\"v1TextRun v1SCXW268337643 v1BCX0\" lang=\"PT-BR\"><span class=\"v1NormalTextRun v1SCXW268337643 v1BCX0\">parto.<\/span><\/span><span class=\"v1LineBreakBlob v1BlobObject v1DragDrop v1SCXW268337643 v1BCX0\"><span class=\"v1SCXW268337643 v1BCX0\">&nbsp;<\/span><br class=\"v1SCXW268337643 v1BCX0\"><\/span><span class=\"v1TextRun v1SCXW268337643 v1BCX0\" lang=\"PT-BR\"><span class=\"v1NormalTextRun v1SCXW268337643 v1BCX0\">A cerim\u00f4nia de beatifica\u00e7\u00e3o foi realizada na cidade de Salvador, no dia<\/span><\/span><span class=\"v1LineBreakBlob v1BlobObject v1DragDrop v1SCXW268337643 v1BCX0\"><span class=\"v1SCXW268337643 v1BCX0\">&nbsp;<\/span><\/span><span class=\"v1TextRun v1SCXW268337643 v1BCX0\" lang=\"PT-BR\"><span class=\"v1NormalTextRun v1SCXW268337643 v1BCX0\">22 de maio de 2011, presidida pelo Arcebispo Em\u00e9rito de Salvador, Dom<\/span><\/span><span class=\"v1LineBreakBlob v1BlobObject v1DragDrop v1SCXW268337643 v1BCX0\"><span class=\"v1SCXW268337643 v1BCX0\">&nbsp;<\/span><\/span><span class=\"v1TextRun v1SCXW268337643 v1BCX0\" lang=\"PT-BR\"><span class=\"v1NormalTextRun v1SCXW268337643 v1BCX0\">Geraldo&nbsp;<\/span><span class=\"v1NormalTextRun v1SpellingErrorV2 v1SCXW268337643 v1BCX0\">Majella<\/span><span class=\"v1NormalTextRun v1SCXW268337643 v1BCX0\">&nbsp;Agnelo, enviado do Papa Bento XVI. Como foi tamb\u00e9m<\/span><\/span><span class=\"v1LineBreakBlob v1BlobObject v1DragDrop v1SCXW268337643 v1BCX0\"><span class=\"v1SCXW268337643 v1BCX0\">&nbsp;<\/span><\/span><span class=\"v1TextRun v1SCXW268337643 v1BCX0\" lang=\"PT-BR\"><span class=\"v1NormalTextRun v1SCXW268337643 v1BCX0\">comprovado um segundo milagre, Irm\u00e3 Dulce recebeu a decis\u00e3o de ser<\/span><\/span><span class=\"v1LineBreakBlob v1BlobObject v1DragDrop v1SCXW268337643 v1BCX0\"><span class=\"v1SCXW268337643 v1BCX0\">&nbsp;<\/span><\/span><span class=\"v1TextRun v1SCXW268337643 v1BCX0\" lang=\"PT-BR\"><span class=\"v1NormalTextRun v1SCXW268337643 v1BCX0\">canonizada.<\/span><\/span><span class=\"v1LineBreakBlob v1BlobObject v1DragDrop v1SCXW268337643 v1BCX0\"><span class=\"v1SCXW268337643 v1BCX0\">&nbsp;<\/span><br class=\"v1SCXW268337643 v1BCX0\"><\/span><span class=\"v1EOP v1SCXW268337643 v1BCX0\">&nbsp;<\/span><strong><span class=\"v1TextRun v1SCXW268337643 v1BCX0\" lang=\"PT-BR\"><span class=\"v1NormalTextRun v1SCXW268337643 v1BCX0\">Reconhecimento do segundo&nbsp;<\/span><span class=\"v1NormalTextRun v1SCXW268337643 v1BCX0\">milagr<\/span><span class=\"v1NormalTextRun v1SCXW268337643 v1BCX0\">e<\/span><\/span><\/strong><span class=\"v1EOP v1SCXW268337643 v1BCX0\">&nbsp;<\/span><\/p>\n<\/div>\n<div class=\"v1OutlineElement v1Ltr v1BCX0 v1SCXW268337643\">\n<p class=\"v1Paragraph v1SCXW268337643 v1BCX0\" lang=\"PT-BR\"><span class=\"v1LineBreakBlob v1BlobObject v1DragDrop v1SCXW268337643 v1BCX0\"><span class=\"v1SCXW268337643 v1BCX0\">&nbsp;<\/span><\/span><span class=\"v1TextRun v1SCXW268337643 v1BCX0\" lang=\"PT-BR\"><span class=\"v1NormalTextRun v1SCXW268337643 v1BCX0\">No dia 14 de maio de 2019, o Vaticano reconheceu o segundo milagre de<\/span><\/span><span class=\"v1LineBreakBlob v1BlobObject v1DragDrop v1SCXW268337643 v1BCX0\"><span class=\"v1SCXW268337643 v1BCX0\">&nbsp;<\/span><\/span><span class=\"v1TextRun v1SCXW268337643 v1BCX0\" lang=\"PT-BR\"><span class=\"v1NormalTextRun v1SCXW268337643 v1BCX0\">Irm\u00e3 Dulce, que ser\u00e1 proclamada Santa, informou o Vaticano. O milagre<\/span><\/span><span class=\"v1LineBreakBlob v1BlobObject v1DragDrop v1SCXW268337643 v1BCX0\"><span class=\"v1SCXW268337643 v1BCX0\">&nbsp;<\/span><\/span><span class=\"v1TextRun v1SCXW268337643 v1BCX0\" lang=\"PT-BR\"><span class=\"v1NormalTextRun v1SCXW268337643 v1BCX0\">ocorreu com um m\u00fasico que pediu ajuda \u00e0 Irm\u00e3 Dulce e voltou a enxergar,<\/span><\/span><span class=\"v1LineBreakBlob v1BlobObject v1DragDrop v1SCXW268337643 v1BCX0\"><span class=\"v1SCXW268337643 v1BCX0\">&nbsp;<\/span><\/span><span class=\"v1TextRun v1SCXW268337643 v1BCX0\" lang=\"PT-BR\"><span class=\"v1NormalTextRun v1SCXW268337643 v1BCX0\">ap\u00f3s ter sido cego por 14 anos.<\/span><\/span><span class=\"v1LineBreakBlob v1BlobObject v1DragDrop v1SCXW268337643 v1BCX0\"><span class=\"v1SCXW268337643 v1BCX0\">&nbsp;<\/span><br class=\"v1SCXW268337643 v1BCX0\"><\/span><strong><span class=\"v1TextRun v1SCXW268337643 v1BCX0\" lang=\"PT-BR\"><span class=\"v1NormalTextRun v1SCXW268337643 v1BCX0\">Canoniza\u00e7\u00e3o<\/span><\/span><span class=\"v1LineBreakBlob v1BlobObject v1DragDrop v1SCXW268337643 v1BCX0\"><span class=\"v1SCXW268337643 v1BCX0\">&nbsp;<\/span><\/span><\/strong><\/p>\n<p class=\"v1Paragraph v1SCXW268337643 v1BCX0\" lang=\"PT-BR\"><span class=\"v1TextRun v1SCXW268337643 v1BCX0\" lang=\"PT-BR\"><span class=\"v1NormalTextRun v1SCXW268337643 v1BCX0\">No dia 13 de outubro de 2019, em cerim\u00f4nia realizada pelo Papa<\/span><\/span><span class=\"v1LineBreakBlob v1BlobObject v1DragDrop v1SCXW268337643 v1BCX0\"><span class=\"v1SCXW268337643 v1BCX0\">&nbsp;<\/span><\/span><span class=\"v1TextRun v1SCXW268337643 v1BCX0\" lang=\"PT-BR\"><span class=\"v1NormalTextRun v1SCXW268337643 v1BCX0\">Francisco, no Vaticano, Irm\u00e3 Dulce, foi declarada santa, com dois<\/span><\/span><span class=\"v1LineBreakBlob v1BlobObject v1DragDrop v1SCXW268337643 v1BCX0\"><span class=\"v1SCXW268337643 v1BCX0\">&nbsp;<\/span><\/span><span class=\"v1TextRun v1SCXW268337643 v1BCX0\" lang=\"PT-BR\"><span class=\"v1NormalTextRun v1SCXW268337643 v1BCX0\">milagres reconhecidos. Irm\u00e3 Dulce entrou para a hist\u00f3ria como a primeira<\/span><\/span><span class=\"v1LineBreakBlob v1BlobObject v1DragDrop v1SCXW268337643 v1BCX0\"><span class=\"v1SCXW268337643 v1BCX0\">&nbsp;<\/span><\/span><span class=\"v1TextRun v1SCXW268337643 v1BCX0\" lang=\"PT-BR\"><span class=\"v1NormalTextRun v1SCXW268337643 v1BCX0\">santa brasileira.<\/span><\/span><span class=\"v1EOP v1SCXW268337643 v1BCX0\">&nbsp;<\/span><\/p>\n<\/div>\n","protected":false},"excerpt":{"rendered":"<p>Segunda filha do dentista Augusto Lopes Pontes, professor da Faculdade&nbsp;&nbsp;de Odontologia, e de Dulce Maria de Souza Brito Lopes Pontes, ao nascer&nbsp;em 26 de maio de 1914, em Salvador, Irm\u00e3 Dulce recebeu o nome de Maria&nbsp;Rita de Souza Brito Lopes Pontes. O beb\u00ea veio ao mundo na Rua S\u00e3o Jos\u00e9&nbsp;&nbsp;de Baixo, 36, no bairro do&nbsp;<\/p>\n<p><a class=\"btn btn-style\" href=\"https:\/\/portalcatolico.net\/portal\/a-igreja-celebra-irma-dulce-dos-podres-o-anjo-bom-da-bahia-e-a-primeira-brasileira-proclamada-santa\/\">Continue Reading<\/a><\/p>\n","protected":false},"author":2,"featured_media":73270,"comment_status":"open","ping_status":"open","sticky":false,"template":"","format":"standard","meta":{"footnotes":""},"categories":[70],"tags":[],"class_list":["post-73282","post","type-post","status-publish","format-standard","has-post-thumbnail","hentry","category-testemunhos"],"_links":{"self":[{"href":"https:\/\/portalcatolico.net\/portal\/wp-json\/wp\/v2\/posts\/73282","targetHints":{"allow":["GET"]}}],"collection":[{"href":"https:\/\/portalcatolico.net\/portal\/wp-json\/wp\/v2\/posts"}],"about":[{"href":"https:\/\/portalcatolico.net\/portal\/wp-json\/wp\/v2\/types\/post"}],"author":[{"embeddable":true,"href":"https:\/\/portalcatolico.net\/portal\/wp-json\/wp\/v2\/users\/2"}],"replies":[{"embeddable":true,"href":"https:\/\/portalcatolico.net\/portal\/wp-json\/wp\/v2\/comments?post=73282"}],"version-history":[{"count":1,"href":"https:\/\/portalcatolico.net\/portal\/wp-json\/wp\/v2\/posts\/73282\/revisions"}],"predecessor-version":[{"id":73283,"href":"https:\/\/portalcatolico.net\/portal\/wp-json\/wp\/v2\/posts\/73282\/revisions\/73283"}],"wp:featuredmedia":[{"embeddable":true,"href":"https:\/\/portalcatolico.net\/portal\/wp-json\/wp\/v2\/media\/73270"}],"wp:attachment":[{"href":"https:\/\/portalcatolico.net\/portal\/wp-json\/wp\/v2\/media?parent=73282"}],"wp:term":[{"taxonomy":"category","embeddable":true,"href":"https:\/\/portalcatolico.net\/portal\/wp-json\/wp\/v2\/categories?post=73282"},{"taxonomy":"post_tag","embeddable":true,"href":"https:\/\/portalcatolico.net\/portal\/wp-json\/wp\/v2\/tags?post=73282"}],"curies":[{"name":"wp","href":"https:\/\/api.w.org\/{rel}","templated":true}]}}