{"id":73214,"date":"2021-08-04T18:19:06","date_gmt":"2021-08-04T21:19:06","guid":{"rendered":"http:\/\/portalcatolico.net\/portal\/?p=73214"},"modified":"2021-08-04T20:19:19","modified_gmt":"2021-08-04T23:19:19","slug":"esta-chegando-a-hora-de-celebrar-a-semana-nacional-da-familia","status":"publish","type":"post","link":"https:\/\/portalcatolico.net\/portal\/esta-chegando-a-hora-de-celebrar-a-semana-nacional-da-familia\/","title":{"rendered":"Est\u00e1 chegando a hora de celebrar a Semana Nacional da Fam\u00edlia!"},"content":{"rendered":"<div class=\"v1OutlineElement v1Ltr v1BCX0 v1SCXW21858802\">\n<p class=\"v1Paragraph v1SCXW21858802 v1BCX0\" lang=\"PT-BR\"><span class=\"v1TextRun v1SCXW21858802 v1BCX0\" lang=\"PT-BR\"><span class=\"v1NormalTextRun v1SCXW21858802 v1BCX0\">Todos os anos, em agosto, \u00e9 celebrada em toda a Igreja Cat\u00f3lica do Brasil, a Semana Nacional da Fam\u00edlia. As celebra\u00e7\u00f5es deste ano, acontecer\u00e3o a partir do domingo, dia&nbsp;<\/span><span class=\"v1NormalTextRun v1SCXW21858802 v1BCX0\">8, em que \u00e9 celebrado o Dia dos Pais.&nbsp;<\/span><span class=\"v1NormalTextRun v1SCXW21858802 v1BCX0\">&nbsp;<\/span><span class=\"v1NormalTextRun v1SCXW21858802 v1BCX0\">A programa\u00e7\u00e3o segue at\u00e9 o dia<\/span><span class=\"v1NormalTextRun v1SCXW21858802 v1BCX0\">&nbsp;14 de<\/span><span class=\"v1NormalTextRun v1SCXW21858802 v1BCX0\">&nbsp;<\/span><span class=\"v1NormalTextRun v1SCXW21858802 v1BCX0\">agosto<\/span><span class=\"v1NormalTextRun v1SCXW21858802 v1BCX0\">, com o<\/span><span class=\"v1NormalTextRun v1SCXW21858802 v1BCX0\">&nbsp;tema<\/span><span class=\"v1NormalTextRun v1SCXW21858802 v1BCX0\">:<\/span><span class=\"v1NormalTextRun v1SCXW21858802 v1BCX0\">&nbsp;&#8220;Alegria do amor na&nbsp;<\/span><span class=\"v1NormalTextRun v1ContextualSpellingAndGrammarErrorV2 v1GrammarErrorHighlight v1SCXW21858802 v1BCX0\">fam\u00edlia&#8221;<\/span><span class=\"v1NormalTextRun v1SCXW21858802 v1BCX0\">.&nbsp;<\/span><span class=\"v1NormalTextRun v1SCXW21858802 v1BCX0\">&nbsp;<\/span><span class=\"v1NormalTextRun v1SCXW21858802 v1BCX0\">A<\/span><span class=\"v1NormalTextRun v1SCXW21858802 v1BCX0\">&nbsp;inten\u00e7\u00e3o \u00e9<\/span><span class=\"v1NormalTextRun v1SCXW21858802 v1BCX0\">&nbsp;<\/span><span class=\"v1NormalTextRun v1SCXW21858802 v1BCX0\">celebrar o Ano Fam\u00edlia&nbsp;<\/span><span class=\"v1NormalTextRun v1SpellingErrorV2 v1SCXW21858802 v1BCX0\">Amoris<\/span><span class=\"v1NormalTextRun v1SCXW21858802 v1BCX0\">&nbsp;<\/span><span class=\"v1NormalTextRun v1SpellingErrorV2 v1SCXW21858802 v1BCX0\">Laetitia<\/span><span class=\"v1NormalTextRun v1SCXW21858802 v1BCX0\">, iniciado no dia de S\u00e3o Jos\u00e9 (19<\/span><span class=\"v1NormalTextRun v1SCXW21858802 v1BCX0\">&nbsp;<\/span><span class=\"v1NormalTextRun v1SCXW21858802 v1BCX0\">de mar\u00e7o), convocado com o objetivo de marcar os cinco anos da exorta\u00e7\u00e3o<\/span><span class=\"v1NormalTextRun v1SCXW21858802 v1BCX0\">&nbsp;<\/span><span class=\"v1NormalTextRun v1SCXW21858802 v1BCX0\">apost\u00f3lica do Papa Francisco fruto de dois s\u00ednodos sobre a fam\u00edlia.<\/span><\/span><span class=\"v1LineBreakBlob v1BlobObject v1DragDrop v1SCXW21858802 v1BCX0\"><span class=\"v1SCXW21858802 v1BCX0\">&nbsp;<\/span><br class=\"v1SCXW21858802 v1BCX0\"><\/span><span class=\"v1LineBreakBlob v1BlobObject v1DragDrop v1SCXW21858802 v1BCX0\"><span class=\"v1SCXW21858802 v1BCX0\">&nbsp;<\/span><br class=\"v1SCXW21858802 v1BCX0\"><\/span><span class=\"v1TextRun v1SCXW21858802 v1BCX0\" lang=\"PT-BR\"><span class=\"v1NormalTextRun v1SCXW21858802 v1BCX0\">Confira abaixo, a programa\u00e7\u00e3o da<\/span><span class=\"v1NormalTextRun v1SCXW21858802 v1BCX0\">&nbsp;Semana Nacional da Fam\u00edlia nas par\u00f3quias da diocese de<\/span><\/span><span class=\"v1LineBreakBlob v1BlobObject v1DragDrop v1SCXW21858802 v1BCX0\"><span class=\"v1SCXW21858802 v1BCX0\">&nbsp;<\/span><br class=\"v1SCXW21858802 v1BCX0\"><\/span><span class=\"v1TextRun v1SCXW21858802 v1BCX0\" lang=\"PT-BR\"><span class=\"v1NormalTextRun v1SCXW21858802 v1BCX0\">Itabuna, no sul da Bahia<\/span><span class=\"v1NormalTextRun v1SCXW21858802 v1BCX0\">.<\/span><\/span><span class=\"v1LineBreakBlob v1BlobObject v1DragDrop v1SCXW21858802 v1BCX0\"><span class=\"v1SCXW21858802 v1BCX0\">&nbsp;<\/span><br class=\"v1SCXW21858802 v1BCX0\"><\/span><span class=\"v1EOP v1SCXW21858802 v1BCX0\">&nbsp;<\/span><\/p>\n<\/div>\n<div class=\"v1OutlineElement v1Ltr v1BCX0 v1SCXW21858802\">\n<p class=\"v1Paragraph v1SCXW21858802 v1BCX0\" lang=\"PT-BR\"><span class=\"v1TextRun v1SCXW21858802 v1BCX0\" lang=\"PT-BR\"><span class=\"v1NormalTextRun v1SCXW21858802 v1BCX0\">Programa\u00e7\u00e3o da&nbsp;<\/span><span class=\"v1NormalTextRun v1SCXW21858802 v1BCX0\">P<\/span><span class=\"v1NormalTextRun v1SCXW21858802 v1BCX0\">ar\u00f3quia Santa Rita de C\u00e1ssia, situada no<\/span><span class=\"v1NormalTextRun v1SCXW21858802 v1BCX0\">&nbsp;<\/span><span class=\"v1NormalTextRun v1SCXW21858802 v1BCX0\">bairro S\u00e3o Caetano, na cidade de Itabuna<\/span><span class=\"v1NormalTextRun v1SCXW21858802 v1BCX0\">:<\/span><\/span><span class=\"v1LineBreakBlob v1BlobObject v1DragDrop v1SCXW21858802 v1BCX0\"><span class=\"v1SCXW21858802 v1BCX0\">&nbsp;<\/span><br class=\"v1SCXW21858802 v1BCX0\"><\/span><span class=\"v1LineBreakBlob v1BlobObject v1DragDrop v1SCXW21858802 v1BCX0\"><span class=\"v1SCXW21858802 v1BCX0\">&nbsp;<\/span><br class=\"v1SCXW21858802 v1BCX0\"><\/span><span class=\"v1TextRun v1SCXW21858802 v1BCX0\" lang=\"PT-BR\"><span class=\"v1NormalTextRun v1SCXW21858802 v1BCX0\">Ter\u00e7a-<\/span><span class=\"v1NormalTextRun v1ContextualSpellingAndGrammarErrorV2 v1SCXW21858802 v1BCX0\">feira,&nbsp; 03<\/span><span class=\"v1NormalTextRun v1SCXW21858802 v1BCX0\">\/08 &#8211; Ter\u00e7o luminoso ap\u00f3s a missa das 19<\/span><span class=\"v1NormalTextRun v1SCXW21858802 v1BCX0\">h<\/span><span class=\"v1NormalTextRun v1SCXW21858802 v1BCX0\">.&nbsp; Levar<\/span><\/span><span class=\"v1LineBreakBlob v1BlobObject v1DragDrop v1SCXW21858802 v1BCX0\"><span class=\"v1SCXW21858802 v1BCX0\">&nbsp;<\/span><br class=\"v1SCXW21858802 v1BCX0\"><\/span><span class=\"v1TextRun v1SCXW21858802 v1BCX0\" lang=\"PT-BR\"><span class=\"v1NormalTextRun v1SCXW21858802 v1BCX0\">vela.<\/span><\/span><span class=\"v1LineBreakBlob v1BlobObject v1DragDrop v1SCXW21858802 v1BCX0\"><span class=\"v1SCXW21858802 v1BCX0\">&nbsp;<\/span><br class=\"v1SCXW21858802 v1BCX0\"><\/span><span class=\"v1LineBreakBlob v1BlobObject v1DragDrop v1SCXW21858802 v1BCX0\"><span class=\"v1SCXW21858802 v1BCX0\">&nbsp;<\/span><br class=\"v1SCXW21858802 v1BCX0\"><\/span><span class=\"v1TextRun v1SCXW21858802 v1BCX0\" lang=\"PT-BR\"><span class=\"v1NormalTextRun v1SCXW21858802 v1BCX0\">Quarta-<\/span><span class=\"v1NormalTextRun v1ContextualSpellingAndGrammarErrorV2 v1SCXW21858802 v1BCX0\">feira,&nbsp; 04<\/span><span class=\"v1NormalTextRun v1SCXW21858802 v1BCX0\">\/08 &#8211; Grupo de ora\u00e7\u00e3o voltado para as Fam\u00edlias.&nbsp;<\/span><\/span><span class=\"v1LineBreakBlob v1BlobObject v1DragDrop v1SCXW21858802 v1BCX0\"><span class=\"v1SCXW21858802 v1BCX0\">&nbsp;<\/span><br class=\"v1SCXW21858802 v1BCX0\"><\/span><span class=\"v1TextRun v1SCXW21858802 v1BCX0\" lang=\"PT-BR\"><span class=\"v1NormalTextRun v1SCXW21858802 v1BCX0\">Convide sua fam\u00edlia p<\/span><span class=\"v1NormalTextRun v1SCXW21858802 v1BCX0\">ara<\/span><span class=\"v1NormalTextRun v1SCXW21858802 v1BCX0\">&nbsp;participar<\/span><span class=\"v1NormalTextRun v1SCXW21858802 v1BCX0\">,<\/span><span class=\"v1NormalTextRun v1SCXW21858802 v1BCX0\">&nbsp;<\/span><span class=\"v1NormalTextRun v1SCXW21858802 v1BCX0\">\u00e0s<\/span><span class=\"v1NormalTextRun v1SCXW21858802 v1BCX0\">&nbsp;18h30min.<\/span><\/span><span class=\"v1LineBreakBlob v1BlobObject v1DragDrop v1SCXW21858802 v1BCX0\"><span class=\"v1SCXW21858802 v1BCX0\">&nbsp;<\/span><br class=\"v1SCXW21858802 v1BCX0\"><\/span><span class=\"v1LineBreakBlob v1BlobObject v1DragDrop v1SCXW21858802 v1BCX0\"><span class=\"v1SCXW21858802 v1BCX0\">&nbsp;<\/span><br class=\"v1SCXW21858802 v1BCX0\"><\/span><span class=\"v1TextRun v1SCXW21858802 v1BCX0\" lang=\"PT-BR\"><span class=\"v1NormalTextRun v1SCXW21858802 v1BCX0\">Quinta-<\/span><span class=\"v1NormalTextRun v1ContextualSpellingAndGrammarErrorV2 v1SCXW21858802 v1BCX0\">feira,&nbsp; 05<\/span><span class=\"v1NormalTextRun v1SCXW21858802 v1BCX0\">\/08 &#8211; B\u00ean\u00e7\u00e3o das fam\u00edlias na Santa Missa, \u00e0s 19<\/span><span class=\"v1NormalTextRun v1SCXW21858802 v1BCX0\">h<\/span><span class=\"v1NormalTextRun v1SCXW21858802 v1BCX0\">.<\/span><\/span><span class=\"v1LineBreakBlob v1BlobObject v1DragDrop v1SCXW21858802 v1BCX0\"><span class=\"v1SCXW21858802 v1BCX0\">&nbsp;<\/span><br class=\"v1SCXW21858802 v1BCX0\"><\/span><span class=\"v1LineBreakBlob v1BlobObject v1DragDrop v1SCXW21858802 v1BCX0\"><span class=\"v1SCXW21858802 v1BCX0\">&nbsp;<\/span><br class=\"v1SCXW21858802 v1BCX0\"><\/span><span class=\"v1TextRun v1SCXW21858802 v1BCX0\" lang=\"PT-BR\"><span class=\"v1NormalTextRun v1SCXW21858802 v1BCX0\">Sexta-<\/span><span class=\"v1NormalTextRun v1ContextualSpellingAndGrammarErrorV2 v1SCXW21858802 v1BCX0\">feira,&nbsp; 06<\/span><span class=\"v1NormalTextRun v1SCXW21858802 v1BCX0\">\/08 &#8211; Adora\u00e7\u00e3o ao&nbsp;<\/span><span class=\"v1NormalTextRun v1ContextualSpellingAndGrammarErrorV2 v1SCXW21858802 v1BCX0\">Sant\u00edssimo&nbsp; com<\/span><span class=\"v1NormalTextRun v1SCXW21858802 v1BCX0\">&nbsp;as fam\u00edlias, na Santa<\/span><\/span><span class=\"v1LineBreakBlob v1BlobObject v1DragDrop v1SCXW21858802 v1BCX0\"><span class=\"v1SCXW21858802 v1BCX0\">&nbsp;<\/span><br class=\"v1SCXW21858802 v1BCX0\"><\/span><span class=\"v1TextRun v1SCXW21858802 v1BCX0\" lang=\"PT-BR\"><span class=\"v1NormalTextRun v1ContextualSpellingAndGrammarErrorV2 v1SCXW21858802 v1BCX0\">Missa,&nbsp; \u00e0s<\/span><span class=\"v1NormalTextRun v1SCXW21858802 v1BCX0\">&nbsp;19<\/span><span class=\"v1NormalTextRun v1SCXW21858802 v1BCX0\">h<\/span><span class=\"v1NormalTextRun v1SCXW21858802 v1BCX0\">.<\/span><\/span><span class=\"v1LineBreakBlob v1BlobObject v1DragDrop v1SCXW21858802 v1BCX0\"><span class=\"v1SCXW21858802 v1BCX0\">&nbsp;<\/span><br class=\"v1SCXW21858802 v1BCX0\"><\/span><span class=\"v1LineBreakBlob v1BlobObject v1DragDrop v1SCXW21858802 v1BCX0\"><span class=\"v1SCXW21858802 v1BCX0\">&nbsp;<\/span><br class=\"v1SCXW21858802 v1BCX0\"><\/span><span class=\"v1TextRun v1SCXW21858802 v1BCX0\" lang=\"PT-BR\"><span class=\"v1NormalTextRun v1ContextualSpellingAndGrammarErrorV2 v1SCXW21858802 v1BCX0\">S\u00e1bado,&nbsp; 07<\/span><span class=\"v1NormalTextRun v1SCXW21858802 v1BCX0\">\/08 &#8211;&nbsp;<\/span><span class=\"v1NormalTextRun v1ContextualSpellingAndGrammarErrorV2 v1SCXW21858802 v1BCX0\">Momento&nbsp; com<\/span><span class=\"v1NormalTextRun v1SCXW21858802 v1BCX0\">&nbsp;os&nbsp;<\/span><span class=\"v1NormalTextRun v1ContextualSpellingAndGrammarErrorV2 v1SCXW21858802 v1BCX0\">jovens,&nbsp; \u00e0s<\/span><span class=\"v1NormalTextRun v1SCXW21858802 v1BCX0\">&nbsp;16<\/span><span class=\"v1NormalTextRun v1ContextualSpellingAndGrammarErrorV2 v1SCXW21858802 v1BCX0\">h<\/span><span class=\"v1NormalTextRun v1ContextualSpellingAndGrammarErrorV2 v1SCXW21858802 v1BCX0\">,&nbsp; encerrando<\/span><span class=\"v1NormalTextRun v1SCXW21858802 v1BCX0\">&nbsp;com<\/span><\/span><span class=\"v1LineBreakBlob v1BlobObject v1DragDrop v1SCXW21858802 v1BCX0\"><span class=\"v1SCXW21858802 v1BCX0\">&nbsp;<\/span><br class=\"v1SCXW21858802 v1BCX0\"><\/span><span class=\"v1TextRun v1SCXW21858802 v1BCX0\" lang=\"PT-BR\"><span class=\"v1NormalTextRun v1SCXW21858802 v1BCX0\">a Santa Missa.<\/span><\/span><span class=\"v1LineBreakBlob v1BlobObject v1DragDrop v1SCXW21858802 v1BCX0\"><span class=\"v1SCXW21858802 v1BCX0\">&nbsp;<\/span><br class=\"v1SCXW21858802 v1BCX0\"><\/span><span class=\"v1LineBreakBlob v1BlobObject v1DragDrop v1SCXW21858802 v1BCX0\"><span class=\"v1SCXW21858802 v1BCX0\">&nbsp;<\/span><br class=\"v1SCXW21858802 v1BCX0\"><\/span><span class=\"v1TextRun v1SCXW21858802 v1BCX0\" lang=\"PT-BR\"><span class=\"v1NormalTextRun v1SCXW21858802 v1BCX0\">Domingo,&nbsp; 08\/08 &#8211; Abertura da Semana Nacional&nbsp; da Fam\u00edlia na Diocese,<\/span><\/span><span class=\"v1LineBreakBlob v1BlobObject v1DragDrop v1SCXW21858802 v1BCX0\"><span class=\"v1SCXW21858802 v1BCX0\">&nbsp;<\/span><br class=\"v1SCXW21858802 v1BCX0\"><\/span><span class=\"v1TextRun v1SCXW21858802 v1BCX0\" lang=\"PT-BR\"><span class=\"v1NormalTextRun v1SCXW21858802 v1BCX0\">com Santa&nbsp;<\/span><span class=\"v1NormalTextRun v1ContextualSpellingAndGrammarErrorV2 v1SCXW21858802 v1BCX0\">Missa,&nbsp; \u00e0s<\/span><span class=\"v1NormalTextRun v1SCXW21858802 v1BCX0\">&nbsp; 18h.<\/span><\/span><span class=\"v1LineBreakBlob v1BlobObject v1DragDrop v1SCXW21858802 v1BCX0\"><span class=\"v1SCXW21858802 v1BCX0\">&nbsp;<\/span><br class=\"v1SCXW21858802 v1BCX0\"><\/span><span class=\"v1LineBreakBlob v1BlobObject v1DragDrop v1SCXW21858802 v1BCX0\"><span class=\"v1SCXW21858802 v1BCX0\">&nbsp;<\/span><br class=\"v1SCXW21858802 v1BCX0\"><\/span><span class=\"v1TextRun v1SCXW21858802 v1BCX0\" lang=\"PT-BR\"><span class=\"v1NormalTextRun v1SCXW21858802 v1BCX0\">Pastoral Familiar e Minist\u00e9rio para as Fam\u00edlias \u2013 Renova\u00e7\u00e3o Carism\u00e1tica<\/span><\/span><span class=\"v1LineBreakBlob v1BlobObject v1DragDrop v1SCXW21858802 v1BCX0\"><span class=\"v1SCXW21858802 v1BCX0\">&nbsp;<\/span><br class=\"v1SCXW21858802 v1BCX0\"><\/span><span class=\"v1TextRun v1SCXW21858802 v1BCX0\" lang=\"PT-BR\"><span class=\"v1NormalTextRun v1SCXW21858802 v1BCX0\">cat\u00f3lica &#8220;RCC&#8221;.<\/span><\/span><span class=\"v1LineBreakBlob v1BlobObject v1DragDrop v1SCXW21858802 v1BCX0\"><span class=\"v1SCXW21858802 v1BCX0\">&nbsp;<\/span><br class=\"v1SCXW21858802 v1BCX0\"><\/span><span class=\"v1EOP v1SCXW21858802 v1BCX0\">&nbsp;<\/span><\/p>\n<\/div>\n<div class=\"v1OutlineElement v1Ltr v1BCX0 v1SCXW21858802\">\n<p class=\"v1Paragraph v1SCXW21858802 v1BCX0\" lang=\"PT-BR\"><span class=\"v1TextRun v1SCXW21858802 v1BCX0\" lang=\"PT-BR\"><span class=\"v1NormalTextRun v1SCXW21858802 v1BCX0\">Todas pastorais Familiares est\u00e3o em sintonia com a Pastoral Familiar<\/span><\/span><span class=\"v1LineBreakBlob v1BlobObject v1DragDrop v1SCXW21858802 v1BCX0\"><span class=\"v1SCXW21858802 v1BCX0\">&nbsp;<\/span><br class=\"v1SCXW21858802 v1BCX0\"><\/span><span class=\"v1TextRun v1SCXW21858802 v1BCX0\" lang=\"PT-BR\"><span class=\"v1NormalTextRun v1SCXW21858802 v1BCX0\">Diocesana.<\/span><span class=\"v1NormalTextRun v1SCXW21858802 v1BCX0\">&nbsp;<\/span><span class=\"v1NormalTextRun v1SCXW21858802 v1BCX0\">Confira algumas atividades que fo<\/span><span class=\"v1NormalTextRun v1SCXW21858802 v1BCX0\">ram<\/span><span class=\"v1NormalTextRun v1SCXW21858802 v1BCX0\">&nbsp;publicada<\/span><span class=\"v1NormalTextRun v1SCXW21858802 v1BCX0\">s<\/span><span class=\"v1NormalTextRun v1SCXW21858802 v1BCX0\">&nbsp;nas redes socias:<\/span><\/span><span class=\"v1LineBreakBlob v1BlobObject v1DragDrop v1SCXW21858802 v1BCX0\"><span class=\"v1SCXW21858802 v1BCX0\">&nbsp;<\/span><br class=\"v1SCXW21858802 v1BCX0\"><\/span><span class=\"v1EOP v1SCXW21858802 v1BCX0\">&nbsp;<\/span><\/p>\n<\/div>\n<div class=\"v1OutlineElement v1Ltr v1BCX0 v1SCXW21858802\">\n<p class=\"v1Paragraph v1SCXW21858802 v1BCX0\" lang=\"PT-BR\"><span class=\"v1TextRun v1SCXW21858802 v1BCX0\" lang=\"PT-BR\"><span class=\"v1NormalTextRun v1SCXW21858802 v1BCX0\">Par<\/span><span class=\"v1NormalTextRun v1SCXW21858802 v1BCX0\">\u00f3<\/span><span class=\"v1NormalTextRun v1SCXW21858802 v1BCX0\">quia Santa Maria&nbsp;<\/span><span class=\"v1NormalTextRun v1SpellingErrorV2 v1SCXW21858802 v1BCX0\">Goretti<\/span><span class=\"v1NormalTextRun v1SCXW21858802 v1BCX0\">&nbsp;realizando o segundo dia da Semana da<\/span><\/span><span class=\"v1LineBreakBlob v1BlobObject v1DragDrop v1SCXW21858802 v1BCX0\"><span class=\"v1SCXW21858802 v1BCX0\">&nbsp;<\/span><br class=\"v1SCXW21858802 v1BCX0\"><\/span><span class=\"v1TextRun v1SCXW21858802 v1BCX0\" lang=\"PT-BR\"><span class=\"v1NormalTextRun v1SCXW21858802 v1BCX0\">fam\u00edlia Paroquial<\/span><span class=\"v1NormalTextRun v1SCXW21858802 v1BCX0\">:&nbsp;<\/span><\/span><a class=\"v1Hyperlink v1SCXW21858802 v1BCX0\" href=\"https:\/\/www.instagram.com\/p\/CSF08wgMh_1\/?utm_medium=share_sheet\" target=\"_blank\" rel=\"noopener noreferrer\"><span class=\"v1TextRun v1Underlined v1SCXW21858802 v1BCX0\" lang=\"PT-BR\"><span class=\"v1NormalTextRun v1SCXW21858802 v1BCX0\">https:\/\/www.instagram.com\/p\/CSF08wgMh_1\/?utm_medium=share_sheet<\/span><\/span><\/a><span class=\"v1LineBreakBlob v1BlobObject v1DragDrop v1SCXW21858802 v1BCX0\"><span class=\"v1SCXW21858802 v1BCX0\">&nbsp;<\/span><br class=\"v1SCXW21858802 v1BCX0\"><\/span><span class=\"v1LineBreakBlob v1BlobObject v1DragDrop v1SCXW21858802 v1BCX0\"><span class=\"v1SCXW21858802 v1BCX0\">&nbsp;<\/span><br class=\"v1SCXW21858802 v1BCX0\"><\/span><span class=\"v1TextRun v1SCXW21858802 v1BCX0\" lang=\"PT-BR\"><span class=\"v1NormalTextRun v1SCXW21858802 v1BCX0\">Ter\u00e7o Luminoso da<\/span><span class=\"v1NormalTextRun v1SCXW21858802 v1BCX0\">&nbsp;<\/span><span class=\"v1NormalTextRun v1SCXW21858802 v1BCX0\">Pastoral Familiar da Comunidade Nossa Senhora Rainha da Paz e do Amor<\/span><span class=\"v1NormalTextRun v1SCXW21858802 v1BCX0\">:&nbsp;<\/span><\/span><a class=\"v1Hyperlink v1SCXW21858802 v1BCX0\" href=\"https:\/\/www.instagram.com\/p\/CSF1SkLMYZp\/?utm_medium=share_sheet\" target=\"_blank\" rel=\"noopener noreferrer\"><span class=\"v1TextRun v1Underlined v1SCXW21858802 v1BCX0\" lang=\"PT-BR\"><span class=\"v1NormalTextRun v1SCXW21858802 v1BCX0\">https:\/\/www.instagram.com\/p\/CSF1SkLMYZp\/?utm_medium=share_sheet<\/span><\/span><\/a><span class=\"v1LineBreakBlob v1BlobObject v1DragDrop v1SCXW21858802 v1BCX0\"><span class=\"v1SCXW21858802 v1BCX0\">&nbsp;<\/span><br class=\"v1SCXW21858802 v1BCX0\"><\/span><span class=\"v1LineBreakBlob v1BlobObject v1DragDrop v1SCXW21858802 v1BCX0\"><span class=\"v1SCXW21858802 v1BCX0\">&nbsp;<\/span><br class=\"v1SCXW21858802 v1BCX0\"><\/span><span class=\"v1TextRun v1SCXW21858802 v1BCX0\" lang=\"PT-BR\"><span class=\"v1NormalTextRun v1SCXW21858802 v1BCX0\">Primeiro Encontro da Semana Nacional da fam\u00edlia para estudo e Ora\u00e7\u00e3o do<\/span><\/span><span class=\"v1LineBreakBlob v1BlobObject v1DragDrop v1SCXW21858802 v1BCX0\"><span class=\"v1SCXW21858802 v1BCX0\">&nbsp;<\/span><br class=\"v1SCXW21858802 v1BCX0\"><\/span><span class=\"v1TextRun v1SCXW21858802 v1BCX0\" lang=\"PT-BR\"><span class=\"v1NormalTextRun v1SCXW21858802 v1BCX0\">Subs\u00eddio H<\/span><span class=\"v1NormalTextRun v1SCXW21858802 v1BCX0\">ora da Fam\u00edlia Pastoral Familiar da<\/span><span class=\"v1NormalTextRun v1SCXW21858802 v1BCX0\">&nbsp;Par<\/span><span class=\"v1NormalTextRun v1SCXW21858802 v1BCX0\">\u00f3<\/span><span class=\"v1NormalTextRun v1SCXW21858802 v1BCX0\">quia Senhor do Bonfim<\/span><span class=\"v1NormalTextRun v1SCXW21858802 v1BCX0\">&nbsp;em<\/span><span class=\"v1NormalTextRun v1SCXW21858802 v1BCX0\">&nbsp;Itabuna<\/span><span class=\"v1NormalTextRun v1SCXW21858802 v1BCX0\">:<\/span><\/span><span class=\"v1LineBreakBlob v1BlobObject v1DragDrop v1SCXW21858802 v1BCX0\"><span class=\"v1SCXW21858802 v1BCX0\">&nbsp;<\/span><br class=\"v1SCXW21858802 v1BCX0\"><\/span><a class=\"v1Hyperlink v1SCXW21858802 v1BCX0\" href=\"https:\/\/www.instagram.com\/p\/CSGBFA9DPZK\/?utm_medium=share_sheet\" target=\"_blank\" rel=\"noopener noreferrer\"><span class=\"v1TextRun v1Underlined v1SCXW21858802 v1BCX0\" lang=\"PT-BR\"><span class=\"v1NormalTextRun v1SCXW21858802 v1BCX0\">https:\/\/www.instagram.com\/p\/CSGBFA9DPZK\/?utm_medium=share_sheet<\/span><\/span><\/a><span class=\"v1LineBreakBlob v1BlobObject v1DragDrop v1SCXW21858802 v1BCX0\"><span class=\"v1SCXW21858802 v1BCX0\">&nbsp;<\/span><br class=\"v1SCXW21858802 v1BCX0\"><\/span><span class=\"v1LineBreakBlob v1BlobObject v1DragDrop v1SCXW21858802 v1BCX0\"><span class=\"v1SCXW21858802 v1BCX0\">&nbsp;<\/span><br class=\"v1SCXW21858802 v1BCX0\"><\/span><span class=\"v1TextRun v1SCXW21858802 v1BCX0\" lang=\"PT-BR\"><span class=\"v1NormalTextRun v1SCXW21858802 v1BCX0\">Par\u00f3quia Santa Rita de C\u00e1ssia iniciando a Semana Nacional da Fam\u00edlia com<\/span><\/span><span class=\"v1LineBreakBlob v1BlobObject v1DragDrop v1SCXW21858802 v1BCX0\"><span class=\"v1SCXW21858802 v1BCX0\">&nbsp;<\/span><br class=\"v1SCXW21858802 v1BCX0\"><\/span><span class=\"v1TextRun v1SCXW21858802 v1BCX0\" lang=\"PT-BR\"><span class=\"v1NormalTextRun v1SCXW21858802 v1BCX0\">os encontros do subs\u00eddio Hora da Fam\u00edlia<\/span><span class=\"v1NormalTextRun v1SCXW21858802 v1BCX0\">:&nbsp;<\/span><\/span><a class=\"v1Hyperlink v1SCXW21858802 v1BCX0\" href=\"https:\/\/www.instagram.com\/p\/CSHg7BJAHJK\/?utm_medium=share_sheet\" target=\"_blank\" rel=\"noopener noreferrer\"><span class=\"v1TextRun v1Underlined v1SCXW21858802 v1BCX0\" lang=\"PT-BR\"><span class=\"v1NormalTextRun v1SCXW21858802 v1BCX0\">https:\/\/www.instagram.com\/p\/CSHg7BJAHJK\/?utm_medium=share_sheet<\/span><\/span><\/a><span class=\"v1LineBreakBlob v1BlobObject v1DragDrop v1SCXW21858802 v1BCX0\"><span class=\"v1SCXW21858802 v1BCX0\">&nbsp;<\/span><br class=\"v1SCXW21858802 v1BCX0\"><\/span><span class=\"v1LineBreakBlob v1BlobObject v1DragDrop v1SCXW21858802 v1BCX0\"><span class=\"v1SCXW21858802 v1BCX0\">&nbsp;<\/span><br class=\"v1SCXW21858802 v1BCX0\"><\/span><span class=\"v1TextRun v1SCXW21858802 v1BCX0\" lang=\"PT-BR\"><span class=\"v1NormalTextRun v1SCXW21858802 v1BCX0\">A Igreja \u00e9 algo vivo e, como todas as coisas vivas, est\u00e1 em<\/span><\/span><span class=\"v1LineBreakBlob v1BlobObject v1DragDrop v1SCXW21858802 v1BCX0\"><span class=\"v1SCXW21858802 v1BCX0\">&nbsp;&nbsp;<\/span><\/span><span class=\"v1TextRun v1SCXW21858802 v1BCX0\" lang=\"PT-BR\"><span class=\"v1NormalTextRun v1SCXW21858802 v1BCX0\">transforma\u00e7\u00e3o, e \u00e0s vezes passa por crises. No&nbsp;<\/span><span class=\"v1NormalTextRun v1SCXW21858802 v1BCX0\">v<\/span><span class=\"v1NormalTextRun v1SCXW21858802 v1BCX0\">\u00eddeo Papa de agosto,<\/span><\/span><span class=\"v1LineBreakBlob v1BlobObject v1DragDrop v1SCXW21858802 v1BCX0\"><span class=\"v1SCXW21858802 v1BCX0\">&nbsp;&nbsp;<\/span><\/span><span class=\"v1TextRun v1SCXW21858802 v1BCX0\" lang=\"PT-BR\"><span class=\"v1NormalTextRun v1SCXW21858802 v1BCX0\">preparado pela Rede Mundial de Ora\u00e7\u00e3o do Papa, Francisco sonha com uma<\/span><\/span><span class=\"v1LineBreakBlob v1BlobObject v1DragDrop v1SCXW21858802 v1BCX0\"><span class=\"v1SCXW21858802 v1BCX0\">&nbsp;&nbsp;<\/span><\/span><span class=\"v1TextRun v1SCXW21858802 v1BCX0\" lang=\"PT-BR\"><span class=\"v1NormalTextRun v1SCXW21858802 v1BCX0\">Igreja ainda mais mission\u00e1ria e nos pede que n\u00e3o tenhamos medo das<\/span><\/span><span class=\"v1LineBreakBlob v1BlobObject v1DragDrop v1SCXW21858802 v1BCX0\"><span class=\"v1SCXW21858802 v1BCX0\">&nbsp;<\/span><\/span><span class=\"v1TextRun v1SCXW21858802 v1BCX0\" lang=\"PT-BR\"><span class=\"v1NormalTextRun v1SCXW21858802 v1BCX0\">dificuldades, que saiamos ao encontro do outro sem preconceitos, que nos<\/span><\/span><span class=\"v1LineBreakBlob v1BlobObject v1DragDrop v1SCXW21858802 v1BCX0\"><span class=\"v1SCXW21858802 v1BCX0\">&nbsp;&nbsp;<\/span><\/span><span class=\"v1TextRun v1SCXW21858802 v1BCX0\" lang=\"PT-BR\"><span class=\"v1NormalTextRun v1SCXW21858802 v1BCX0\">reformemos guiados pelo Esp\u00edrito Santo.<\/span><span class=\"v1NormalTextRun v1SCXW21858802 v1BCX0\">&nbsp;Veja:&nbsp;<\/span><\/span><a class=\"v1Hyperlink v1SCXW21858802 v1BCX0\" href=\"https:\/\/youtu.be\/FIqCZj_ClSg.\" target=\"_blank\" rel=\"noopener noreferrer\"><span class=\"v1TextRun v1Underlined v1SCXW21858802 v1BCX0\" lang=\"PT-BR\"><span class=\"v1NormalTextRun v1SCXW21858802 v1BCX0\">https:\/\/youtu.be\/FIqCZj_ClSg<\/span><span class=\"v1NormalTextRun v1SCXW21858802 v1BCX0\">.<\/span><\/span><\/a><span class=\"v1EOP v1SCXW21858802 v1BCX0\">&nbsp;<\/span><\/p>\n<\/div>\n","protected":false},"excerpt":{"rendered":"<p>Todos os anos, em agosto, \u00e9 celebrada em toda a Igreja Cat\u00f3lica do Brasil, a Semana Nacional da Fam\u00edlia. As celebra\u00e7\u00f5es deste ano, acontecer\u00e3o a partir do domingo, dia&nbsp;8, em que \u00e9 celebrado o Dia dos Pais.&nbsp;&nbsp;A programa\u00e7\u00e3o segue at\u00e9 o dia&nbsp;14 de&nbsp;agosto, com o&nbsp;tema:&nbsp;&#8220;Alegria do amor na&nbsp;fam\u00edlia&#8221;.&nbsp;&nbsp;A&nbsp;inten\u00e7\u00e3o \u00e9&nbsp;celebrar o Ano Fam\u00edlia&nbsp;Amoris&nbsp;Laetitia, iniciado no dia&nbsp;<\/p>\n<p><a class=\"btn btn-style\" href=\"https:\/\/portalcatolico.net\/portal\/esta-chegando-a-hora-de-celebrar-a-semana-nacional-da-familia\/\">Continue Reading<\/a><\/p>\n","protected":false},"author":2,"featured_media":73215,"comment_status":"open","ping_status":"open","sticky":false,"template":"","format":"standard","meta":{"footnotes":""},"categories":[4],"tags":[],"class_list":["post-73214","post","type-post","status-publish","format-standard","has-post-thumbnail","hentry","category-destaques"],"_links":{"self":[{"href":"https:\/\/portalcatolico.net\/portal\/wp-json\/wp\/v2\/posts\/73214","targetHints":{"allow":["GET"]}}],"collection":[{"href":"https:\/\/portalcatolico.net\/portal\/wp-json\/wp\/v2\/posts"}],"about":[{"href":"https:\/\/portalcatolico.net\/portal\/wp-json\/wp\/v2\/types\/post"}],"author":[{"embeddable":true,"href":"https:\/\/portalcatolico.net\/portal\/wp-json\/wp\/v2\/users\/2"}],"replies":[{"embeddable":true,"href":"https:\/\/portalcatolico.net\/portal\/wp-json\/wp\/v2\/comments?post=73214"}],"version-history":[{"count":1,"href":"https:\/\/portalcatolico.net\/portal\/wp-json\/wp\/v2\/posts\/73214\/revisions"}],"predecessor-version":[{"id":73216,"href":"https:\/\/portalcatolico.net\/portal\/wp-json\/wp\/v2\/posts\/73214\/revisions\/73216"}],"wp:featuredmedia":[{"embeddable":true,"href":"https:\/\/portalcatolico.net\/portal\/wp-json\/wp\/v2\/media\/73215"}],"wp:attachment":[{"href":"https:\/\/portalcatolico.net\/portal\/wp-json\/wp\/v2\/media?parent=73214"}],"wp:term":[{"taxonomy":"category","embeddable":true,"href":"https:\/\/portalcatolico.net\/portal\/wp-json\/wp\/v2\/categories?post=73214"},{"taxonomy":"post_tag","embeddable":true,"href":"https:\/\/portalcatolico.net\/portal\/wp-json\/wp\/v2\/tags?post=73214"}],"curies":[{"name":"wp","href":"https:\/\/api.w.org\/{rel}","templated":true}]}}