{"id":73208,"date":"2021-08-04T19:58:52","date_gmt":"2021-08-04T22:58:52","guid":{"rendered":"http:\/\/portalcatolico.net\/portal\/?p=73208"},"modified":"2021-08-04T19:59:45","modified_gmt":"2021-08-04T22:59:45","slug":"agosto-o-mes-das-vocacoes-confira-a-mensagem-do-padre-edinilson-santos-falando-sobre-a-sua-vocacao-em-ser-palotino","status":"publish","type":"post","link":"https:\/\/portalcatolico.net\/portal\/agosto-o-mes-das-vocacoes-confira-a-mensagem-do-padre-edinilson-santos-falando-sobre-a-sua-vocacao-em-ser-palotino\/","title":{"rendered":"Agosto: o m\u00eas das voca\u00e7\u00f5es. Confira a mensagem do Padre Edinilson Santos falando sobre a sua voca\u00e7\u00e3o em ser palotino."},"content":{"rendered":"<div class=\"v1OutlineElement v1Ltr v1BCX0 v1SCXW104280784\">\n<p class=\"v1Paragraph v1SCXW104280784 v1BCX0\" lang=\"PT-BR\"><span class=\"v1TextRun v1SCXW104280784 v1BCX0\" lang=\"PT-BR\"><span class=\"v1NormalTextRun v1SCXW104280784 v1BCX0\">Voc\u00ea sabia que a cada domingo a Celebra\u00e7\u00e3o Lit\u00fargica \u00e9 dedicada a uma voca\u00e7\u00e3o espec\u00edfica? Celebramos as voca\u00e7\u00f5es: sacerdotal, matrimonial, religiosa e leiga.<\/span><\/span><span class=\"v1EOP v1SCXW104280784 v1BCX0\">&nbsp;<\/span><\/p>\n<\/div>\n<div class=\"v1OutlineElement v1Ltr v1BCX0 v1SCXW104280784\">\n<p class=\"v1Paragraph v1SCXW104280784 v1BCX0\" lang=\"PT-BR\"><strong><span class=\"v1TextRun v1SCXW104280784 v1BCX0\" lang=\"PT-BR\"><span class=\"v1NormalTextRun v1SCXW104280784 v1BCX0\">No primeiro domingo de agosto, comemora-se a voca\u00e7\u00e3o sacerdotal.<\/span><\/span><span class=\"v1EOP v1SCXW104280784 v1BCX0\">&nbsp;<\/span><\/strong><\/p>\n<\/div>\n<div class=\"v1OutlineElement v1Ltr v1BCX0 v1SCXW104280784\">\n<p class=\"v1Paragraph v1SCXW104280784 v1BCX0\" lang=\"PT-BR\"><span class=\"v1TextRun v1SCXW104280784 v1BCX0\" lang=\"PT-BR\"><span class=\"v1NormalTextRun v1SCXW104280784 v1BCX0\">O sacerdote age em nome de Cristo e \u00e9 seu representante dentro de sua comunidade. Ao padre compete ser pastor e pai espiritual para todos sob sua responsabilidade. Pela caridade pastoral, ele deve buscar ser sinal de unidade e contribuir para a edifica\u00e7\u00e3o e crescimento da comunidade de forma que ela&nbsp;<\/span><span class=\"v1NormalTextRun v1ContextualSpellingAndGrammarErrorV2 v1SCXW104280784 v1BCX0\">torne-se<\/span><span class=\"v1NormalTextRun v1SCXW104280784 v1BCX0\">&nbsp;cada vez mais atuante e verdadeira na viv\u00eancia do Evangelho.<\/span><\/span><span class=\"v1EOP v1SCXW104280784 v1BCX0\">&nbsp;<\/span><\/p>\n<\/div>\n<div class=\"v1OutlineElement v1Ltr v1BCX0 v1SCXW104280784\">\n<p class=\"v1Paragraph v1SCXW104280784 v1BCX0\" lang=\"PT-BR\"><span class=\"v1TextRun v1SCXW104280784 v1BCX0\" lang=\"PT-BR\"><span class=\"v1NormalTextRun v1SCXW104280784 v1BCX0\">Atualmente tamb\u00e9m se comemora<\/span><span class=\"v1NormalTextRun v1SCXW104280784 v1BCX0\">-se<\/span><span class=\"v1NormalTextRun v1SCXW104280784 v1BCX0\">&nbsp;o dia das voca\u00e7\u00f5es diaconais, ou melhor dizendo: dia das voca\u00e7\u00f5es aos minist\u00e9rios ordenados. Essa comemora\u00e7\u00e3o se deve ao fato de no dia 4 de agosto celebrarmos o dia de S\u00e3o Jo\u00e3o Maria&nbsp;<\/span><span class=\"v1NormalTextRun v1SpellingErrorV2 v1SCXW104280784 v1BCX0\">Vianney<\/span><span class=\"v1NormalTextRun v1SCXW104280784 v1BCX0\">, o Cura D&#8217;Ars, patrono dos padres; e, no dia 10 de agosto, o dia de S\u00e3o Louren\u00e7o, patrono dos di\u00e1conos.<\/span><\/span><span class=\"v1EOP v1SCXW104280784 v1BCX0\">&nbsp;<\/span><\/p>\n<\/div>\n<div class=\"v1OutlineElement v1Ltr v1BCX0 v1SCXW104280784\">\n<p class=\"v1Paragraph v1SCXW104280784 v1BCX0\" lang=\"PT-BR\"><strong><span class=\"v1TextRun v1SCXW104280784 v1BCX0\" lang=\"PT-BR\"><span class=\"v1NormalTextRun v1SCXW104280784 v1BCX0\">No segundo domingo, comemora-se a voca\u00e7\u00e3o matrimonial.<\/span><\/span><span class=\"v1EOP v1SCXW104280784 v1BCX0\">&nbsp;<\/span><\/strong><\/p>\n<\/div>\n<div class=\"v1OutlineElement v1Ltr v1BCX0 v1SCXW104280784\">\n<p class=\"v1Paragraph v1SCXW104280784 v1BCX0\" lang=\"PT-BR\"><span class=\"v1TextRun v1SCXW104280784 v1BCX0\" lang=\"PT-BR\"><span class=\"v1NormalTextRun v1SCXW104280784 v1BCX0\">Por imita\u00e7\u00e3o do segundo domingo de maio &#8211; no qual \u00e9 comemorado o Dia das M\u00e3es \u2013 temos o Dia dos Pais. Sabemos que no Brasil esse dia \u00e9 comemorado porque antigamente no dia 16 de agosto celebrava-se o dia de S\u00e3o Joaquim, pai de Nossa Senhora e, por isso, adotou-se esse dia e depois o domingo para essa comemora\u00e7\u00e3o. Devido a esse fato, nesta data \u00e9 comemorada a voca\u00e7\u00e3o matrimonial.<\/span><\/span><span class=\"v1EOP v1SCXW104280784 v1BCX0\">&nbsp;<\/span><\/p>\n<\/div>\n<div class=\"v1OutlineElement v1Ltr v1BCX0 v1SCXW104280784\">\n<p class=\"v1Paragraph v1SCXW104280784 v1BCX0\" lang=\"PT-BR\"><strong><span class=\"v1TextRun v1SCXW104280784 v1BCX0\" lang=\"PT-BR\"><span class=\"v1NormalTextRun v1SCXW104280784 v1BCX0\">No terceiro domingo comemora-se a voca\u00e7\u00e3o \u00e0 vida consagrada<\/span><\/span><span class=\"v1TextRun v1SCXW104280784 v1BCX0\" lang=\"PT-BR\"><span class=\"v1NormalTextRun v1SCXW104280784 v1BCX0\">.<\/span><\/span><\/strong><span class=\"v1EOP v1SCXW104280784 v1BCX0\">&nbsp;<\/span><\/p>\n<\/div>\n<div class=\"v1OutlineElement v1Ltr v1BCX0 v1SCXW104280784\">\n<p class=\"v1Paragraph v1SCXW104280784 v1BCX0\" lang=\"PT-BR\"><span class=\"v1TextRun v1SCXW104280784 v1BCX0\" lang=\"PT-BR\"><span class=\"v1NormalTextRun v1SCXW104280784 v1BCX0\">Essa recorda\u00e7\u00e3o \u00e9 feita porque no dia 15 de agosto celebramos o Dia da Assun\u00e7\u00e3o de Maria aos c\u00e9us, solenidade que aqui no Brasil \u00e9 transferida para o domingo seguinte.<\/span><\/span><span class=\"v1EOP v1SCXW104280784 v1BCX0\">&nbsp;<\/span><\/p>\n<\/div>\n<div class=\"v1OutlineElement v1Ltr v1BCX0 v1SCXW104280784\">\n<p class=\"v1Paragraph v1SCXW104280784 v1BCX0\" lang=\"PT-BR\"><span class=\"v1TextRun v1SCXW104280784 v1BCX0\" lang=\"PT-BR\"><span class=\"v1NormalTextRun v1SCXW104280784 v1BCX0\">Homens e mulheres que consagraram suas vidas a Deus e ao pr\u00f3ximo. Desta voca\u00e7\u00e3o brotam carismas e atua\u00e7\u00f5es que enriquecem nossas comunidades com pessoas que buscam viver verdadeiramente seus votos de castidade, obedi\u00eancia e pobreza. S\u00e3o testemunhos vivos do Evangelho.<\/span><\/span><span class=\"v1EOP v1SCXW104280784 v1BCX0\">&nbsp;<\/span><\/p>\n<\/div>\n<div class=\"v1OutlineElement v1Ltr v1BCX0 v1SCXW104280784\">\n<p class=\"v1Paragraph v1SCXW104280784 v1BCX0\" lang=\"PT-BR\"><span class=\"v1TextRun v1SCXW104280784 v1BCX0\" lang=\"PT-BR\"><span class=\"v1NormalTextRun v1SCXW104280784 v1BCX0\">Perseverantes, os religiosos est\u00e3o a servi\u00e7o do Povo de Deus por meio da ora\u00e7\u00e3o, das miss\u00f5es, da educa\u00e7\u00e3o e das obras de caridade. Com sua vida consagrada, eles demonstram que a vida evang\u00e9lica \u00e9 plenamente poss\u00edvel de ser vivida, mesmo em mundo excessivamente material e consumista. S\u00e3o sinais do amor de Deus e da entrega que o homem \u00e9 capaz de fazer ao Senhor.<\/span><\/span><span class=\"v1EOP v1SCXW104280784 v1BCX0\">&nbsp;<\/span><\/p>\n<\/div>\n<div class=\"v1OutlineElement v1Ltr v1BCX0 v1SCXW104280784\">\n<p class=\"v1Paragraph v1SCXW104280784 v1BCX0\" lang=\"PT-BR\"><strong><span class=\"v1TextRun v1SCXW104280784 v1BCX0\" lang=\"PT-BR\"><span class=\"v1NormalTextRun v1SCXW104280784 v1BCX0\">No quarto domingo, comemoram-se as voca\u00e7\u00f5es leigas.<\/span><\/span><span class=\"v1EOP v1SCXW104280784 v1BCX0\">&nbsp;<\/span><\/strong><\/p>\n<\/div>\n<div class=\"v1OutlineElement v1Ltr v1BCX0 v1SCXW104280784\">\n<p class=\"v1Paragraph v1SCXW104280784 v1BCX0\" lang=\"PT-BR\"><span class=\"v1TextRun v1SCXW104280784 v1BCX0\" lang=\"PT-BR\"><span class=\"v1NormalTextRun v1SCXW104280784 v1BCX0\">Ser leigo atuante \u00e9 ter consci\u00eancia do chamado de Deus a participar ativamente da Igreja e do Reino contribuindo para a caminhada e o crescimento das comunidades rumo a P\u00e1tria Celeste. Assumir esta voca\u00e7\u00e3o \u00e9 doar-se pelo Evangelho e estar junto a Cristo em sua miss\u00e3o de salva\u00e7\u00e3o e reden\u00e7\u00e3o.<\/span><\/span><span class=\"v1EOP v1SCXW104280784 v1BCX0\">&nbsp;<\/span><\/p>\n<\/div>\n<div class=\"v1OutlineElement v1Ltr v1BCX0 v1SCXW104280784\">\n<p class=\"v1Paragraph v1SCXW104280784 v1BCX0\" lang=\"PT-BR\"><span class=\"v1TextRun v1SCXW104280784 v1BCX0\" lang=\"PT-BR\"><span class=\"v1NormalTextRun v1SCXW104280784 v1BCX0\">Neste dia<\/span><span class=\"v1NormalTextRun v1SCXW104280784 v1BCX0\">,<\/span><span class=\"v1NormalTextRun v1SCXW104280784 v1BCX0\">&nbsp;celebra<\/span><span class=\"v1NormalTextRun v1SCXW104280784 v1BCX0\">-se<\/span><span class=\"v1NormalTextRun v1SCXW104280784 v1BCX0\">&nbsp;todos os leigos que, entre fam\u00edlia e afazeres, dedicam-se aos trabalhos pastorais e tamb\u00e9m mission\u00e1rios. Os leigos atuam como colaboradores dos padres na catequese, na liturgia, nos minist\u00e9rios de m\u00fasica, nas obras de caridade e nas diversas pastorais existentes.<\/span><\/span><span class=\"v1EOP v1SCXW104280784 v1BCX0\">&nbsp;<\/span><\/p>\n<\/div>\n<div class=\"v1OutlineElement v1Ltr v1BCX0 v1SCXW104280784\">\n<p class=\"v1Paragraph v1SCXW104280784 v1BCX0\" lang=\"PT-BR\"><span class=\"v1TextRun v1SCXW104280784 v1BCX0\" lang=\"PT-BR\"><span class=\"v1NormalTextRun v1SCXW104280784 v1BCX0\">Nos anos em que o m\u00eas de agosto possui cinco domingos, a Igreja celebra neste dia o minist\u00e9rio do Catequista. Os catequistas s\u00e3o, por voca\u00e7\u00e3o e miss\u00e3o, os grandes promovedores da f\u00e9 na comunidade crist\u00e3 preparando crian\u00e7as, jovens e adultos n\u00e3o s\u00f3 para os sacramentos, mas tamb\u00e9m para darem testemunho de Cristo e do Evangelho no mundo<\/span><\/span><span class=\"v1EOP v1SCXW104280784 v1BCX0\">&nbsp;<\/span><\/p>\n<\/div>\n<div class=\"v1OutlineElement v1Ltr v1BCX0 v1SCXW104280784\">\n<p class=\"v1Paragraph v1SCXW104280784 v1BCX0\" lang=\"PT-BR\"><span class=\"v1TextRun v1SCXW104280784 v1BCX0\" lang=\"PT-BR\"><span class=\"v1NormalTextRun v1SCXW104280784 v1BCX0\">Por conta deste m\u00eas que reflete sobre as voca\u00e7\u00f5es, que o&nbsp;<\/span><span class=\"v1NormalTextRun v1SCXW104280784 v1BCX0\">Mission\u00e1rio&nbsp;<\/span><span class=\"v1NormalTextRun v1SpellingErrorV2 v1SCXW104280784 v1BCX0\">palotino<\/span><span class=\"v1NormalTextRun v1SCXW104280784 v1BCX0\">&nbsp;no Maranh\u00e3o,&nbsp;<\/span><span class=\"v1NormalTextRun v1SCXW104280784 v1BCX0\">e&nbsp;<\/span><span class=\"v1NormalTextRun v1SCXW104280784 v1BCX0\">p\u00e1roco na Par\u00f3quia Nossa Senhora de F\u00e1tima em Graja\u00fa (MA),&nbsp;<\/span><span class=\"v1NormalTextRun v1SCXW104280784 v1BCX0\">Pe.&nbsp;<\/span><span class=\"v1NormalTextRun v1SpellingErrorV2 v1SCXW104280784 v1BCX0\">Edinilson<\/span><span class=\"v1NormalTextRun v1SCXW104280784 v1BCX0\">,<\/span><span class=\"v1NormalTextRun v1SCXW104280784 v1BCX0\">&nbsp;fala sobre a sua voca\u00e7\u00e3o. Inspire-se na mensagem dele!<\/span><span class=\"v1NormalTextRun v1SCXW104280784 v1BCX0\">&nbsp;<\/span><\/span><span class=\"v1EOP v1SCXW104280784 v1BCX0\">&nbsp;<\/span><\/p>\n<\/div>\n<div class=\"v1OutlineElement v1Ltr v1BCX0 v1SCXW104280784\">\n<p class=\"v1Paragraph v1SCXW104280784 v1BCX0\" lang=\"PT-BR\"><span class=\"v1TextRun v1SCXW104280784 v1BCX0\" lang=\"PT-BR\"><span class=\"v1NormalTextRun v1SCXW104280784 v1BCX0\">&#8220;Toda voca\u00e7\u00e3o \u00e9 um caminho a ser percorrido.&nbsp;<\/span><span class=\"v1NormalTextRun v1SCXW104280784 v1BCX0\">Desde pequeno sempre fui&nbsp;<\/span><span class=\"v1NormalTextRun v1SpellingErrorV2 v1SCXW104280784 v1BCX0\">p<\/span><span class=\"v1NormalTextRun v1SpellingErrorV2 v1SCXW104280784 v1BCX0\">alotino<\/span><span class=\"v1NormalTextRun v1SCXW104280784 v1BCX0\">&nbsp;Nasci em par\u00f3quia Palotina. Fui batizado por&nbsp;<\/span><span class=\"v1NormalTextRun v1SpellingErrorV2 v1SCXW104280784 v1BCX0\">p<\/span><span class=\"v1NormalTextRun v1SpellingErrorV2 v1SCXW104280784 v1BCX0\">alotino<\/span><span class=\"v1NormalTextRun v1SCXW104280784 v1BCX0\">. E a minha vida, n\u00e3o poderia tomar outro rumo. Motivado pela f\u00e9 da minha fam\u00edlia, pelo amor e testemunho da minha m\u00e3e,&nbsp;<\/span><span class=\"v1NormalTextRun v1SCXW104280784 v1BCX0\">pelo incentivo e a vida fraterna que eu tinha com os meus irm\u00e3os, at\u00e9 o momento em que fiz as minhas primeiras promessas, fiz os meus votos perp\u00e9tuos, fui ordenado di\u00e1cono e sacerdote<\/span><span class=\"v1NormalTextRun v1SCXW104280784 v1BCX0\">, para o servi\u00e7o do reino, e claro, para bendizer a Deus, na vida, levando vida \u00e0 outras vidas. A minha voca\u00e7\u00e3o nasceu da curiosidade. Um dia eu queria saber como era o lugar&nbsp;<\/span><span class=\"v1NormalTextRun v1SCXW104280784 v1BCX0\">onde os padres estudavam. Essa curiosidade me resgatou para Deus! Hoje, sou um padre&nbsp;<\/span><span class=\"v1NormalTextRun v1SpellingErrorV2 v1SCXW104280784 v1BCX0\">palotino<\/span><span class=\"v1NormalTextRun v1SCXW104280784 v1BCX0\">, pleno, realizado<\/span><span class=\"v1NormalTextRun v1SCXW104280784 v1BCX0\">!&#8221;<\/span><span class=\"v1NormalTextRun v1SCXW104280784 v1BCX0\">, disse o padre.<\/span><\/span><span class=\"v1EOP v1SCXW104280784 v1BCX0\">&nbsp;<\/span><\/p>\n<\/div>\n","protected":false},"excerpt":{"rendered":"<p>Voc\u00ea sabia que a cada domingo a Celebra\u00e7\u00e3o Lit\u00fargica \u00e9 dedicada a uma voca\u00e7\u00e3o espec\u00edfica? Celebramos as voca\u00e7\u00f5es: sacerdotal, matrimonial, religiosa e leiga.&nbsp; No primeiro domingo de agosto, comemora-se a voca\u00e7\u00e3o sacerdotal.&nbsp; O sacerdote age em nome de Cristo e \u00e9 seu representante dentro de sua comunidade. Ao padre compete ser pastor e pai espiritual&nbsp;<\/p>\n<p><a class=\"btn btn-style\" href=\"https:\/\/portalcatolico.net\/portal\/agosto-o-mes-das-vocacoes-confira-a-mensagem-do-padre-edinilson-santos-falando-sobre-a-sua-vocacao-em-ser-palotino\/\">Continue Reading<\/a><\/p>\n","protected":false},"author":2,"featured_media":73209,"comment_status":"open","ping_status":"open","sticky":false,"template":"","format":"standard","meta":{"footnotes":""},"categories":[69],"tags":[],"class_list":["post-73208","post","type-post","status-publish","format-standard","has-post-thumbnail","hentry","category-artigos"],"_links":{"self":[{"href":"https:\/\/portalcatolico.net\/portal\/wp-json\/wp\/v2\/posts\/73208","targetHints":{"allow":["GET"]}}],"collection":[{"href":"https:\/\/portalcatolico.net\/portal\/wp-json\/wp\/v2\/posts"}],"about":[{"href":"https:\/\/portalcatolico.net\/portal\/wp-json\/wp\/v2\/types\/post"}],"author":[{"embeddable":true,"href":"https:\/\/portalcatolico.net\/portal\/wp-json\/wp\/v2\/users\/2"}],"replies":[{"embeddable":true,"href":"https:\/\/portalcatolico.net\/portal\/wp-json\/wp\/v2\/comments?post=73208"}],"version-history":[{"count":1,"href":"https:\/\/portalcatolico.net\/portal\/wp-json\/wp\/v2\/posts\/73208\/revisions"}],"predecessor-version":[{"id":73210,"href":"https:\/\/portalcatolico.net\/portal\/wp-json\/wp\/v2\/posts\/73208\/revisions\/73210"}],"wp:featuredmedia":[{"embeddable":true,"href":"https:\/\/portalcatolico.net\/portal\/wp-json\/wp\/v2\/media\/73209"}],"wp:attachment":[{"href":"https:\/\/portalcatolico.net\/portal\/wp-json\/wp\/v2\/media?parent=73208"}],"wp:term":[{"taxonomy":"category","embeddable":true,"href":"https:\/\/portalcatolico.net\/portal\/wp-json\/wp\/v2\/categories?post=73208"},{"taxonomy":"post_tag","embeddable":true,"href":"https:\/\/portalcatolico.net\/portal\/wp-json\/wp\/v2\/tags?post=73208"}],"curies":[{"name":"wp","href":"https:\/\/api.w.org\/{rel}","templated":true}]}}