{"id":73189,"date":"2024-08-04T00:02:12","date_gmt":"2024-08-04T03:02:12","guid":{"rendered":"http:\/\/portalcatolico.net\/portal\/?p=73189"},"modified":"2024-08-01T21:09:33","modified_gmt":"2024-08-02T00:09:33","slug":"04-de-agosto-celebra-se-o-dia-do-padre","status":"publish","type":"post","link":"https:\/\/portalcatolico.net\/portal\/04-de-agosto-celebra-se-o-dia-do-padre\/","title":{"rendered":"04 de Agosto celebra-se o Dia do Padre!"},"content":{"rendered":"<div class=\"v1PlainText\" dir=\"auto\">\n<p>O Dia do Padre \u00e9 celebrado anualmente em 4 de agosto. Esta data homenageia uma figura que est\u00e1 intimamente comprometida com os valores e princ\u00edpios de sua doutrina religiosa, o sacerdote.<\/p>\n<p>A Igreja Cat\u00f3lica Apost\u00f3lica Romana tamb\u00e9m celebra o dia do Padre no mesmo dia da festa de S\u00e3o Maria Vianney, padroeiro de todos os sacerdotes. Essa data \u00e9 comemorada desde 1929 e foi institu\u00edda por Papa Pio XI.<br \/>\n&#8220;Ser padre \u00e9 ser pai, cuidar do rebanho que lhe foi confiado. Seguir os caminhos, os passos de Cristo aqui na terra, aconselhando aqueles que erram, mostrando por onde trilhar e n\u00e3o se separar de Jesus, sendo caridoso, amoroso com o pr\u00f3ximo, ser humilde. As m\u00e3os de um sacerdote \u00e9 ungida e atrav\u00e9s deste minist\u00e9rio ele pode perdoar, aben\u00e7oar.&nbsp; Um pai espiritual dado pelo Senhor para nos guiar no caminho da salva\u00e7\u00e3o. Ser padre n\u00e3o \u00e9 uma tarefa f\u00e1cil! Deixar tudo \u00e9 entregar-se completamente nas m\u00e3os do Senhor. Isso pede voca\u00e7\u00e3o, for\u00e7a e f\u00e9.<\/p>\n<\/div>\n<div class=\"v1PlainText\" dir=\"auto\">O padre \u00e9 um ser humano sujeito a tenta\u00e7\u00f5es, fraquezas e tamb\u00e9m emo\u00e7\u00f5es e sentimentos. \u00c9 claro que, em alguns casos, nem sempre os limites humanos s\u00e3o superados, mas a gra\u00e7a divina e a ora\u00e7\u00e3o constante s\u00e3o a melhor ajuda para os&nbsp; momentos de dificuldade. Por isso padre, saiba que eu estou orando sempre por voc\u00ea. Parab\u00e9ns pelo seu dia! Amemos nosso P\u00e1roco, rezemos pelos Padres, o respeitemos, que o vejamos como &#8216;in persona Christi&#8217;, pois \u00e9 Cristo que age por ele&#8221;.<\/div>\n<div class=\"v1PlainText\" dir=\"auto\">O sacerdote age em nome de Cristo e \u00e9 seu representante dentro daquela comunidade. Ao padre compete ser pastor e pai espiritual para todos sob sua responsabilidade. Pela caridade pastoral, ele deve buscar ser sinal de unidade e contribuir para a edifica\u00e7\u00e3o e crescimento da comunidade de forma que ela torne-se cada vez mais atuante e verdadeira na viv\u00eancia do Evangelho.<br \/>\nEm 1981, iniciou-se essa celebra\u00e7\u00e3o, com o objetivo de se refletir, a cada domingo, uma voca\u00e7\u00e3o espec\u00edfica dentro da Igreja. A primeira semana desse m\u00eas \u00e9 dedicado \u00e0 voca\u00e7\u00e3o para o minist\u00e9rio ordenado (Bispos, Padres e Di\u00e1conos).<\/div>\n<div dir=\"auto\">&nbsp;<\/div>\n<div class=\"v1PlainText\" dir=\"auto\"><strong>Mensagem para o Dia do Sacerdote<\/strong><\/div>\n<div class=\"v1PlainText\" dir=\"auto\">Parab\u00e9ns a todos aqueles que vivem uma vida de sacrif\u00edcios em nome da f\u00e9!&nbsp;<br \/>\nCom perseveran\u00e7a e dedica\u00e7\u00e3o voc\u00ea aceitou o chamado de Deus e representa todo o amor e agradecimento dos seres humanos \u00e0s maravilhas feitas pelo Divino! Obrigado por me representar e ajudar a fortalecer a minha f\u00e9!<br \/>\nFeliz Dia do Sacerdote!<\/div>\n<div class=\"v1PlainText\" dir=\"auto\">A sua f\u00e9 e determina\u00e7\u00e3o \u00e9 um exemplo para todos n\u00f3s! Que continue a ter for\u00e7as e esperan\u00e7as para seguir o seu lindo caminho no sacerd\u00f3cio! Feliz Dia do Sacerdote!<\/div>\n<div dir=\"auto\">Foto: Divulga\u00e7\u00e3o\/Internet<\/div>\n","protected":false},"excerpt":{"rendered":"<p>O Dia do Padre \u00e9 celebrado anualmente em 4 de agosto. Esta data homenageia uma figura que est\u00e1 intimamente comprometida com os valores e princ\u00edpios de sua doutrina religiosa, o sacerdote. A Igreja Cat\u00f3lica Apost\u00f3lica Romana tamb\u00e9m celebra o dia do Padre no mesmo dia da festa de S\u00e3o Maria Vianney, padroeiro de todos os&nbsp;<\/p>\n<p><a class=\"btn btn-style\" href=\"https:\/\/portalcatolico.net\/portal\/04-de-agosto-celebra-se-o-dia-do-padre\/\">Continue Reading<\/a><\/p>\n","protected":false},"author":2,"featured_media":73190,"comment_status":"open","ping_status":"open","sticky":false,"template":"","format":"standard","meta":{"footnotes":""},"categories":[4],"tags":[],"class_list":["post-73189","post","type-post","status-publish","format-standard","has-post-thumbnail","hentry","category-destaques"],"_links":{"self":[{"href":"https:\/\/portalcatolico.net\/portal\/wp-json\/wp\/v2\/posts\/73189","targetHints":{"allow":["GET"]}}],"collection":[{"href":"https:\/\/portalcatolico.net\/portal\/wp-json\/wp\/v2\/posts"}],"about":[{"href":"https:\/\/portalcatolico.net\/portal\/wp-json\/wp\/v2\/types\/post"}],"author":[{"embeddable":true,"href":"https:\/\/portalcatolico.net\/portal\/wp-json\/wp\/v2\/users\/2"}],"replies":[{"embeddable":true,"href":"https:\/\/portalcatolico.net\/portal\/wp-json\/wp\/v2\/comments?post=73189"}],"version-history":[{"count":4,"href":"https:\/\/portalcatolico.net\/portal\/wp-json\/wp\/v2\/posts\/73189\/revisions"}],"predecessor-version":[{"id":78582,"href":"https:\/\/portalcatolico.net\/portal\/wp-json\/wp\/v2\/posts\/73189\/revisions\/78582"}],"wp:featuredmedia":[{"embeddable":true,"href":"https:\/\/portalcatolico.net\/portal\/wp-json\/wp\/v2\/media\/73190"}],"wp:attachment":[{"href":"https:\/\/portalcatolico.net\/portal\/wp-json\/wp\/v2\/media?parent=73189"}],"wp:term":[{"taxonomy":"category","embeddable":true,"href":"https:\/\/portalcatolico.net\/portal\/wp-json\/wp\/v2\/categories?post=73189"},{"taxonomy":"post_tag","embeddable":true,"href":"https:\/\/portalcatolico.net\/portal\/wp-json\/wp\/v2\/tags?post=73189"}],"curies":[{"name":"wp","href":"https:\/\/api.w.org\/{rel}","templated":true}]}}