{"id":72882,"date":"2021-07-14T19:58:18","date_gmt":"2021-07-14T22:58:18","guid":{"rendered":"http:\/\/portalcatolico.net\/portal\/?p=72882"},"modified":"2021-07-14T19:59:55","modified_gmt":"2021-07-14T22:59:55","slug":"celebracao-eucaristica-de-abertura-do-ano-jubilar-acontece-no-proximo-domingo-18","status":"publish","type":"post","link":"https:\/\/portalcatolico.net\/portal\/celebracao-eucaristica-de-abertura-do-ano-jubilar-acontece-no-proximo-domingo-18\/","title":{"rendered":"Celebra\u00e7\u00e3o Eucar\u00edstica de Abertura do Ano Jubilar acontece no pr\u00f3ximo domingo (18)"},"content":{"rendered":"<p>A Diocese de Teixeira de Freitas\/Caravelas e Dom Jailton de Oliveira Lino, bispo diocesano, convidam toda a comunidade diocesana para participarem da Santa Missa de Abertura do Ano Jubilar dos sessenta anos de cria\u00e7\u00e3o da Diocese no extremo sul da Bahia. A Celebra\u00e7\u00e3o Eucar\u00edstica presidida pelo bispo acontecer\u00e1 no pr\u00f3ximo&nbsp;<strong>domingo (18\/07), \u00e0s 09h30<\/strong>, na<strong>&nbsp;Igreja Matriz de S\u00e3o Jos\u00e9 Oper\u00e1rio em Teixeira de Freita<\/strong>s e contar\u00e1 a com a participa\u00e7\u00e3o de todo o clero, religiosos(as), consagrados(as) e fi\u00e9is.<\/p>\n<p>A celebra\u00e7\u00e3o e a data marcam o in\u00edcio de um per\u00edodo de um ano de atividades que acontecem em comemora\u00e7\u00e3o a cria\u00e7\u00e3o da diocese. Teremos um ano de intensas e alegres celebra\u00e7\u00f5es. Segundo o bispo Dom Jailton, \u201c<em>O Jubileu arranca-nos da rotina, impulsiona-nos a sair da zona de conforto, do comodismo, da falta de f\u00e9 para abra\u00e7ar uma verdadeira transforma\u00e7\u00e3o de vida, com coragem e confian\u00e7a no Senhor<\/em>\u201c, disse.<\/p>\n<p>A Diocese de Caravelas foi criada pela Bula Pontif\u00edcia \u201c<em>Omnium Eclesiarum<\/em>\u201d, datada em 21 de julho de 1962, tendo como primeira sede, o munic\u00edpio de Caravelas,&nbsp; posteriormente denominada Diocese de Teixeira de Freitas-Caravelas pelo Decreto da \u201c<em>Sacra Congregatio Pro Episcopis<\/em>\u201d de 18 de abril de 1983. A Diocese est\u00e1 confiada ao Bispo Dom Jailton de Oliveira Lino, sendo ele seu quarto bispo, localizada no Extremo Sul baiano e pertencente a regi\u00e3o nordeste III do Brasil, fazendo divisa com os estados de Minas Gerais e Esp\u00edrito Santo. Pertencente \u00e0 Prov\u00edncia Eclesi\u00e1stica de S\u00e3o Salvador da Bahia. \u00c9 composta por 13 Munic\u00edpios: Alcoba\u00e7a, Caravelas, Prado, Itamaraju, Jucuru\u00e7u, Nova Vi\u00e7osa, Mucuri, Medeiros Neto, Itanh\u00e9m, Ibirapu\u00e3, Vereda, Lajed\u00e3o e Teixeira de Freitas (sede).&nbsp;<strong><a href=\"https:\/\/jubileu.dioceseteixeiradefreitas.com.br\/\">Conhe\u00e7a os fatos hist\u00f3ricos que marcaram durante todo esse per\u00edodo, acessando o site comemorativo.<\/a><\/strong><\/p>\n<p>Sua comunh\u00e3o e ora\u00e7\u00f5es alegram e fortalecem o caminho mission\u00e1rio de nossa Igreja!<\/p>\n<p><b>PROTOCOLO NESTE TEMPO DE PANDEMIA<\/b><\/p>\n<p>A celebra\u00e7\u00e3o contar\u00e1 com limita\u00e7\u00e3o de fi\u00e9is, sendo estipulado um determinado n\u00famero igual de pessoas para cada par\u00f3quia, devido \u00e0 pandemia do COVID-19. Para participar presencialmente \u00e9 necess\u00e1rio entrar em contato com a Secretaria Paroquial de sua par\u00f3quia. \u00c9 indispens\u00e1vel o uso de m\u00e1scaras. Para os fi\u00e9is que n\u00e3o conseguirem o agendamento, o convite \u00e9 para que vivenciem este momento especial indo no mesmo hor\u00e1rio da Missa, para a Igreja Matriz de sua par\u00f3quia e acompanhem pelo tel\u00e3o que ser\u00e1 disponibilizado. Haver\u00e3o Ministros Extraordin\u00e1rios da Sagrada Comunh\u00e3o Eucar\u00edstica que distribuir\u00e3o a Comunh\u00e3o aos presentes. A celebra\u00e7\u00e3o ser\u00e1 ainda transmitida ao vivo pelo canal da Diocese no YouTube, R\u00e1dio Sucesso (FM 104,9) e pelas p\u00e1ginas das par\u00f3quias no facebook.<\/p>\n<h4>OU\u00c7A O HINO DO JUBILEU DOS 60 ANOS<\/h4>\n<p><iframe loading=\"lazy\" src=\"https:\/\/drive.google.com\/file\/d\/15GILHsauJUcZUbUTk2tmp5pwvOeP-FxW\/preview\" width=\"640\" height=\"480\" data-mce-fragment=\"1\"><\/iframe><\/p>\n<h4><strong>Confira toda a programa\u00e7\u00e3o do Ano Jubilar:<\/strong><\/h4>\n<p><img loading=\"lazy\" decoding=\"async\" class=\"aligncenter size-full wp-image-13951\" src=\"https:\/\/i1.wp.com\/dioceseteixeiradefreitas.com.br\/wp-content\/uploads\/2021\/07\/PROGRAMA%C3%87%C3%83O-scaled.jpg?resize=708%2C1001&amp;ssl=1\" sizes=\"auto, (max-width: 708px) 100vw, 708px\" srcset=\"https:\/\/i1.wp.com\/dioceseteixeiradefreitas.com.br\/wp-content\/uploads\/2021\/07\/PROGRAMA\u00c7\u00c3O-scaled.jpg?w=1810&amp;ssl=1 1810w, https:\/\/i1.wp.com\/dioceseteixeiradefreitas.com.br\/wp-content\/uploads\/2021\/07\/PROGRAMA\u00c7\u00c3O-scaled.jpg?resize=212%2C300&amp;ssl=1 212w, https:\/\/i1.wp.com\/dioceseteixeiradefreitas.com.br\/wp-content\/uploads\/2021\/07\/PROGRAMA\u00c7\u00c3O-scaled.jpg?resize=724%2C1024&amp;ssl=1 724w, https:\/\/i1.wp.com\/dioceseteixeiradefreitas.com.br\/wp-content\/uploads\/2021\/07\/PROGRAMA\u00c7\u00c3O-scaled.jpg?resize=768%2C1086&amp;ssl=1 768w, https:\/\/i1.wp.com\/dioceseteixeiradefreitas.com.br\/wp-content\/uploads\/2021\/07\/PROGRAMA\u00c7\u00c3O-scaled.jpg?resize=1086%2C1536&amp;ssl=1 1086w, https:\/\/i1.wp.com\/dioceseteixeiradefreitas.com.br\/wp-content\/uploads\/2021\/07\/PROGRAMA\u00c7\u00c3O-scaled.jpg?resize=1448%2C2048&amp;ssl=1 1448w\" alt=\"\" width=\"708\" height=\"1001\"><\/p>\n<p>Fonte: Diocese de Teixeira de Freitas\/Caravelas(BA)<\/p>\n","protected":false},"excerpt":{"rendered":"<p>A Diocese de Teixeira de Freitas\/Caravelas e Dom Jailton de Oliveira Lino, bispo diocesano, convidam toda a comunidade diocesana para participarem da Santa Missa de Abertura do Ano Jubilar dos sessenta anos de cria\u00e7\u00e3o da Diocese no extremo sul da Bahia. A Celebra\u00e7\u00e3o Eucar\u00edstica presidida pelo bispo acontecer\u00e1 no pr\u00f3ximo&nbsp;domingo (18\/07), \u00e0s 09h30, na&nbsp;Igreja Matriz&nbsp;<\/p>\n<p><a class=\"btn btn-style\" href=\"https:\/\/portalcatolico.net\/portal\/celebracao-eucaristica-de-abertura-do-ano-jubilar-acontece-no-proximo-domingo-18\/\">Continue Reading<\/a><\/p>\n","protected":false},"author":2,"featured_media":72883,"comment_status":"open","ping_status":"open","sticky":false,"template":"","format":"standard","meta":{"footnotes":""},"categories":[3],"tags":[],"class_list":["post-72882","post","type-post","status-publish","format-standard","has-post-thumbnail","hentry","category-noticias_regionais"],"_links":{"self":[{"href":"https:\/\/portalcatolico.net\/portal\/wp-json\/wp\/v2\/posts\/72882","targetHints":{"allow":["GET"]}}],"collection":[{"href":"https:\/\/portalcatolico.net\/portal\/wp-json\/wp\/v2\/posts"}],"about":[{"href":"https:\/\/portalcatolico.net\/portal\/wp-json\/wp\/v2\/types\/post"}],"author":[{"embeddable":true,"href":"https:\/\/portalcatolico.net\/portal\/wp-json\/wp\/v2\/users\/2"}],"replies":[{"embeddable":true,"href":"https:\/\/portalcatolico.net\/portal\/wp-json\/wp\/v2\/comments?post=72882"}],"version-history":[{"count":1,"href":"https:\/\/portalcatolico.net\/portal\/wp-json\/wp\/v2\/posts\/72882\/revisions"}],"predecessor-version":[{"id":72884,"href":"https:\/\/portalcatolico.net\/portal\/wp-json\/wp\/v2\/posts\/72882\/revisions\/72884"}],"wp:featuredmedia":[{"embeddable":true,"href":"https:\/\/portalcatolico.net\/portal\/wp-json\/wp\/v2\/media\/72883"}],"wp:attachment":[{"href":"https:\/\/portalcatolico.net\/portal\/wp-json\/wp\/v2\/media?parent=72882"}],"wp:term":[{"taxonomy":"category","embeddable":true,"href":"https:\/\/portalcatolico.net\/portal\/wp-json\/wp\/v2\/categories?post=72882"},{"taxonomy":"post_tag","embeddable":true,"href":"https:\/\/portalcatolico.net\/portal\/wp-json\/wp\/v2\/tags?post=72882"}],"curies":[{"name":"wp","href":"https:\/\/api.w.org\/{rel}","templated":true}]}}