{"id":72877,"date":"2021-07-14T19:51:12","date_gmt":"2021-07-14T22:51:12","guid":{"rendered":"http:\/\/portalcatolico.net\/portal\/?p=72877"},"modified":"2021-07-14T19:52:24","modified_gmt":"2021-07-14T22:52:24","slug":"ii-concurso-virtual-altar-de-santa-dulce-dos-pobres-esta-com-inscricoes-abertas","status":"publish","type":"post","link":"https:\/\/portalcatolico.net\/portal\/ii-concurso-virtual-altar-de-santa-dulce-dos-pobres-esta-com-inscricoes-abertas\/","title":{"rendered":"Abertas as inscri\u00e7\u00f5es para o II concurso virtual Altar de Santa Dulce dos Pobres"},"content":{"rendered":"<p><em>As inscri\u00e7\u00f5es s\u00e3o gratuitas e dever\u00e3o ser realizadas de forma virtual atrav\u00e9s do Whatsapp (71) 99973-6717 do Memorial Irm\u00e3 Dulce<\/em><\/p>\n<p>O Mem\u00f3rial Irm\u00e3 Dulce est\u00e1 realizando o II Concurso Virtual Altar de Santa Dulce dos Pobres que tem como tema:&nbsp;\u201cSanta Dulce dos Pobres, Sempre a nos Proteger!\u201d. A iniciativa tem o objetivo de comemorar a data lit\u00fargica de Santa Dulce dos Pobres, celebrada no&nbsp;dia 13 de agosto e assim&nbsp;contribuir&nbsp;para a dissemina\u00e7\u00e3o da hist\u00f3ria de sua vida e obra.&nbsp;<\/p>\n<p>As inscri\u00e7\u00f5es s\u00e3o gratuitas e dever\u00e3o ser realizadas de forma virtual atrav\u00e9s do Whatsapp (71) 99973-6717 do Memorial Irm\u00e3 Dulce, at\u00e9 30 de julho de 2021.&nbsp;<\/p>\n<p>O Memorial informa no regulamento,&nbsp;que&nbsp;ornamenta\u00e7\u00e3o dos altares dever\u00e1 trazer na sua constru\u00e7\u00e3o a tem\u00e1tica do concurso:\u201cSanta Dulce dos Pobres, Sempre a nos Proteger!\u201d, sendo crit\u00e9rio de avalia\u00e7\u00e3o: a criatividade, originalidade e sustentabilidade.&nbsp;<strong>Ser\u00e1 obrigat\u00f3ria a presen\u00e7a da imagem de Santa Dulce dos Pobres, em destaque, sendo desclassificados os altares sem esta refer\u00eancia<\/strong>. A imagem pode ser de qualquer material.<\/p>\n<p><strong>Confira todas as regras do Concurso no&nbsp;PDF dispon\u00edvel&nbsp;(<a href=\"https:\/\/www.irmadulce.org.br\/arquivos\/II-concurso-virtual-regulamento-2021.pdf\">aqui<\/a>) e tamb\u00e9m abaixo:&nbsp;<\/strong><\/p>\n<p><strong>1 &#8211; ORGANIZA\u00c7\u00c3O<\/strong><\/p>\n<p>O II Concurso Virtual Altar de Santa Dulce dos Pobres \u00e9 realizado pelo Memorial Irm\u00e3 Dulce, doravante designado organizador, com o objetivo de comemorar a data lit\u00fargica de Santa Dulce dos Pobres, o dia 13 de agosto de 2021, contribuindo para a dissemina\u00e7\u00e3o da hist\u00f3ria de sua vida e obra, al\u00e9m de valorizar e potencializar a criatividade dos participantes do concurso.<\/p>\n<p><strong>2 &#8211; OBJETIVO<\/strong><\/p>\n<p>2.1. Fica institu\u00eddo o II Concurso Virtual Altar de Santa Dulce dos Pobres, com o objetivo primordial de despertar o interesse dos participantes, a criarem em sua resid\u00eancia um altar em homenagem a Santa Dulce dos Pobres, para comemorar a sua data lit\u00fargica, o dia 13 de agosto.<\/p>\n<p>2.2. O presente concurso consiste na sele\u00e7\u00e3o e premia\u00e7\u00e3o dos altares inscritos, em 1\u00ba, 2\u00ba e 3\u00ba lugares, de acordo com os crit\u00e9rios de avalia\u00e7\u00e3o descritos nesse regulamento.<\/p>\n<p>2.3. O II Concurso Virtual Altar de Santa Dulce dos Pobres ter\u00e1 como tema: \u201cSanta Dulce dos Pobres, Sempre a nos Proteger!\u201d<\/p>\n<p>2.4. A ornamenta\u00e7\u00e3o dos altares dever\u00e1 trazer na sua constru\u00e7\u00e3o a tem\u00e1tica do concurso:\u201cSanta Dulce dos Pobres, Sempre a nos Proteger!\u201d, sendo crit\u00e9rio de avalia\u00e7\u00e3o: a criatividade, originalidade e sustentabilidade. Ser\u00e1 obrigat\u00f3ria a presen\u00e7a da imagem de Santa Dulce dos Pobres, em destaque, sendo desclassificados os altares sem esta refer\u00eancia. A imagem pode ser de qualquer material.<\/p>\n<p><strong>3 \u2013 INSCRI\u00c7\u00c3O:<\/strong><\/p>\n<p>As inscri\u00e7\u00f5es s\u00e3o gratuitas e dever\u00e3o ser realizadas de forma virtual atrav\u00e9s do Whatsapp (71) 99973-6717 do Memorial Irm\u00e3 Dulce, no per\u00edodo de 13 a 30 de julho de 2021, seguindo as orienta\u00e7\u00f5es abaixo:<\/p>\n<ul>\n<li><strong>ENVIAR PELO WHATSAPP:<\/strong>\n<ul>\n<li>02 (duas) fotos do altar (com boa resolu\u00e7\u00e3o).<\/li>\n<li>As seguintes informa\u00e7\u00f5es: t\u00edtulo do altar, nome completo do artista e cidade\/estado de origem.<\/li>\n<\/ul>\n<\/li>\n<\/ul>\n<p><strong>4 &#8211; PARTICIPA\u00c7\u00c3O<\/strong><\/p>\n<p>4.1. Todos os participantes, no ato da inscri\u00e7\u00e3o do concurso, autorizam e cedem o uso da sua imagem e da imagem dos seus respectivos altares, para fins de registro, divulga\u00e7\u00e3o, publicidade do concurso de forma gratuita e por tempo indeterminado.<\/p>\n<p>4.2. No ato da inscri\u00e7\u00e3o, os concorrentes dever\u00e3o declarar que concordam integralmente com as normas e disposi\u00e7\u00f5es contidas no presente Regulamento, eximindo os organizadores de quaisquer responsabilidades quanto a eventuais danos e preju\u00edzos que venham a ser causados aos concorrentes ou a terceiros.<\/p>\n<p>4.3. N\u00e3o poder\u00e3o participar desse concurso os colaboradores das Obras Sociais Irm\u00e3 Dulce, que trabalham nos n\u00facleos diretamente envolvidos na sua realiza\u00e7\u00e3o e divulga\u00e7\u00e3o, a saber: Complexo Santu\u00e1rio Santa Dulce dos Pobres, Superintend\u00eancia e Assessoria de Comunica\u00e7\u00e3o.<\/p>\n<p><strong>5 &#8211; COMISS\u00c3O JULGADORA<\/strong><\/p>\n<p>5.1. A comiss\u00e3o julgadora ser\u00e1 composta por quatro (04) integrantes, sendo: Superintendente das Obras Sociais Irm\u00e3 Dulce, Arte-Educadora do Memorial Irm\u00e3 Dulce, L\u00edder da Escola de Dulcismo, Diretora Executiva da Tecnomuseu e pela muse\u00f3loga do Museu da Santa Casa de Miseric\u00f3rdia.<\/p>\n<p>5.2. A comiss\u00e3o julgadora escolher\u00e1 06 (seis) altares que ser\u00e3o colocados para a vota\u00e7\u00e3o popular, atrav\u00e9s da rede social INSTAGRAM do Memorial Irm\u00e3 Dulce. Ser\u00e3o crit\u00e9rios de avalia\u00e7\u00e3o: uso da tem\u00e1tica proposta pelo concurso \u201cSanta Dulce, sempre a nos proteger!\u201d, a imagem de Santa Dulce dos Pobres em destaque no altar, criatividade, originalidade e sustentabilidade.<\/p>\n<p><strong>6 \u2013 SELE\u00c7\u00c3O DOS ALTARES<\/strong><\/p>\n<p>p&gt;6.1. Os jurados selecionar\u00e3o 06 (seis) altares entre os inscritos no concurso. Os 06 (seis) altares selecionados pelos jurados ser\u00e3o postados no INSTAGRAM do Memorial Irm\u00e3 Dulce, onde o p\u00fablico far\u00e1 a vota\u00e7\u00e3o. Os 03 (tr\u00eas) altares mais curtidos pelo p\u00fablico ser\u00e3o os vencedores em 1\u00ba, 2\u00ba e 3\u00ba lugares, definidos de acordo com o n\u00famero de curtidas.<\/p>\n<p><strong>7 &#8211; DIVULGA\u00c7\u00c3O<\/strong><\/p>\n<p>7.1. No dia 07\/08\/21 ser\u00e3o divulgados os 06 (seis) altares escolhidos pelos jurados. O p\u00fablico ter\u00e1 at\u00e9 o dia 11\/08\/21 para votar\/curtir.<\/p>\n<p>7.2. Do dia 07\/08 ao dia 11\/08 ser\u00e1 o per\u00edodo de vota\u00e7\u00e3o do p\u00fablico do INSTAGRAM do Memorial Irm\u00e3 Dulce que escolher\u00e1 os 03 vencedores, atrav\u00e9s das curtidas do seu altar preferido.<\/p>\n<p>7.3. No dia 12\/08\/21 ser\u00e3o divulgados os 03 (tr\u00eas) altares vencedores em 1\u00ba, 2\u00ba e 3\u00ba lugares pelas redes sociais do Memorial, Santu\u00e1rio e das Obras Sociais Irm\u00e3 Dulce \u2013 Instagram e Facebook.<\/p>\n<p><strong>8 &#8211; RESULTADO<\/strong><\/p>\n<p>Ser\u00e3o premiados os 03 (tr\u00eas) altares mais curtidos pelo p\u00fablico do INSTAGRAM do Memorial Irm\u00e3 Dulce. O resultado ser\u00e1 divulgado no dia 12 de agosto de 2021 nas redes sociais do Memorial Irm\u00e3 Dulce, do Santu\u00e1rio Santa Dulce e das Obras Sociais Irm\u00e3 Dulce.<\/p>\n<p><strong>9 \u2013 PREMIA\u00c7\u00c3O<\/strong><\/p>\n<p>Os ganhadores do concurso receber\u00e3o seus pr\u00eamios a partir do dia 20 de agosto de 2021. Os ganhadores residentes na cidade do Salvador dever\u00e3o retirar seus pr\u00eamios na sede do Memorial Irm\u00e3 Dulce, localizada na Av. Bonfim, n. 161, Largo de Roma. Aos ganhadores residentes fora da cidade do Salvador, a organiza\u00e7\u00e3o do concurso entrar\u00e1 em contato para a entrega da premia\u00e7\u00e3o.<\/p>\n<p><strong>10 &#8211; OS PR\u00caMIOS<\/strong><\/p>\n<ul>\n<li>1\u00ba LUGAR: 01 trof\u00e9u \/ 01 camisa \/ 01 biografia de Santa Dulce dos Pobres.<\/li>\n<li>2\u00ba LUGAR: 01 trof\u00e9u \/ 01 camisa \/ 01 livreto de frases e pensamentos de Santa Dulce dos Pobres.<\/li>\n<li>3\u00ba LUGAR: 01 trof\u00e9u \/ 01 camisa \/ 01 azulejo decorativo de Santa Dulce dos Pobres.<\/li>\n<\/ul>\n","protected":false},"excerpt":{"rendered":"<p>As inscri\u00e7\u00f5es s\u00e3o gratuitas e dever\u00e3o ser realizadas de forma virtual atrav\u00e9s do Whatsapp (71) 99973-6717 do Memorial Irm\u00e3 Dulce O Mem\u00f3rial Irm\u00e3 Dulce est\u00e1 realizando o II Concurso Virtual Altar de Santa Dulce dos Pobres que tem como tema:&nbsp;\u201cSanta Dulce dos Pobres, Sempre a nos Proteger!\u201d. A iniciativa tem o objetivo de comemorar a&nbsp;<\/p>\n<p><a class=\"btn btn-style\" href=\"https:\/\/portalcatolico.net\/portal\/ii-concurso-virtual-altar-de-santa-dulce-dos-pobres-esta-com-inscricoes-abertas\/\">Continue Reading<\/a><\/p>\n","protected":false},"author":2,"featured_media":72878,"comment_status":"open","ping_status":"open","sticky":false,"template":"","format":"standard","meta":{"footnotes":""},"categories":[4],"tags":[],"class_list":["post-72877","post","type-post","status-publish","format-standard","has-post-thumbnail","hentry","category-destaques"],"_links":{"self":[{"href":"https:\/\/portalcatolico.net\/portal\/wp-json\/wp\/v2\/posts\/72877","targetHints":{"allow":["GET"]}}],"collection":[{"href":"https:\/\/portalcatolico.net\/portal\/wp-json\/wp\/v2\/posts"}],"about":[{"href":"https:\/\/portalcatolico.net\/portal\/wp-json\/wp\/v2\/types\/post"}],"author":[{"embeddable":true,"href":"https:\/\/portalcatolico.net\/portal\/wp-json\/wp\/v2\/users\/2"}],"replies":[{"embeddable":true,"href":"https:\/\/portalcatolico.net\/portal\/wp-json\/wp\/v2\/comments?post=72877"}],"version-history":[{"count":3,"href":"https:\/\/portalcatolico.net\/portal\/wp-json\/wp\/v2\/posts\/72877\/revisions"}],"predecessor-version":[{"id":72881,"href":"https:\/\/portalcatolico.net\/portal\/wp-json\/wp\/v2\/posts\/72877\/revisions\/72881"}],"wp:featuredmedia":[{"embeddable":true,"href":"https:\/\/portalcatolico.net\/portal\/wp-json\/wp\/v2\/media\/72878"}],"wp:attachment":[{"href":"https:\/\/portalcatolico.net\/portal\/wp-json\/wp\/v2\/media?parent=72877"}],"wp:term":[{"taxonomy":"category","embeddable":true,"href":"https:\/\/portalcatolico.net\/portal\/wp-json\/wp\/v2\/categories?post=72877"},{"taxonomy":"post_tag","embeddable":true,"href":"https:\/\/portalcatolico.net\/portal\/wp-json\/wp\/v2\/tags?post=72877"}],"curies":[{"name":"wp","href":"https:\/\/api.w.org\/{rel}","templated":true}]}}