{"id":72874,"date":"2021-07-14T19:45:03","date_gmt":"2021-07-14T22:45:03","guid":{"rendered":"http:\/\/portalcatolico.net\/portal\/?p=72874"},"modified":"2021-07-14T19:45:31","modified_gmt":"2021-07-14T22:45:31","slug":"papa-deixa-o-hospital-a-oracao-na-basilica-de-santa-maria-maior","status":"publish","type":"post","link":"https:\/\/portalcatolico.net\/portal\/papa-deixa-o-hospital-a-oracao-na-basilica-de-santa-maria-maior\/","title":{"rendered":"Papa deixa o hospital. A ora\u00e7\u00e3o na Bas\u00edlica de Santa Maria Maior"},"content":{"rendered":"<div class=\"article__subTitle\">Francisco ficou dez dias internados para se submter a uma cirurgia no c\u00f3lon. Diante do \u00edcone mariano, rezou por todos os doentes, em especial por aqueles que encontrou durante sua interna\u00e7\u00e3o.<\/div>\n<div class=\"article__text \">\n<p>O Papa Francisco recebeu alta do Hospital Agostino Gemelli, assim confirmou o diretor da Sala de Imprensa da Santa S\u00e9,&nbsp;Matteo Bruni, respondendo a perguntas dos jornalistas.<\/p>\n<p>O Pont\u00edfice deixou a Policl\u00ednica pouco depois das 10h30 locais e antes de regressar para a Casa Santa Marta, no Vaticano, o Papa foi at\u00e9 \u00e0 Bas\u00edlica de Santa Maria Maior. Ali, de acordo com o comunicado da Sala de Imprensa, diante da Virgem &#8220;Salus Populi Romani&#8221; Francisco agradeceu pelo bom \u00eaxito da sua cirurgia e dirigiu a Nossa Senhora uma ora\u00e7\u00e3o por todos os doentes, especialmente por aqueles que o Papa encontrou durante os dias de sua interna\u00e7\u00e3o.&nbsp;<\/p>\n<p>Pouco antes das 12h, voltou para a Casa Santa Marta.<\/p>\n<p>Com informa\u00e7\u00f5es e foto do site: Vatican News<\/p>\n<\/div>\n","protected":false},"excerpt":{"rendered":"<p>Francisco ficou dez dias internados para se submter a uma cirurgia no c\u00f3lon. Diante do \u00edcone mariano, rezou por todos os doentes, em especial por aqueles que encontrou durante sua interna\u00e7\u00e3o. O Papa Francisco recebeu alta do Hospital Agostino Gemelli, assim confirmou o diretor da Sala de Imprensa da Santa S\u00e9,&nbsp;Matteo Bruni, respondendo a perguntas&nbsp;<\/p>\n<p><a class=\"btn btn-style\" href=\"https:\/\/portalcatolico.net\/portal\/papa-deixa-o-hospital-a-oracao-na-basilica-de-santa-maria-maior\/\">Continue Reading<\/a><\/p>\n","protected":false},"author":2,"featured_media":72875,"comment_status":"open","ping_status":"open","sticky":false,"template":"","format":"standard","meta":{"footnotes":""},"categories":[5],"tags":[],"class_list":["post-72874","post","type-post","status-publish","format-standard","has-post-thumbnail","hentry","category-igreja_no_mundo"],"_links":{"self":[{"href":"https:\/\/portalcatolico.net\/portal\/wp-json\/wp\/v2\/posts\/72874","targetHints":{"allow":["GET"]}}],"collection":[{"href":"https:\/\/portalcatolico.net\/portal\/wp-json\/wp\/v2\/posts"}],"about":[{"href":"https:\/\/portalcatolico.net\/portal\/wp-json\/wp\/v2\/types\/post"}],"author":[{"embeddable":true,"href":"https:\/\/portalcatolico.net\/portal\/wp-json\/wp\/v2\/users\/2"}],"replies":[{"embeddable":true,"href":"https:\/\/portalcatolico.net\/portal\/wp-json\/wp\/v2\/comments?post=72874"}],"version-history":[{"count":1,"href":"https:\/\/portalcatolico.net\/portal\/wp-json\/wp\/v2\/posts\/72874\/revisions"}],"predecessor-version":[{"id":72876,"href":"https:\/\/portalcatolico.net\/portal\/wp-json\/wp\/v2\/posts\/72874\/revisions\/72876"}],"wp:featuredmedia":[{"embeddable":true,"href":"https:\/\/portalcatolico.net\/portal\/wp-json\/wp\/v2\/media\/72875"}],"wp:attachment":[{"href":"https:\/\/portalcatolico.net\/portal\/wp-json\/wp\/v2\/media?parent=72874"}],"wp:term":[{"taxonomy":"category","embeddable":true,"href":"https:\/\/portalcatolico.net\/portal\/wp-json\/wp\/v2\/categories?post=72874"},{"taxonomy":"post_tag","embeddable":true,"href":"https:\/\/portalcatolico.net\/portal\/wp-json\/wp\/v2\/tags?post=72874"}],"curies":[{"name":"wp","href":"https:\/\/api.w.org\/{rel}","templated":true}]}}