{"id":72868,"date":"2021-07-13T20:10:51","date_gmt":"2021-07-13T23:10:51","guid":{"rendered":"http:\/\/portalcatolico.net\/portal\/?p=72868"},"modified":"2021-07-13T20:09:57","modified_gmt":"2021-07-13T23:09:57","slug":"frei-massimo-fusarelli-e-eleito-ministro-geral-dos-frades-menores","status":"publish","type":"post","link":"https:\/\/portalcatolico.net\/portal\/frei-massimo-fusarelli-e-eleito-ministro-geral-dos-frades-menores\/","title":{"rendered":"Frei Massimo Fusarelli \u00e9 eleito Ministro Geral dos Frades Menores"},"content":{"rendered":"<p><strong><em>O 121\u00ba representante de S\u00e3o Francisco de Assis vai ficar na fun\u00e7\u00e3o de ministro geral de 2021-2027<\/em><\/strong><\/p>\n<p>Os 116 frades capitulares que participam do Cap\u00edtulo Geral da Ordem dos Frades Menores, em andamento no Col\u00e9gio Internacional S\u00e3o Louren\u00e7o de Brindisi, em Roma, elegeram na manh\u00e3 desta ter\u00e7a-feira, 13 de julho, o novo Ministro Geral da Ordem dos Frades Menores. O 121\u00ba representante de S\u00e3o Francisco de Assis \u00e9 o italiano Frei Massimo Fusarelli, atualmente Ministro Provincial da Prov\u00edncia S\u00e3o Boaventura, nascida da uni\u00e3o das antigas prov\u00edncias de Abruzzo e Lazio, ocorrida em 2017. Ele ficar\u00e1 na fun\u00e7\u00e3o de Ministro Geral de 2021-2027.<\/p>\n<p>A elei\u00e7\u00e3o foi presidida, segundo nomea\u00e7\u00e3o do Papa Francisco, pelo Cardeal brasileiro Jo\u00e3o Braz de Aviz, Prefeito da Congrega\u00e7\u00e3o para os Institutos de Vida Consagrada e Sociedades de Vida Apost\u00f3lica. Amanh\u00e3 (14\/7) ser\u00e1 eleito o Vig\u00e1rio Geral e, na quinta-feira (15\/7), os integrantes do Definit\u00f3rio Geral.<\/p>\n<p><img decoding=\"async\" src=\"https:\/\/www.vaticannews.va\/content\/dam\/vaticannews\/multimedia\/2021\/07\/13\/logo_capitulo_geral.jpg\/_jcr_content\/renditions\/cq5dam.thumbnail.cropped.750.422.jpeg\" alt=\"O Cap\u00edtulo Geral est\u00e1 sendo realizado em Roma\"><\/p>\n<p>O Cap\u00edtulo Geral est\u00e1 sendo realizado em Roma<\/p>\n<h2><strong>A biografia de Frei Massimo Fusarelli<\/strong><\/h2>\n<p>Frei Massimo nasceu em Roma em 30 de mar\u00e7o de 1963 (58 anos). Conheceu os Frades Menores da Par\u00f3quia de S\u00e3o Francisco em Tivoli, amadurecendo a escolha pela vida religiosa franciscana. Vestiu o h\u00e1bito franciscano em 28 de julho de 1982, fazendo a Primeira Profiss\u00e3o em 30 de julho de 1983. Ele viveu at\u00e9 1989 na \u201cS\u00e3o Bonaventura\u201d de Frascati, preparando-se para a profiss\u00e3o solene e ordena\u00e7\u00e3o presbiteral, recebidas na Igreja de \u201cS\u00e3o Francisco\u201d do Tivoli, em 30 de setembro de 1989.<\/p>\n<p>Depois do Noviciado, cursou Filosofia e Teologia no ent\u00e3o Pontif\u00edcio Ateneu Antoniano, obtendo o Bacharelado em Teologia em 1988. Por decis\u00e3o de seus superiores, iniciou os cursos de Licenciatura e Doutorado em Teologia Patr\u00edstica no Pontif\u00edcio Instituto Patr\u00edstico Augustinianum, obtendo os t\u00edtulos relacionados em 1992. Lecionou Teologia Patr\u00edstica no Instituto de Ci\u00eancias Religiosas do ent\u00e3o Pontif\u00edcio Ateneu Antoniano (1991-1996).<\/p>\n<p>J\u00e1 esteve no governo da Ordem quando foi Secret\u00e1rio Geral de Forma\u00e7\u00e3o e Estudos (2003 a 2009) e Visitador Geral para a Prov\u00edncia de N\u00e1poles e depois para o processo de unifica\u00e7\u00e3o das Prov\u00edncias do Norte da It\u00e1lia. Em n\u00edvel provincial, foi Definidor, animador da Pastoral Vocacional e depois secret\u00e1rio da Forma\u00e7\u00e3o Permanente; v\u00e1rias vezes guardi\u00e3o, fun\u00e7\u00e3o que acumula hoje como Ministro Provincial, al\u00e9m de p\u00e1roco da Par\u00f3quia S\u00e3o Francisco a Ripa e respons\u00e1vel pelo projeto de acolhida aos pobres. Foi nessa igreja onde S\u00e3o Francisco viveu e rezou em sua passagem pela Cidade Eterna, durante as visitas ao Papa Inoc\u00eancio III.<\/p>\n<p>Nos \u00faltimos anos residiu nos Conventos S\u00e3o Bonaventura al Palatino em Roma e Santa Maria delle Grazie em Ponticelli Sabino (Rieti), tamb\u00e9m foi convidado a fazer parte do Conselho Presbiteral da Diocese de Sabina e depois no Conselho de Roma (1999-2002), sempre no contexto da pastoral juvenil e vocacional. Participou e organizou miss\u00f5es populares e anima\u00e7\u00e3o nas par\u00f3quias.<\/p>\n<p>No servi\u00e7o de unifica\u00e7\u00e3o das Prov\u00edncias do Norte, em tempo integral, Frei Massimo presidiu o Conselho de seis ministros provinciais de janeiro de 2014 at\u00e9 a uni\u00e3o, acompanhou os diversos \u00f3rg\u00e3os interprovinciais, depois de realizada a visita can\u00f4nica \u00e0s 75 fraternidades locais, a visita fraterna aos 29 mosteiros das Irm\u00e3s Clarissas, a visita aos bispos diocesanos onde est\u00e3o presentes os conventos, &nbsp;e acompanhar a prepara\u00e7\u00e3o do Cap\u00edtulo Provincial unit\u00e1rio, inaugurado em 16 de maio de 2016 com o nascimento da nova Prov\u00edncia do Norte da It\u00e1lia.<\/p>\n<p>De 2015 a 2018 foi assistente Geral do Instituto Secular dos Mission\u00e1rios da Realeza de Cristo; de outubro de 2016 a agosto de 2017 viveu com outros irm\u00e3os entre as v\u00edtimas do terremoto de Amatrice e Accumoli (Rieti). Em 2 de julho de 2020 foi eleito Ministro Provincial em Cap\u00edtulo e, em 7 de outubro de 2020, presidente da Confer\u00eancia dos Ministros Provinciais da It\u00e1lia e da Alb\u00e2nia (COMPI). Agora, com sua elei\u00e7\u00e3o, Frei Luciano De Giusti, o Vig\u00e1rio Provincial, deve assumir a Prov\u00edncia no seu lugar.<\/p>\n<p>Segundo dados mais recentes publicados pela \u201cActa Ordinis\u201d, neste Cap\u00edtulo Geral, Frei Massimo acompanhar\u00e1 e animar\u00e1 a Ordem dos Frades Menores em 119 pa\u00edses em todos os continentes. Numericamente, os Frades Menores s\u00e3o cerca de 12.479 \u2013 n\u00e3o inclusos os 492 postulantes \u2013&nbsp; e est\u00e3o assim distribu\u00eddos: \u00c1frica e M\u00e9dio Oriente: 1.300; Am\u00e9rica Latina: 3.113; Am\u00e9rica setentrional: 1.004; \u00c1sia-Oceania: 1.514; Europa Oriental: 2.314 e Europa Ocidental: 3.234.<\/p>\n<p>O termo ministro vem diretamente do fundador, S\u00e3o Francisco de Assis, que, segundo ele, os irm\u00e3os eram todos iguais e n\u00e3o gostava do termo \u201csuperior\u201d. Assim, os frades que supervisionavam os demais irm\u00e3os deveriam ser um servo que cuidava (\u201cministrava para\u201d) deles e n\u00e3o um superior.<\/p>\n<p><strong>Os Ministros Gerais em mais de oito s\u00e9culos<\/strong><\/p>\n<p>No dia 29 de maio de 1517, quando o Papa Le\u00e3o X, depois de s\u00e9culos de controv\u00e9rsias, produziu a bula \u201cIte et vos in vineam meam\u201d, com a qual sancionou a divis\u00e3o entre os Conventuais n\u00e3o-reformados e os Observantes. Esses \u00faltimos se tornaram a Ordem dos Frades Menores e ao superior deles, o Ministro Geral, foi devolvido o antigo selo da Ordem e foi lhe dado o direito de preced\u00eancia em rela\u00e7\u00e3o ao superior dos Conventuais.<\/p>\n<p>O s\u00e9culo XVI vivia um generalizado clima de reforma religiosa e, aqui, situa-se a \u201cReforma Capuchinha\u201d, aprovada pelo Papa Clemente VII (1522-1534) em 1528 mediante a bula \u201cReligionis zelus\u201d. Em 1529, o novo ramo franciscano redigiu suas primeiras normas de vida, conhecidas como \u201cConstitui\u00e7\u00f5es de Albacina\u201d, que foram aperfei\u00e7oadas em 1536 com as novas \u201cConstitui\u00e7\u00f5es de Santa Euf\u00eamia\u201d.<\/p>\n<p>Com Informa\u00e7\u00f5es da Provincia Franciscana Imaculada Concei\u00e7\u00e3o<br \/>\nFoto: Reprodu\u00e7\u00e3o \/ Vatican News<\/p>\n","protected":false},"excerpt":{"rendered":"<p>O 121\u00ba representante de S\u00e3o Francisco de Assis vai ficar na fun\u00e7\u00e3o de ministro geral de 2021-2027 Os 116 frades capitulares que participam do Cap\u00edtulo Geral da Ordem dos Frades Menores, em andamento no Col\u00e9gio Internacional S\u00e3o Louren\u00e7o de Brindisi, em Roma, elegeram na manh\u00e3 desta ter\u00e7a-feira, 13 de julho, o novo Ministro Geral da&nbsp;<\/p>\n<p><a class=\"btn btn-style\" href=\"https:\/\/portalcatolico.net\/portal\/frei-massimo-fusarelli-e-eleito-ministro-geral-dos-frades-menores\/\">Continue Reading<\/a><\/p>\n","protected":false},"author":2,"featured_media":72869,"comment_status":"open","ping_status":"open","sticky":false,"template":"","format":"standard","meta":{"footnotes":""},"categories":[4],"tags":[],"class_list":["post-72868","post","type-post","status-publish","format-standard","has-post-thumbnail","hentry","category-destaques"],"_links":{"self":[{"href":"https:\/\/portalcatolico.net\/portal\/wp-json\/wp\/v2\/posts\/72868","targetHints":{"allow":["GET"]}}],"collection":[{"href":"https:\/\/portalcatolico.net\/portal\/wp-json\/wp\/v2\/posts"}],"about":[{"href":"https:\/\/portalcatolico.net\/portal\/wp-json\/wp\/v2\/types\/post"}],"author":[{"embeddable":true,"href":"https:\/\/portalcatolico.net\/portal\/wp-json\/wp\/v2\/users\/2"}],"replies":[{"embeddable":true,"href":"https:\/\/portalcatolico.net\/portal\/wp-json\/wp\/v2\/comments?post=72868"}],"version-history":[{"count":1,"href":"https:\/\/portalcatolico.net\/portal\/wp-json\/wp\/v2\/posts\/72868\/revisions"}],"predecessor-version":[{"id":72870,"href":"https:\/\/portalcatolico.net\/portal\/wp-json\/wp\/v2\/posts\/72868\/revisions\/72870"}],"wp:featuredmedia":[{"embeddable":true,"href":"https:\/\/portalcatolico.net\/portal\/wp-json\/wp\/v2\/media\/72869"}],"wp:attachment":[{"href":"https:\/\/portalcatolico.net\/portal\/wp-json\/wp\/v2\/media?parent=72868"}],"wp:term":[{"taxonomy":"category","embeddable":true,"href":"https:\/\/portalcatolico.net\/portal\/wp-json\/wp\/v2\/categories?post=72868"},{"taxonomy":"post_tag","embeddable":true,"href":"https:\/\/portalcatolico.net\/portal\/wp-json\/wp\/v2\/tags?post=72868"}],"curies":[{"name":"wp","href":"https:\/\/api.w.org\/{rel}","templated":true}]}}