{"id":72861,"date":"2021-07-14T00:47:56","date_gmt":"2021-07-14T03:47:56","guid":{"rendered":"http:\/\/portalcatolico.net\/portal\/?p=72861"},"modified":"2021-07-13T19:48:51","modified_gmt":"2021-07-13T22:48:51","slug":"com-programacao-virtual-familia-dos-devotos-comemora-aniversario","status":"publish","type":"post","link":"https:\/\/portalcatolico.net\/portal\/com-programacao-virtual-familia-dos-devotos-comemora-aniversario\/","title":{"rendered":"Com programa\u00e7\u00e3o virtual, Fam\u00edlia dos Devotos comemora anivers\u00e1rio"},"content":{"rendered":"<p><strong><i>Composta por devotos que auxiliam o Santu\u00e1rio Nacional com ora\u00e7\u00e3o e doa\u00e7\u00e3o, iniciativa comemora 22 anos<\/i><\/strong><\/p>\n<div>\n<p><i>Por Victor Hugo Barros<\/i><\/p>\n<\/div>\n<div>\n<p>Os 22 anos da Fam\u00edlia dos Devotos ser\u00e3o comemorados de 09 a 12 de julho, no Santu\u00e1rio Nacional de Aparecida (SP). Uma programa\u00e7\u00e3o virtual foi preparada para as festividades.<\/p>\n<p>\u201cDesde o in\u00edcio da pandemia nossa Fam\u00edlia dos Devotos est\u00e1 mais unida. Estamos levando a esperan\u00e7a para todo o Brasil por meio da Rede Aparecida de Comunica\u00e7\u00e3o. Neste ano, preparamos uma programa\u00e7\u00e3o especial para dizer a Nossa Senhora nosso muito obrigado por estarmos aqui, unidos como uma imensa fam\u00edlia que reza e age\u201d, afirma a gerente de marketing do Santu\u00e1rio Nacional, Solange Parron.<\/p>\n<p>A festa re\u00fane virtualmente aqueles que, com sua ora\u00e7\u00e3o e doa\u00e7\u00e3o auxiliam nas obras sociais e de evangeliza\u00e7\u00e3o do Santu\u00e1rio Nacional. Os devotos tamb\u00e9m contribuem com a manuten\u00e7\u00e3o da Bas\u00edlica da Padroeira e da Rede Aparecida de Comunica\u00e7\u00e3o.<\/p>\n<p>\u201cTodos podem participar das comemora\u00e7\u00f5es. \u00c9 o anivers\u00e1rio da Fam\u00edlia dos Devotos, composta por pessoas que nos ajudam com sua a\u00e7\u00e3o e doa\u00e7\u00e3o, mas todos os que s\u00e3o devotos, que amam a M\u00e3e Aparecida s\u00e3o convidados. At\u00e9 mesmo quem n\u00e3o conhece a alegria de ser de Cristo e de Nossa Senhora \u00e9 chamado a festejar conosco, pois o Santu\u00e1rio \u00e9 a casa de todos os seres humanos e, consequentemente, nossa Fam\u00edlia tamb\u00e9m \u00e9\u201d, garante.<\/p>\n<p>Diversas celebra\u00e7\u00f5es v\u00e3o acontecer em a\u00e7\u00e3o de gra\u00e7as pelo anivers\u00e1rio. Todas as cerim\u00f4nias ser\u00e3o transmitidas pela TV Aparecida, respons\u00e1vel pela veicula\u00e7\u00e3o de toda a programa\u00e7\u00e3o, que deve ser acompanhada pelos meios de comunica\u00e7\u00e3o.<\/p>\n<p>A abertura acontece com uma Missa \u00e0s 18h de sexta-feira (09), na Bas\u00edlica Velha. A celebra\u00e7\u00e3o ser\u00e1 presidida pelo arcebispo de Aparecida, Dom Orlando Brandes, e concelebrada pelo reitor do Santu\u00e1rio Nacional, padre Eduardo Catalfo.<\/p>\n<p>Diversas outras celebra\u00e7\u00f5es acontecem at\u00e9 a segunda-feira (12), quando o calend\u00e1rio festivo ser\u00e1 encerrado. Na data, a Missa Aparecida pelo Brasil, rezada no Altar Central da Bas\u00edlica, \u00e0s 9h, fecha as comemora\u00e7\u00f5es.<\/p>\n<p>Al\u00e9m das cerim\u00f4nias lit\u00fargicas, a TV Aparecida vai exibir programas especiais. O destaque vai para o Tributo \u00e0 Padroeira, um show in\u00e9dito, que ser\u00e1 exibido \u00e0s 19h do s\u00e1bado (10).<\/p>\n<p>\u201cEste \u00e9 um presente muito bonito, que estamos produzindo com muito carinho. S\u00e3o m\u00fasicas que demonstram nosso amor a Nossa Senhora. \u00c9 o uso da arte para nos aproximar de Deus. \u00c9 uma festa para acalentar nosso cora\u00e7\u00e3o e agradecer estes 22 anos de hist\u00f3ria. Garanto que ser\u00e1 imperd\u00edvel\u201d, detalha Solange.<\/p>\n<p>A programa\u00e7\u00e3o completa pode ser conferida no site <strong><a href=\"http:\/\/www.a12.com\/familia\">www.a12.com\/familia<\/a><\/strong>.<\/p>\n<p><b>Fam\u00edlia dos Devotos \u2013<\/b>&nbsp;Criada em julho de 1999, se configura como uma grande Fam\u00edlia de f\u00e9 e uni\u00e3o dos fi\u00e9is que amam Nossa Senhora Aparecida e que, al\u00e9m de sua devo\u00e7\u00e3o, intercedem e ajudam concretamente a Obra Evangelizadora do Santu\u00e1rio Nacional. Ao longo da hist\u00f3ria, o aux\u00edlio da Fam\u00edlia dos Devotos possibilitou que importantes obras fossem realizadas e outras ainda est\u00e3o em andamento.<\/p>\n<p>Foto: Thiago Leon<\/p>\n<\/div>\n","protected":false},"excerpt":{"rendered":"<p>Composta por devotos que auxiliam o Santu\u00e1rio Nacional com ora\u00e7\u00e3o e doa\u00e7\u00e3o, iniciativa comemora 22 anos Por Victor Hugo Barros Os 22 anos da Fam\u00edlia dos Devotos ser\u00e3o comemorados de 09 a 12 de julho, no Santu\u00e1rio Nacional de Aparecida (SP). Uma programa\u00e7\u00e3o virtual foi preparada para as festividades. \u201cDesde o in\u00edcio da pandemia nossa&nbsp;<\/p>\n<p><a class=\"btn btn-style\" href=\"https:\/\/portalcatolico.net\/portal\/com-programacao-virtual-familia-dos-devotos-comemora-aniversario\/\">Continue Reading<\/a><\/p>\n","protected":false},"author":2,"featured_media":72862,"comment_status":"open","ping_status":"open","sticky":false,"template":"","format":"standard","meta":{"footnotes":""},"categories":[3],"tags":[],"class_list":["post-72861","post","type-post","status-publish","format-standard","has-post-thumbnail","hentry","category-noticias_regionais"],"_links":{"self":[{"href":"https:\/\/portalcatolico.net\/portal\/wp-json\/wp\/v2\/posts\/72861","targetHints":{"allow":["GET"]}}],"collection":[{"href":"https:\/\/portalcatolico.net\/portal\/wp-json\/wp\/v2\/posts"}],"about":[{"href":"https:\/\/portalcatolico.net\/portal\/wp-json\/wp\/v2\/types\/post"}],"author":[{"embeddable":true,"href":"https:\/\/portalcatolico.net\/portal\/wp-json\/wp\/v2\/users\/2"}],"replies":[{"embeddable":true,"href":"https:\/\/portalcatolico.net\/portal\/wp-json\/wp\/v2\/comments?post=72861"}],"version-history":[{"count":2,"href":"https:\/\/portalcatolico.net\/portal\/wp-json\/wp\/v2\/posts\/72861\/revisions"}],"predecessor-version":[{"id":72864,"href":"https:\/\/portalcatolico.net\/portal\/wp-json\/wp\/v2\/posts\/72861\/revisions\/72864"}],"wp:featuredmedia":[{"embeddable":true,"href":"https:\/\/portalcatolico.net\/portal\/wp-json\/wp\/v2\/media\/72862"}],"wp:attachment":[{"href":"https:\/\/portalcatolico.net\/portal\/wp-json\/wp\/v2\/media?parent=72861"}],"wp:term":[{"taxonomy":"category","embeddable":true,"href":"https:\/\/portalcatolico.net\/portal\/wp-json\/wp\/v2\/categories?post=72861"},{"taxonomy":"post_tag","embeddable":true,"href":"https:\/\/portalcatolico.net\/portal\/wp-json\/wp\/v2\/tags?post=72861"}],"curies":[{"name":"wp","href":"https:\/\/api.w.org\/{rel}","templated":true}]}}