{"id":72842,"date":"2021-07-11T09:30:14","date_gmt":"2021-07-11T12:30:14","guid":{"rendered":"http:\/\/portalcatolico.net\/portal\/?p=72842"},"modified":"2021-07-11T09:30:40","modified_gmt":"2021-07-11T12:30:40","slug":"papa-nenhum-doente-fique-so-sistema-de-saude-gratuito-e-acessivel-a-todos","status":"publish","type":"post","link":"https:\/\/portalcatolico.net\/portal\/papa-nenhum-doente-fique-so-sistema-de-saude-gratuito-e-acessivel-a-todos\/","title":{"rendered":"Papa: nenhum doente fique s\u00f3. Sistema de sa\u00fade gratuito e acess\u00edvel a todos"},"content":{"rendered":"<div class=\"article__subTitle\">Do Hospital Agostino Gemelli, onde se recupera de uma cirurgia, o Papa Francisco rezou de modo especial por todos os enfermos e fez um apelo por um sistema de sa\u00fade acess\u00edvel a todos. Da janela do d\u00e9cimo andar, recebeu o carinho dos fi\u00e9is &#8211; uma imagem que n\u00e3o se via desde 2005, quando no dia 13 de mar\u00e7o S\u00e3o Jo\u00e3o Paulo II pronunciou algumas palavras em p\u00fablico ap\u00f3s uma traqueotomia.<\/div>\n<div>&nbsp;<\/div>\n<div class=\"title__separator\">\n<div>\n<div class=\"article__embed article__embed--border embed_style\">\n<blockquote><p>\u201cEstou feliz por poder manter o encontro dominical do Angelus, tamb\u00e9m aqui da Policl\u00ednica \u201cGemelli\u201d. Agrade\u00e7o a todos: senti muito a proximidade e o amparo de suas ora\u00e7\u00f5es. Obrigado de cora\u00e7\u00e3o!\u201d<\/p><\/blockquote>\n<\/div>\n<\/div>\n<p>Um sentimento de gratid\u00e3o marcou o Angelus deste domingo, realizado do Hospital Agostino Gemelli, onde o Papa Francisco est\u00e1 internado h\u00e1 uma semana, desde que se submeteu a uma cirurgia no intestino.<\/p>\n<p>Da janela do seu apartamento no d\u00e9cimo andar da Policl\u00ednica, o Papa acenou aos fi\u00e9is presentes na pequena pra\u00e7a que fica na entrada da estrutura e dali fez uma breve medita\u00e7\u00e3o sobre o Evangelho do dia, destacando de modo especial uma frase de Jesus aos disc\u00edpulos:&nbsp;&#8220;curavam numerosos doentes, ungindo-os com \u00f3leo&#8221; (<i>Mc<\/i>&nbsp;6,13).<\/p>\n<p>&#8220;Este &#8216;\u00f3leo&#8217; \u00e9 certamente o sacramento da Un\u00e7\u00e3o dos enfermos, que d\u00e1 conforto ao esp\u00edrito e ao corpo. Mas este &#8216;\u00f3leo&#8217; \u00e9 tamb\u00e9m a escuta, a proximidade, o cuidado, a ternura de quem cuida da pessoa doente: \u00e9 como uma car\u00edcia que faz sentir melhor, alivia a dor e soleva.&#8221;<\/p>\n<p>Para Francisco,&nbsp;&nbsp;mais cedo ou mais tarde, todos necessitamos desta \u201cun\u00e7\u00e3o\u201d e todos podemos oferec\u00ea-la a algu\u00e9m, com uma visita, um telefonema, uma m\u00e3o estendida a quem necessita de ajuda. &#8220;Recordemos que no protocolo do ju\u00edzo final Mateus, 25, uma das coisas que nos perguntar\u00e3o ser\u00e1 a proximidade aos doentes.<\/p>\n<p><strong>Sistema de sa\u00fade acess\u00edvel a todos<\/strong><\/p>\n<p>Todavia, esta dimens\u00e3o pessoal do cuidado deve ser alargada para uma dimens\u00e3o social, em que todos os cidad\u00e3os possam usufruir de um sistema de sa\u00fade.<\/p>\n<p>&#8220;Nesses dias de interna\u00e7\u00e3o no hospital, prosseguiu o Pont\u00edfice, experimentei quanto \u00e9 importante um bom servi\u00e7o de sa\u00fade gratuito, acess\u00edvel a todos, como existe na It\u00e1lia e em outros pa\u00edses. Um sistema de sa\u00fade gratuito, que garanta um bom servi\u00e7o acess\u00edvel a todos. N\u00e3o se pode perder este bem precioso. \u00c9 preciso mant\u00ea-lo! E para isso \u00e9 necess\u00e1rio que todos se empenhem, porque serve a todos e pede a contribui\u00e7\u00e3o de todos.&#8221;<\/p>\n<p>O Santo Padre lamentou que \u00e0s vezes, na Igreja, quando alguma institui\u00e7\u00e3o de sa\u00fade passa por problemas financeiros, inclusive por m\u00e1 gest\u00e3o, o primeiro pensamento \u00e9 vender a estrutura: &#8220;Mas a sua voca\u00e7\u00e3o na Igreja n\u00e3o \u00e9 ter dinheiro, mas prestar um servi\u00e7o e um servi\u00e7o \u00e9 sempre gratuito, n\u00e3o se esque\u00e7am, salvar as institui\u00e7\u00f5es gratuitas&#8221;.<\/p>\n<p><strong>Por fim, Francisco dirigiu uma palavra a quem trabalha em hospitais, pedindo ora\u00e7\u00f5es pelos enfermos<\/strong>:<\/p>\n<p>&#8220;Quero expressar o meu apre\u00e7o e o meu encorajamento aos m\u00e9dicos e a todos os agentes de sa\u00fade e aos funcion\u00e1rios dos hospitais. E rezemos por todos os doentes, aqui est\u00e3o alguns amigos crian\u00e7as doentes. Por que as crian\u00e7as sofrem? Por que sofrem as crian\u00e7as \u00e9 uma pergunta que toca o cora\u00e7\u00e3o. Acompanhemo-las com a ora\u00e7\u00e3o e rezemos por todos os doentes, especialmente por aqueles em condi\u00e7\u00f5es mais dif\u00edceis: ningu\u00e9m fique s\u00f3, cada um possa receber a un\u00e7\u00e3o da escuta, da proximidade, da ternura e do cuidado. E \u00e9 o que pedimos por intercess\u00e3o de Maria, nossa M\u00e3e, sa\u00fade dos enfermos.&#8221;<\/p>\n<\/div>\n<div class=\"article__text \">\n<p><b>Por: Bianca Fraccalvieri &#8211; Cidade do Vaticano\/Vatican News<\/b><\/p>\n<\/div>\n","protected":false},"excerpt":{"rendered":"<p>Do Hospital Agostino Gemelli, onde se recupera de uma cirurgia, o Papa Francisco rezou de modo especial por todos os enfermos e fez um apelo por um sistema de sa\u00fade acess\u00edvel a todos. Da janela do d\u00e9cimo andar, recebeu o carinho dos fi\u00e9is &#8211; uma imagem que n\u00e3o se via desde 2005, quando no dia&nbsp;<\/p>\n<p><a class=\"btn btn-style\" href=\"https:\/\/portalcatolico.net\/portal\/papa-nenhum-doente-fique-so-sistema-de-saude-gratuito-e-acessivel-a-todos\/\">Continue Reading<\/a><\/p>\n","protected":false},"author":2,"featured_media":72843,"comment_status":"open","ping_status":"open","sticky":false,"template":"","format":"standard","meta":{"footnotes":""},"categories":[5],"tags":[],"class_list":["post-72842","post","type-post","status-publish","format-standard","has-post-thumbnail","hentry","category-igreja_no_mundo"],"_links":{"self":[{"href":"https:\/\/portalcatolico.net\/portal\/wp-json\/wp\/v2\/posts\/72842","targetHints":{"allow":["GET"]}}],"collection":[{"href":"https:\/\/portalcatolico.net\/portal\/wp-json\/wp\/v2\/posts"}],"about":[{"href":"https:\/\/portalcatolico.net\/portal\/wp-json\/wp\/v2\/types\/post"}],"author":[{"embeddable":true,"href":"https:\/\/portalcatolico.net\/portal\/wp-json\/wp\/v2\/users\/2"}],"replies":[{"embeddable":true,"href":"https:\/\/portalcatolico.net\/portal\/wp-json\/wp\/v2\/comments?post=72842"}],"version-history":[{"count":2,"href":"https:\/\/portalcatolico.net\/portal\/wp-json\/wp\/v2\/posts\/72842\/revisions"}],"predecessor-version":[{"id":72845,"href":"https:\/\/portalcatolico.net\/portal\/wp-json\/wp\/v2\/posts\/72842\/revisions\/72845"}],"wp:featuredmedia":[{"embeddable":true,"href":"https:\/\/portalcatolico.net\/portal\/wp-json\/wp\/v2\/media\/72843"}],"wp:attachment":[{"href":"https:\/\/portalcatolico.net\/portal\/wp-json\/wp\/v2\/media?parent=72842"}],"wp:term":[{"taxonomy":"category","embeddable":true,"href":"https:\/\/portalcatolico.net\/portal\/wp-json\/wp\/v2\/categories?post=72842"},{"taxonomy":"post_tag","embeddable":true,"href":"https:\/\/portalcatolico.net\/portal\/wp-json\/wp\/v2\/tags?post=72842"}],"curies":[{"name":"wp","href":"https:\/\/api.w.org\/{rel}","templated":true}]}}