{"id":72839,"date":"2021-07-11T09:26:24","date_gmt":"2021-07-11T12:26:24","guid":{"rendered":"http:\/\/portalcatolico.net\/portal\/?p=72839"},"modified":"2021-07-11T09:26:24","modified_gmt":"2021-07-11T12:26:24","slug":"cnbb-clama-defesa-da-vida-em-nota-sobre-cenario-atual-do-brasil","status":"publish","type":"post","link":"https:\/\/portalcatolico.net\/portal\/cnbb-clama-defesa-da-vida-em-nota-sobre-cenario-atual-do-brasil\/","title":{"rendered":"CNBB clama defesa da vida em nota sobre cen\u00e1rio atual do Brasil"},"content":{"rendered":"<p><em>Na avalia\u00e7\u00e3o da CNBB, a sociedade democr\u00e1tica brasileira est\u00e1 atravessando um dos per\u00edodos mais desafiadores da sua hist\u00f3ria.<\/em><\/p>\n<p>A Confer\u00eancia Nacional dos Bispos do Brasil (CNBB) emitiu uma nota nesta sexta-feira, 9 de julho, sobre o momento atual da conjuntura brasileira. No documento, a institui\u00e7\u00e3o reafirma, por meio de sua presid\u00eancia, a necessidade de \u201cdefender as vidas amea\u00e7adas, os direitos respeitados e para apoiar a restaura\u00e7\u00e3o da justi\u00e7a, fazendo valer a verdade\u201d.<\/p>\n<p>Na avalia\u00e7\u00e3o da CNBB, a sociedade democr\u00e1tica brasileira est\u00e1 atravessando um dos per\u00edodos mais desafiadores da sua hist\u00f3ria. \u201cA tr\u00e1gica perda de mais de meio milh\u00e3o de vidas est\u00e1 agravada pelas den\u00fancias de prevarica\u00e7\u00e3o e corrup\u00e7\u00e3o no enfrentamento da pandemia da COVID-19\u201d, diz um trecho da nota.<\/p>\n<p>A CNBB, na nota, \u201capoia e conclama as institui\u00e7\u00f5es da Rep\u00fablica para que, sob o olhar da sociedade civil, sem se esquivar, efetivem procedimentos em favor da apura\u00e7\u00e3o, irrestrita e imparcial, de todas as den\u00fancias, com consequ\u00eancias para quem quer que seja, em vista de imediata corre\u00e7\u00e3o pol\u00edtica e social dos descompassos\u201d.<\/p>\n<p>Confira, abaixo, a \u00edntegra do documento e a vers\u00e3o em PDF<a href=\"https:\/\/www.cnbb.org.br\/wp-content\/uploads\/2021\/07\/Nota-da-CNBB-diante-do-atual-momento-brasileiro.pdf\">&nbsp;aqui.<\/a><\/p>\n<p><strong>Nota da CNBB diante do atual momento brasileiro<\/strong><\/p>\n<p>Bras\u00edlia-DF, 9 de julho de 2021<\/p>\n<p>A Confer\u00eancia Nacional dos Bispos do Brasil-CNBB levanta sua voz neste momento, mais uma vez, para defender vidas amea\u00e7adas, direitos desrespeitados e para apoiar a restaura\u00e7\u00e3o da justi\u00e7a, fazendo valer a verdade. A sociedade democr\u00e1tica brasileira est\u00e1 atravessando um dos per\u00edodos mais desafiadores da sua hist\u00f3ria. A gravidade deste momento exige de todos coragem, sensatez e pronta corre\u00e7\u00e3o de rumos.<\/p>\n<p>A tr\u00e1gica perda de mais de meio milh\u00e3o de vidas est\u00e1 agravada pelas den\u00fancias de prevarica\u00e7\u00e3o e corrup\u00e7\u00e3o no enfrentamento da pandemia da COVID-19. \u201cAo abdicarem da \u00e9tica e da busca do bem comum, muitos agentes p\u00fablicos e privados tornaram-se protagonistas de um cen\u00e1rio desolador, no qual a corrup\u00e7\u00e3o ganha destaque.\u201d ( CNBB, Mensagem da 56\u00aa. Assembleia Geral ao Povo Brasileiro, 19 de abril de 2018).<\/p>\n<p>Apoiamos e conclamamos \u00e0s institui\u00e7\u00f5es da Rep\u00fablica para que, sob o olhar da sociedade civil, sem se esquivar, efetivem procedimentos em favor da apura\u00e7\u00e3o, irrestrita e imparcial, de todas as den\u00fancias, com consequ\u00eancias para quem quer que seja, em vista de imediata corre\u00e7\u00e3o pol\u00edtica e social dos descompassos.<\/p>\n<p><strong>Dom Walmor Oliveira de Azevedo<\/strong><br \/>\nArcebispo de Belo Horizonte (MG)<br \/>\n<em>Presidente da CNBB<\/em><\/p>\n<p><strong>Dom Jaime Spengler<\/strong><br \/>\nArcebispo de Porto Alegre (RS)<br \/>\n<em>Primeiro Vice-Presidente da CNBB<\/em><\/p>\n<p><strong>Dom M\u00e1rio Ant\u00f4nio da Silva<\/strong><br \/>\nBispo de Roraima (RR)<br \/>\n<em>Segundo Vice-Presidente da CNBB<\/em><\/p>\n<p><strong>Dom Joel Portella Amado<\/strong><br \/>\nBispo auxiliar da arquidiocese de S\u00e3o Sebasti\u00e3o do Rio de Janeiro (RJ)<br \/>\n<em>Secret\u00e1rio-geral da CNBB<\/em><\/p>\n<p>Com informa\u00e7\u00f5es do site da&nbsp; CNBB<br \/>\nFoto: Reprodu\u00e7\u00e3o \/ CNBB<\/p>\n","protected":false},"excerpt":{"rendered":"<p>Na avalia\u00e7\u00e3o da CNBB, a sociedade democr\u00e1tica brasileira est\u00e1 atravessando um dos per\u00edodos mais desafiadores da sua hist\u00f3ria. A Confer\u00eancia Nacional dos Bispos do Brasil (CNBB) emitiu uma nota nesta sexta-feira, 9 de julho, sobre o momento atual da conjuntura brasileira. No documento, a institui\u00e7\u00e3o reafirma, por meio de sua presid\u00eancia, a necessidade de \u201cdefender&nbsp;<\/p>\n<p><a class=\"btn btn-style\" href=\"https:\/\/portalcatolico.net\/portal\/cnbb-clama-defesa-da-vida-em-nota-sobre-cenario-atual-do-brasil\/\">Continue Reading<\/a><\/p>\n","protected":false},"author":2,"featured_media":72840,"comment_status":"open","ping_status":"open","sticky":false,"template":"","format":"standard","meta":{"footnotes":""},"categories":[4],"tags":[],"class_list":["post-72839","post","type-post","status-publish","format-standard","has-post-thumbnail","hentry","category-destaques"],"_links":{"self":[{"href":"https:\/\/portalcatolico.net\/portal\/wp-json\/wp\/v2\/posts\/72839","targetHints":{"allow":["GET"]}}],"collection":[{"href":"https:\/\/portalcatolico.net\/portal\/wp-json\/wp\/v2\/posts"}],"about":[{"href":"https:\/\/portalcatolico.net\/portal\/wp-json\/wp\/v2\/types\/post"}],"author":[{"embeddable":true,"href":"https:\/\/portalcatolico.net\/portal\/wp-json\/wp\/v2\/users\/2"}],"replies":[{"embeddable":true,"href":"https:\/\/portalcatolico.net\/portal\/wp-json\/wp\/v2\/comments?post=72839"}],"version-history":[{"count":1,"href":"https:\/\/portalcatolico.net\/portal\/wp-json\/wp\/v2\/posts\/72839\/revisions"}],"predecessor-version":[{"id":72841,"href":"https:\/\/portalcatolico.net\/portal\/wp-json\/wp\/v2\/posts\/72839\/revisions\/72841"}],"wp:featuredmedia":[{"embeddable":true,"href":"https:\/\/portalcatolico.net\/portal\/wp-json\/wp\/v2\/media\/72840"}],"wp:attachment":[{"href":"https:\/\/portalcatolico.net\/portal\/wp-json\/wp\/v2\/media?parent=72839"}],"wp:term":[{"taxonomy":"category","embeddable":true,"href":"https:\/\/portalcatolico.net\/portal\/wp-json\/wp\/v2\/categories?post=72839"},{"taxonomy":"post_tag","embeddable":true,"href":"https:\/\/portalcatolico.net\/portal\/wp-json\/wp\/v2\/tags?post=72839"}],"curies":[{"name":"wp","href":"https:\/\/api.w.org\/{rel}","templated":true}]}}