{"id":72828,"date":"2021-07-09T18:15:26","date_gmt":"2021-07-09T21:15:26","guid":{"rendered":"http:\/\/portalcatolico.net\/portal\/?p=72828"},"modified":"2021-07-11T09:16:15","modified_gmt":"2021-07-11T12:16:15","slug":"continua-em-itabuna-o-novenario-de-santa-maria-goretti-2","status":"publish","type":"post","link":"https:\/\/portalcatolico.net\/portal\/continua-em-itabuna-o-novenario-de-santa-maria-goretti-2\/","title":{"rendered":"Continua em Itabuna, o Noven\u00e1rio de Santa Maria Goretti!"},"content":{"rendered":"<div>Nesta quinta-feira, 08\/07, foi realizada a s\u00e9tima noite do Noven\u00e1rio que celebra Santa Maria Goretti, com a presid\u00eancia do Padre Everton Francisco.<\/div>\n<div>A noite teve como subtema: &#8220;No Calv\u00e1rio do desemprego, da fome e da desola\u00e7\u00e3o, com Santa Maria Goretti, nos motivamos a esperan\u00e7a da caridad, da solidariedade e da fraternidade!&#8221;<\/div>\n<div>&nbsp;Dentre os homenageados da noite, estava este Portal Cat\u00f3lico de Not\u00edcias, que aproveita este espa\u00e7o, para agradecer a homenagem.<\/div>\n<div>A par\u00f3quia fica situada no bairro Mangabinha, em Itabuna (BA).&nbsp;&nbsp;Devido as restri\u00e7\u00f5es da pandemia do<\/div>\n<div>coronav\u00edrus, o n\u00famero de fieis presentes na igreja, est\u00e1 sendo limitado.&nbsp;<\/div>\n<div>Voc\u00ea, devota ou&nbsp;devoto de&nbsp;<span class=\"v1markej2fxyac3\">Santa<\/span>&nbsp;<span class=\"v1markygbecmmuc\">Maria<\/span>&nbsp;<span class=\"v1markcd67obyr3\">Goretti<\/span>, pode acompanhar tudo, ao vivo, pelas redes&nbsp;sociais da par\u00f3quia, no link:<br \/>\n<a href=\"https:\/\/www.youtube.com\/results?search_query=paroquia+santa+maria+goretti+itabuna\" target=\"_blank\" rel=\"noopener noreferrer\">https:\/\/www.youtube.com\/results?search_query=paroquia+<span class=\"v1markej2fxyac3\">santa<\/span>+<span class=\"v1markygbecmmuc\">maria<\/span>+<span class=\"v1markcd67obyr3\">goretti<\/span>+itabuna<\/a>.<\/div>\n<div>&nbsp;A programa\u00e7\u00e3o segue at\u00e9 o dia 11\/07, com santa missa e carreata pelas ruas do bairro.<\/div>\n<div>Participe!<\/div>\n<div><a href=\"http:\/\/portalcatolico.net\/portal\/wp-content\/uploads\/2021\/07\/Noven\u00e1rio2021.pdf\">Noven\u00e1rio2021<\/a><\/div>\n","protected":false},"excerpt":{"rendered":"<p>Nesta quinta-feira, 08\/07, foi realizada a s\u00e9tima noite do Noven\u00e1rio que celebra Santa Maria Goretti, com a presid\u00eancia do Padre Everton Francisco. A noite teve como subtema: &#8220;No Calv\u00e1rio do desemprego, da fome e da desola\u00e7\u00e3o, com Santa Maria Goretti, nos motivamos a esperan\u00e7a da caridad, da solidariedade e da fraternidade!&#8221; &nbsp;Dentre os homenageados da&nbsp;<\/p>\n<p><a class=\"btn btn-style\" href=\"https:\/\/portalcatolico.net\/portal\/continua-em-itabuna-o-novenario-de-santa-maria-goretti-2\/\">Continue Reading<\/a><\/p>\n","protected":false},"author":2,"featured_media":72758,"comment_status":"open","ping_status":"open","sticky":false,"template":"","format":"standard","meta":{"footnotes":""},"categories":[4],"tags":[],"class_list":["post-72828","post","type-post","status-publish","format-standard","has-post-thumbnail","hentry","category-destaques"],"_links":{"self":[{"href":"https:\/\/portalcatolico.net\/portal\/wp-json\/wp\/v2\/posts\/72828","targetHints":{"allow":["GET"]}}],"collection":[{"href":"https:\/\/portalcatolico.net\/portal\/wp-json\/wp\/v2\/posts"}],"about":[{"href":"https:\/\/portalcatolico.net\/portal\/wp-json\/wp\/v2\/types\/post"}],"author":[{"embeddable":true,"href":"https:\/\/portalcatolico.net\/portal\/wp-json\/wp\/v2\/users\/2"}],"replies":[{"embeddable":true,"href":"https:\/\/portalcatolico.net\/portal\/wp-json\/wp\/v2\/comments?post=72828"}],"version-history":[{"count":2,"href":"https:\/\/portalcatolico.net\/portal\/wp-json\/wp\/v2\/posts\/72828\/revisions"}],"predecessor-version":[{"id":72834,"href":"https:\/\/portalcatolico.net\/portal\/wp-json\/wp\/v2\/posts\/72828\/revisions\/72834"}],"wp:featuredmedia":[{"embeddable":true,"href":"https:\/\/portalcatolico.net\/portal\/wp-json\/wp\/v2\/media\/72758"}],"wp:attachment":[{"href":"https:\/\/portalcatolico.net\/portal\/wp-json\/wp\/v2\/media?parent=72828"}],"wp:term":[{"taxonomy":"category","embeddable":true,"href":"https:\/\/portalcatolico.net\/portal\/wp-json\/wp\/v2\/categories?post=72828"},{"taxonomy":"post_tag","embeddable":true,"href":"https:\/\/portalcatolico.net\/portal\/wp-json\/wp\/v2\/tags?post=72828"}],"curies":[{"name":"wp","href":"https:\/\/api.w.org\/{rel}","templated":true}]}}