{"id":72824,"date":"2021-07-07T18:55:03","date_gmt":"2021-07-07T21:55:03","guid":{"rendered":"http:\/\/portalcatolico.net\/portal\/?p=72824"},"modified":"2021-07-07T18:56:55","modified_gmt":"2021-07-07T21:56:55","slug":"padroeira-da-colombia-sera-entronizada-nos-jardins-do-vaticano","status":"publish","type":"post","link":"https:\/\/portalcatolico.net\/portal\/padroeira-da-colombia-sera-entronizada-nos-jardins-do-vaticano\/","title":{"rendered":"Padroeira da Col\u00f4mbia ser\u00e1 entronizada nos Jardins do Vaticano"},"content":{"rendered":"<p><em>Uma imagem de Nossa Senhora do Ros\u00e1rio de Chiquinquir\u00e1 estar\u00e1 presente nos Jardins do Vaticano em cerim\u00f4nia de entroniza\u00e7\u00e3o marcada para a pr\u00f3xima sexta-feira (9). Ela vem a se somar a outras express\u00f5es marianas no local, como a pr\u00f3pria Nossa Senhora Aparecida, padroeira do Brasil<\/em><\/p>\n<p>Gra\u00e7as \u00e0 iniciativa da Embaixada da Col\u00f4mbia junto \u00e0 Santa S\u00e9 e dos frades dominicanos da Prov\u00edncia de San Luis Bertr\u00e1n, daquele pa\u00eds, e com pedido aceito pelo Governatorato do Estado da Cidade do Vaticano, uma c\u00f3pia da imagem da padroeira da Col\u00f4mbia, a Virgem de Chiquinquir\u00e1, ser\u00e1 entronizada nos Jardins do Vaticano. A cerim\u00f4nia est\u00e1 marcada para \u00e0s 11h locais da pr\u00f3xima sexta-feira, 9 de julho, dia em que se comemoram os 102 anos de sua coroa\u00e7\u00e3o can\u00f4nica.<\/p>\n<p>Os frades dominicanos da Prov\u00edncia de San Luis Bertr\u00e1n se manifestaram sobre o momento de devo\u00e7\u00e3o colombiana e escreveram: &#8220;nestes tempos, em que a Col\u00f4mbia est\u00e1 passando por uma s\u00e9rie de eventos sociais que desafiam a estabilidade pol\u00edtica, o modelo econ\u00f4mico e o futuro das nossas institui\u00e7\u00f5es &#8211; situa\u00e7\u00f5es pelas quais o pr\u00f3prio Papa Francisco nos convidou a rezar, entronizar a c\u00f3pia da imagem da Virgem de Chiquinquir\u00e1 nos Jardins do Vaticano \u00e9 um sinal que nos chama a trabalhar em comunh\u00e3o pelo bem-estar e justi\u00e7a social que a Col\u00f4mbia exige&#8221;.<\/p>\n<p>A imagem emblem\u00e1tica do pa\u00eds ser\u00e1 exposta junto a outras famosas express\u00f5es marianas da Am\u00e9rica Latina, como a pr\u00f3pria Nossa Senhora Aparecida, padroeira do Brasil; a Virgen del Quinche, padroeira do Equador; a Nossa Senhora de Guadalupe, padroeira do M\u00e9xico; aquela de Luj\u00e1n, da Argentina; e a mais recente, a Virgen del Carmen, padroeira do Chile.<br \/>\n&nbsp;Com informa\u00e7\u00f5es da Ag\u00eancia de Not\u00edcias SIR<br \/>\nFoto: Reprodu\u00e7\u00e3o \/ Vatican News<\/p>\n","protected":false},"excerpt":{"rendered":"<p>Uma imagem de Nossa Senhora do Ros\u00e1rio de Chiquinquir\u00e1 estar\u00e1 presente nos Jardins do Vaticano em cerim\u00f4nia de entroniza\u00e7\u00e3o marcada para a pr\u00f3xima sexta-feira (9). Ela vem a se somar a outras express\u00f5es marianas no local, como a pr\u00f3pria Nossa Senhora Aparecida, padroeira do Brasil Gra\u00e7as \u00e0 iniciativa da Embaixada da Col\u00f4mbia junto \u00e0 Santa&nbsp;<\/p>\n<p><a class=\"btn btn-style\" href=\"https:\/\/portalcatolico.net\/portal\/padroeira-da-colombia-sera-entronizada-nos-jardins-do-vaticano\/\">Continue Reading<\/a><\/p>\n","protected":false},"author":2,"featured_media":72825,"comment_status":"open","ping_status":"open","sticky":false,"template":"","format":"standard","meta":{"footnotes":""},"categories":[5],"tags":[],"class_list":["post-72824","post","type-post","status-publish","format-standard","has-post-thumbnail","hentry","category-igreja_no_mundo"],"_links":{"self":[{"href":"https:\/\/portalcatolico.net\/portal\/wp-json\/wp\/v2\/posts\/72824","targetHints":{"allow":["GET"]}}],"collection":[{"href":"https:\/\/portalcatolico.net\/portal\/wp-json\/wp\/v2\/posts"}],"about":[{"href":"https:\/\/portalcatolico.net\/portal\/wp-json\/wp\/v2\/types\/post"}],"author":[{"embeddable":true,"href":"https:\/\/portalcatolico.net\/portal\/wp-json\/wp\/v2\/users\/2"}],"replies":[{"embeddable":true,"href":"https:\/\/portalcatolico.net\/portal\/wp-json\/wp\/v2\/comments?post=72824"}],"version-history":[{"count":1,"href":"https:\/\/portalcatolico.net\/portal\/wp-json\/wp\/v2\/posts\/72824\/revisions"}],"predecessor-version":[{"id":72826,"href":"https:\/\/portalcatolico.net\/portal\/wp-json\/wp\/v2\/posts\/72824\/revisions\/72826"}],"wp:featuredmedia":[{"embeddable":true,"href":"https:\/\/portalcatolico.net\/portal\/wp-json\/wp\/v2\/media\/72825"}],"wp:attachment":[{"href":"https:\/\/portalcatolico.net\/portal\/wp-json\/wp\/v2\/media?parent=72824"}],"wp:term":[{"taxonomy":"category","embeddable":true,"href":"https:\/\/portalcatolico.net\/portal\/wp-json\/wp\/v2\/categories?post=72824"},{"taxonomy":"post_tag","embeddable":true,"href":"https:\/\/portalcatolico.net\/portal\/wp-json\/wp\/v2\/tags?post=72824"}],"curies":[{"name":"wp","href":"https:\/\/api.w.org\/{rel}","templated":true}]}}