{"id":72814,"date":"2021-07-06T20:10:58","date_gmt":"2021-07-06T23:10:58","guid":{"rendered":"http:\/\/portalcatolico.net\/portal\/?p=72814"},"modified":"2021-07-06T20:11:51","modified_gmt":"2021-07-06T23:11:51","slug":"continua-em-itabuna-o-novenario-de-santa-maria-goretti","status":"publish","type":"post","link":"https:\/\/portalcatolico.net\/portal\/continua-em-itabuna-o-novenario-de-santa-maria-goretti\/","title":{"rendered":"Continua em Itabuna, o noven\u00e1rio de Santa Maria Goretti!"},"content":{"rendered":"<div class=\"v1PlainText\">Nesta ter\u00e7a-feira, 06\/07, foi realizada a quarta noite do noven\u00e1rio em honra a Santa Maria Goretti. A celebra\u00e7\u00e3o teve como celebrante, o Padre Francisco de Paulo, CP.&nbsp;<\/div>\n<div class=\"v1PlainText\">Os preparativos tiveram in\u00edcio no dia 1 e seguem at\u00e9 domingo, 11 de julho.&nbsp;<\/div>\n<div class=\"v1PlainText\" dir=\"auto\">A par\u00f3quia de Santa Maria Goretti fica situada no bairro Mangabinha, cidade de Itabuna, no sul da Bahia.<\/div>\n<div class=\"v1PlainText\">&nbsp;Devido as restri\u00e7\u00f5es da pandemia do coronav\u00edrus, os n\u00fameros de fieis est\u00e3o sendo restritos na igreja.&nbsp;<\/div>\n<div class=\"v1PlainText\">Voc\u00ea, devota ou devoto de Santa Maria Goretti, pode acompanhar tudo ao vivo, pelas m\u00eddias<br \/>\nsociais da par\u00f3quia, no link abaixo:<br \/>\n<a href=\"https:\/\/www.youtube.com\/results?search_query=paroquia+santa+maria+goretti+itabuna\" target=\"_blank\" rel=\"noopener noreferrer\">https:\/\/www.youtube.com\/results?search_query=paroquia+santa+maria+goretti+itabuna<\/a><\/div>\n<div>Foto: Divulga\u00e7\u00e3o\/Internet<\/div>\n","protected":false},"excerpt":{"rendered":"<p>Nesta ter\u00e7a-feira, 06\/07, foi realizada a quarta noite do noven\u00e1rio em honra a Santa Maria Goretti. A celebra\u00e7\u00e3o teve como celebrante, o Padre Francisco de Paulo, CP.&nbsp; Os preparativos tiveram in\u00edcio no dia 1 e seguem at\u00e9 domingo, 11 de julho.&nbsp; A par\u00f3quia de Santa Maria Goretti fica situada no bairro Mangabinha, cidade de Itabuna,&nbsp;<\/p>\n<p><a class=\"btn btn-style\" href=\"https:\/\/portalcatolico.net\/portal\/continua-em-itabuna-o-novenario-de-santa-maria-goretti\/\">Continue Reading<\/a><\/p>\n","protected":false},"author":2,"featured_media":72758,"comment_status":"open","ping_status":"open","sticky":false,"template":"","format":"standard","meta":{"footnotes":""},"categories":[4],"tags":[],"class_list":["post-72814","post","type-post","status-publish","format-standard","has-post-thumbnail","hentry","category-destaques"],"_links":{"self":[{"href":"https:\/\/portalcatolico.net\/portal\/wp-json\/wp\/v2\/posts\/72814","targetHints":{"allow":["GET"]}}],"collection":[{"href":"https:\/\/portalcatolico.net\/portal\/wp-json\/wp\/v2\/posts"}],"about":[{"href":"https:\/\/portalcatolico.net\/portal\/wp-json\/wp\/v2\/types\/post"}],"author":[{"embeddable":true,"href":"https:\/\/portalcatolico.net\/portal\/wp-json\/wp\/v2\/users\/2"}],"replies":[{"embeddable":true,"href":"https:\/\/portalcatolico.net\/portal\/wp-json\/wp\/v2\/comments?post=72814"}],"version-history":[{"count":2,"href":"https:\/\/portalcatolico.net\/portal\/wp-json\/wp\/v2\/posts\/72814\/revisions"}],"predecessor-version":[{"id":72816,"href":"https:\/\/portalcatolico.net\/portal\/wp-json\/wp\/v2\/posts\/72814\/revisions\/72816"}],"wp:featuredmedia":[{"embeddable":true,"href":"https:\/\/portalcatolico.net\/portal\/wp-json\/wp\/v2\/media\/72758"}],"wp:attachment":[{"href":"https:\/\/portalcatolico.net\/portal\/wp-json\/wp\/v2\/media?parent=72814"}],"wp:term":[{"taxonomy":"category","embeddable":true,"href":"https:\/\/portalcatolico.net\/portal\/wp-json\/wp\/v2\/categories?post=72814"},{"taxonomy":"post_tag","embeddable":true,"href":"https:\/\/portalcatolico.net\/portal\/wp-json\/wp\/v2\/tags?post=72814"}],"curies":[{"name":"wp","href":"https:\/\/api.w.org\/{rel}","templated":true}]}}