{"id":72811,"date":"2021-07-06T19:37:57","date_gmt":"2021-07-06T22:37:57","guid":{"rendered":"http:\/\/portalcatolico.net\/portal\/?p=72811"},"modified":"2021-07-06T19:37:57","modified_gmt":"2021-07-06T22:37:57","slug":"papa-francisco-tem-recuperacao-regular-cafe-da-manha-e-caminhada","status":"publish","type":"post","link":"https:\/\/portalcatolico.net\/portal\/papa-francisco-tem-recuperacao-regular-cafe-da-manha-e-caminhada\/","title":{"rendered":"Papa Francisco tem recupera\u00e7\u00e3o regular: caf\u00e9 da manh\u00e3 e caminhada"},"content":{"rendered":"<p><em>O boletim de 6 de julho: Francisco repousou bem durante a noite e esta manh\u00e3 leu alguns jornais. Os resultados dos exames de controle de rotina s\u00e3o bons<\/em><\/p>\n<p>A convalesc\u00eancia do Papa segue regularmente, segundo o diretor da Sala de Imprensa da Santa S\u00e9, Matteo Bruni. Francisco foi internado domingo \u00e0 tarde no Hospital Gemelli de Roma para uma opera\u00e7\u00e3o no c\u00f3lon.&nbsp;<\/p>\n<p>\u201cSua Santidade Papa Francisco \u2013 l\u00ea-se no comunicado \u2013 repousou bem durante a noite. Ao acordar, tomou caf\u00e9 da manh\u00e3, leu alguns jornais e se levantou para caminhar.\u201d<\/p>\n<p>\u201cO per\u00edodo p\u00f3s-operat\u00f3rio \u00e9 regular. Os exames de controle de rotina s\u00e3o bons\u201d \u2013 acrescentou Bruni com base nas indica\u00e7\u00f5es dos m\u00e9dicos que cuidam do Pont\u00edfice.\u201d<\/p>\n<p>Com Vatican News<br \/>\nFoto: Reprodu\u00e7\u00e3o \/ Vatican News<\/p>\n","protected":false},"excerpt":{"rendered":"<p>O boletim de 6 de julho: Francisco repousou bem durante a noite e esta manh\u00e3 leu alguns jornais. Os resultados dos exames de controle de rotina s\u00e3o bons A convalesc\u00eancia do Papa segue regularmente, segundo o diretor da Sala de Imprensa da Santa S\u00e9, Matteo Bruni. Francisco foi internado domingo \u00e0 tarde no Hospital Gemelli&nbsp;<\/p>\n<p><a class=\"btn btn-style\" href=\"https:\/\/portalcatolico.net\/portal\/papa-francisco-tem-recuperacao-regular-cafe-da-manha-e-caminhada\/\">Continue Reading<\/a><\/p>\n","protected":false},"author":2,"featured_media":72812,"comment_status":"open","ping_status":"open","sticky":false,"template":"","format":"standard","meta":{"footnotes":""},"categories":[5],"tags":[],"class_list":["post-72811","post","type-post","status-publish","format-standard","has-post-thumbnail","hentry","category-igreja_no_mundo"],"_links":{"self":[{"href":"https:\/\/portalcatolico.net\/portal\/wp-json\/wp\/v2\/posts\/72811","targetHints":{"allow":["GET"]}}],"collection":[{"href":"https:\/\/portalcatolico.net\/portal\/wp-json\/wp\/v2\/posts"}],"about":[{"href":"https:\/\/portalcatolico.net\/portal\/wp-json\/wp\/v2\/types\/post"}],"author":[{"embeddable":true,"href":"https:\/\/portalcatolico.net\/portal\/wp-json\/wp\/v2\/users\/2"}],"replies":[{"embeddable":true,"href":"https:\/\/portalcatolico.net\/portal\/wp-json\/wp\/v2\/comments?post=72811"}],"version-history":[{"count":1,"href":"https:\/\/portalcatolico.net\/portal\/wp-json\/wp\/v2\/posts\/72811\/revisions"}],"predecessor-version":[{"id":72813,"href":"https:\/\/portalcatolico.net\/portal\/wp-json\/wp\/v2\/posts\/72811\/revisions\/72813"}],"wp:featuredmedia":[{"embeddable":true,"href":"https:\/\/portalcatolico.net\/portal\/wp-json\/wp\/v2\/media\/72812"}],"wp:attachment":[{"href":"https:\/\/portalcatolico.net\/portal\/wp-json\/wp\/v2\/media?parent=72811"}],"wp:term":[{"taxonomy":"category","embeddable":true,"href":"https:\/\/portalcatolico.net\/portal\/wp-json\/wp\/v2\/categories?post=72811"},{"taxonomy":"post_tag","embeddable":true,"href":"https:\/\/portalcatolico.net\/portal\/wp-json\/wp\/v2\/tags?post=72811"}],"curies":[{"name":"wp","href":"https:\/\/api.w.org\/{rel}","templated":true}]}}