{"id":72808,"date":"2021-07-06T19:35:53","date_gmt":"2021-07-06T22:35:53","guid":{"rendered":"http:\/\/portalcatolico.net\/portal\/?p=72808"},"modified":"2021-07-06T19:35:53","modified_gmt":"2021-07-06T22:35:53","slug":"jmj-2023-cruz-e-icone-vao-percorrer-portugal-ja-a-partir-de-novembro","status":"publish","type":"post","link":"https:\/\/portalcatolico.net\/portal\/jmj-2023-cruz-e-icone-vao-percorrer-portugal-ja-a-partir-de-novembro\/","title":{"rendered":"JMJ 2023: Cruz e \u00cdcone v\u00e3o percorrer Portugal j\u00e1 a partir de novembro"},"content":{"rendered":"<div class=\"article__subTitle\">Angola vai receber os s\u00edmbolos da JMJ j\u00e1 em julho e agosto. Seguem-se Espanha e Pol\u00f3nia nos meses seguintes. A prepara\u00e7\u00e3o para o grande encontro da juventude de 2023 ganha cada vez mais ritmo.<\/div>\n<div>&nbsp;<\/div>\n<div class=\"title__separator\">Os s\u00edmbolos da Jornada Mundial da Juventude (JMJ) 2023 j\u00e1 t\u00eam calend\u00e1rio para peregrinarem em Portugal. Segundo divulgou a organiza\u00e7\u00e3o do evento, a Cruz peregrina e o \u00cdcone mariano \u201cSalus Populi Romani\u201d v\u00e3o percorrer as 21 dioceses do pa\u00eds entre novembro de 2021 e julho de 2023, permanecendo um m\u00eas em cada uma delas.<\/div>\n<div>\n<p><strong>Dioceses portuguesas acolhem s\u00edmbolos JMJ<\/strong><\/p>\n<p>A peregrina\u00e7\u00e3o seguir\u00e1 o seguinte itiner\u00e1rio nas dioceses portuguesas:<\/p>\n<p><u>Novembro 2021<\/u>: Diocese do Algarve<\/p>\n<p><u>Dezembro de 2021<\/u>: Diocese de Beja &nbsp;<\/p>\n<p><u>Janeiro 2022<\/u>: Diocese de \u00c9vora &nbsp;<\/p>\n<p><u>Fevereiro 2022<\/u>: Diocese de Portalegre-Castelo Branco<\/p>\n<p><u>Mar\u00e7o de 2022<\/u>: Diocese da Guarda &nbsp;<\/p>\n<p><u>Abril de 2022<\/u>: Diocese de Viseu &nbsp;<\/p>\n<p><u>Maio de 2022<\/u>: Diocese de Funchal &nbsp;<\/p>\n<p><u>Junho de 2022<\/u>: Diocese de Angra &nbsp;<\/p>\n<p><u>Julho de 2022<\/u>: Diocese de Lamego<\/p>\n<p><u>Agosto de 2022<\/u>: Diocese de Bragan\u00e7a-Miranda<\/p>\n<p><u>Setembro de 2022<\/u>: Diocese de Vila Real<\/p>\n<p><u>Outubro de 2022<\/u>: Diocese do Porto<\/p>\n<p><u>Novembro de 2022<\/u>: &nbsp;Diocese de Set\u00fabal &nbsp;<\/p>\n<p><u>Dezembro de 2022<\/u>: Diocese das For\u00e7as Armadas e Seguran\u00e7a<\/p>\n<p><u>Janeiro de 2023<\/u>: Diocese de Viana do Castelo<\/p>\n<p><u>Fevereiro de 2023<\/u>: Diocese de Braga &nbsp;<\/p>\n<p><u>Mar\u00e7o de 2023<\/u>: Diocese de Aveiro &nbsp;<\/p>\n<p><u>Abril de 2023<\/u>: Diocese de Coimbra<\/p>\n<p><u>Maio de 2023<\/u>: Diocese de Leiria-F\u00e1tima &nbsp;<\/p>\n<p><u>Junho de 2023<\/u>: Diocese de Santar\u00e9m &nbsp;<\/p>\n<p><u>Julho de 2023<\/u>: Diocese de Lisboa<\/p>\n<p><strong>Primeiro em Angola (8 julho \u2013 15 agosto)<\/strong><\/p>\n<p>Entretanto, antes da peregrina\u00e7\u00e3o em Portugal, os s\u00edmbolos da JMJ v\u00e3o peregrinar em Angola de 8 de julho a 15 de agosto deste ano de 2021. Prevista tamb\u00e9m a peregrina\u00e7\u00e3o em Espanha e na Pol\u00f3nia nos meses de setembro e outubro. \u201cDatas a anunciar brevemente\u201d \u2013 refere a organiza\u00e7\u00e3o da JMJ Lisboa 2023 em comunicado.&nbsp;<\/p>\n<p>De destacar ainda que entre os dias 4 e 7 de agosto de 2022 a Cruz e o \u00cdcone v\u00e3o estar presentes na Peregrina\u00e7\u00e3o Europeia de Jovens, em Santiago de Compostela.<\/p>\n<p>Os s\u00edmbolos da JMJ s\u00e3o anunciadores do Evangelho peregrinando com os jovens.<\/p>\n<p><strong>A Cruz peregrina e o \u00cdcone mariano<\/strong><\/p>\n<p>Com quase 4 metros de altura, a Cruz peregrina constru\u00edda para o Ano Santo de 1983, foi confiada pelo Papa S. Jo\u00e3o Paulo II aos jovens. A partir da\u00ed j\u00e1 percorreu os cinco continentes e quase 90 pa\u00edses. Um verdadeiro sinal de esperan\u00e7a. Esteve em 1985 em Praga, na Rep\u00fablica Checa, em tempos de divis\u00e3o na Europa, marcou presen\u00e7a no Ground Zero em Nova Iorque no local dos ataques terroristas de 2001 e esteve no Ruanda em \u00c1frica em 2006 depois do pa\u00eds ter sido assolado pela guerra civil.<\/p>\n<p>Desde o ano 2000 que a Cruz peregrina conta com a companhia do \u00edcone \u201cSalus Populi Romani\u201d que retrata a Virgem Maria com o Menino Jesus nos bra\u00e7os. Com cerca de 1,20 metros de altura, este \u00edcone est\u00e1 associado a uma das mais populares devo\u00e7\u00f5es marianas em Roma. O Papa Francisco visita-o, deixando-lhe um ramo de flores, sempre que parte ou regressa de uma viagem apost\u00f3lica.<\/p>\n<p><strong>Grandes sonhos de miseric\u00f3rdia<\/strong><\/p>\n<p>Foi no domingo 22 de novembro de 2020, na Solenidade de Cristo Rei, que os jovens portugueses receberam em Roma das m\u00e3os do Papa Francisco os s\u00edmbolos da Jornada Mundial da Juventude.<\/p>\n<p>Na sua homilia na Missa celebrada na Bas\u00edlica de S. Pedro, o Santo Padre exortou os jovens a n\u00e3o renunciarem aos \u201cgrandes sonhos\u201d. Francisco pediu aos jovens para serem \u201ccapazes de sonhar\u201d e abra\u00e7arem as \u201cobras de miseric\u00f3rdia\u201d:<\/p>\n<p>\u201cQueridos jovens, queridos irm\u00e3os e irm\u00e3s, n\u00e3o renunciemos aos&nbsp;<i>grandes sonhos<\/i>. N\u00e3o nos contentemos com o que \u00e9 devido. O Senhor n\u00e3o quer que restrinjamos os horizontes, n\u00e3o nos quer estacionados nas margens da vida, mas correndo para metas altas, com j\u00fabilo e ousadia. N\u00e3o fomos feitos para sonhar as f\u00e9rias ou os fins-de-semana, mas para realizar os sonhos de Deus neste mundo. Ele tornou-nos capazes de sonhar, para abra\u00e7ar a beleza da vida. E as obras de miseric\u00f3rdia s\u00e3o as obras mais belas da vida. Se tens sonhos de verdadeira gl\u00f3ria \u2013 n\u00e3o da gl\u00f3ria passageira do mundo, mas da gl\u00f3ria de Deus \u2013, esta \u00e9 a estrada; porque as obras de miseric\u00f3rdia d\u00e3o mais gl\u00f3ria a Deus do que qualquer outra coisa\u201d \u2013 disse Francisco.<\/p>\n<p>\u201cA op\u00e7\u00e3o di\u00e1ria situa-se aqui: escolher entre o que me apetece fazer e o que me faz bem. Desta busca interior, podem nascer escolhas banais ou escolhas de vida. Depende de n\u00f3s. Olhemos para Jesus, pe\u00e7amos-Lhe a coragem de escolher o que nos faz bem, de caminhar atr\u00e1s d\u2019Ele pela via do amor e encontrar a alegria\u201d \u2013 afirmou o Papa.<\/p>\n<p><strong>Levar Jesus e Maria a todos<\/strong><\/p>\n<p>Daniela Cal\u00e7as, uma jovem de 26 anos da Par\u00f3quia do Parque das Na\u00e7\u00f5es da diocese de Lisboa, esteve presente em Roma e revelou \u00e0 R\u00e1dio Vaticano a import\u00e2ncia da presen\u00e7a dos s\u00edmbolos da JMJ em Portugal:<\/p>\n<p>\u201cEstar junto do Papa foi um sonho tornado realidade e quero muito que a alegria imensa que senti naqueles dias e que ainda sinto continue a ser partilhada com todos os que n\u00e3o puderam l\u00e1 estar fisicamente. E a peregrina\u00e7\u00e3o dos s\u00edmbolos ser\u00e1 o momento certo para partilharmos esta alegria. O encontro com a Cruz e o \u00cdcone de Maria \u00e9 um passo importante para que n\u00e3o tenhamos d\u00favidas de que vivermos este sonho da JMJ no nosso pa\u00eds vai mesmo acontecer! Desejo que a presen\u00e7a dos s\u00edmbolos nas nossas dioceses seja um impulso para que n\u00f3s jovens levemos Jesus e Maria a todos sem medos e sem vergonhas.\u201d<\/p>\n<p>A partir do pr\u00f3ximo m\u00eas de novembro a Cruz peregrina e o \u00cdcone mariano v\u00e3o percorrer Portugal at\u00e9 2023. No imediato em julho e agosto os s\u00edmbolos da JMJ v\u00e3o estar em Angola. Seguem-se Espanha e Pol\u00f3nia nos meses seguintes. A prepara\u00e7\u00e3o para o grande encontro de juventude de 2023 ganha cada vez mais ritmo.<\/p>\n<p><i>Laudetur Iesus Christus<\/i><\/p>\n<\/div>\n<div class=\"article__text \">\n<p><b>Rui Saraiva \u2013 Portugal\/Vatican News<\/b><\/p>\n<\/div>\n","protected":false},"excerpt":{"rendered":"<p>Angola vai receber os s\u00edmbolos da JMJ j\u00e1 em julho e agosto. Seguem-se Espanha e Pol\u00f3nia nos meses seguintes. A prepara\u00e7\u00e3o para o grande encontro da juventude de 2023 ganha cada vez mais ritmo. &nbsp; Os s\u00edmbolos da Jornada Mundial da Juventude (JMJ) 2023 j\u00e1 t\u00eam calend\u00e1rio para peregrinarem em Portugal. Segundo divulgou a organiza\u00e7\u00e3o&nbsp;<\/p>\n<p><a class=\"btn btn-style\" href=\"https:\/\/portalcatolico.net\/portal\/jmj-2023-cruz-e-icone-vao-percorrer-portugal-ja-a-partir-de-novembro\/\">Continue Reading<\/a><\/p>\n","protected":false},"author":2,"featured_media":72809,"comment_status":"open","ping_status":"open","sticky":false,"template":"","format":"standard","meta":{"footnotes":""},"categories":[5],"tags":[],"class_list":["post-72808","post","type-post","status-publish","format-standard","has-post-thumbnail","hentry","category-igreja_no_mundo"],"_links":{"self":[{"href":"https:\/\/portalcatolico.net\/portal\/wp-json\/wp\/v2\/posts\/72808","targetHints":{"allow":["GET"]}}],"collection":[{"href":"https:\/\/portalcatolico.net\/portal\/wp-json\/wp\/v2\/posts"}],"about":[{"href":"https:\/\/portalcatolico.net\/portal\/wp-json\/wp\/v2\/types\/post"}],"author":[{"embeddable":true,"href":"https:\/\/portalcatolico.net\/portal\/wp-json\/wp\/v2\/users\/2"}],"replies":[{"embeddable":true,"href":"https:\/\/portalcatolico.net\/portal\/wp-json\/wp\/v2\/comments?post=72808"}],"version-history":[{"count":1,"href":"https:\/\/portalcatolico.net\/portal\/wp-json\/wp\/v2\/posts\/72808\/revisions"}],"predecessor-version":[{"id":72810,"href":"https:\/\/portalcatolico.net\/portal\/wp-json\/wp\/v2\/posts\/72808\/revisions\/72810"}],"wp:featuredmedia":[{"embeddable":true,"href":"https:\/\/portalcatolico.net\/portal\/wp-json\/wp\/v2\/media\/72809"}],"wp:attachment":[{"href":"https:\/\/portalcatolico.net\/portal\/wp-json\/wp\/v2\/media?parent=72808"}],"wp:term":[{"taxonomy":"category","embeddable":true,"href":"https:\/\/portalcatolico.net\/portal\/wp-json\/wp\/v2\/categories?post=72808"},{"taxonomy":"post_tag","embeddable":true,"href":"https:\/\/portalcatolico.net\/portal\/wp-json\/wp\/v2\/tags?post=72808"}],"curies":[{"name":"wp","href":"https:\/\/api.w.org\/{rel}","templated":true}]}}